{"id":10179,"date":"2021-03-11T14:31:44","date_gmt":"2021-03-11T13:31:44","guid":{"rendered":"https:\/\/www.n-town.de\/glubbblog\/?p=10179"},"modified":"2021-03-12T18:58:16","modified_gmt":"2021-03-12T17:58:16","slug":"der-krisen-glubb-folgt-die-naechste-drama-saison","status":"publish","type":"post","link":"https:\/\/www.n-town.de\/glubbblog\/index.php\/archives\/glubb-news\/10179-der-krisen-glubb-folgt-die-naechste-drama-saison.html","title":{"rendered":"Der Krisen-Glubb: Folgt die n\u00e4chste Drama-Saison?"},"content":{"rendered":"<div id=\"attachment_10181\" style=\"width: 361px\" class=\"wp-caption alignleft\"><img aria-describedby=\"caption-attachment-10181\" loading=\"lazy\" class=\"alignleft wp-image-10181\" src=\"https:\/\/www.n-town.de\/glubbblog\/wp-content\/uploads\/2021\/03\/img_1169.png\" width=\"351\" height=\"263\" srcset=\"https:\/\/www.n-town.de\/glubbblog\/wp-content\/uploads\/2021\/03\/img_1169.png 500w, https:\/\/www.n-town.de\/glubbblog\/wp-content\/uploads\/2021\/03\/img_1169-300x225.png 300w\" sizes=\"(max-width: 351px) 100vw, 351px\" \/><p id=\"caption-attachment-10181\" class=\"wp-caption-text\">0:3 gegen Hannover<\/p><\/div>\n<p>Was haben wir nicht gejubelt im Sommer! Der &#8220;Kelch&#8221; des <em>Corona-Absteigers<\/em> ist gerade noch so an uns vorbeigezogen. &#8220;<em>Fabian Schleusener! Baut ihm ein Denkmal!<\/em>&#8221; fabulierte der Kommentator des FCN-Fanradios in der Schlussphase des &#8220;Sieges bei der 1:3-Niederlage&#8221; in Ingolstadt. Der Klassenerhalt beschert uns 18 Millionen, die in der 3. Liga gefehlt h\u00e4tten. Das Aus des Ruhmreichen abgewendet! Alles wunderbar, diese Fehler machen wir nicht noch einmal, wir haben dazugelernt und neue Fachleute an den Valznerweiher geholt.<\/p>\n<p>Genau ein Jahr sp\u00e4ter sind wir wieder in der gleichen Situation: Die Mannschaft kriegts nicht gebacken, h\u00f6rt aber von allen Seiten, dass Sie eigentlich zu gut ist! Dazu kommt ein schier unfassbares Verletzungspech, das unsere Offensive in einem Ausma\u00df trifft, dass an den gro\u00dfen <a href=\"https:\/\/www.nordbayern.de\/sport\/torwart-drama-beim-club-lukse-erleidet-muskelfaserriss-1.9506524\" target=\"_blank\" rel=\"noopener\">Torwartausfall mit 4 verletzten Torh\u00fctern<\/a> erinnert. Wo? Nat\u00fcrlich in N\u00fcrnberg beim Glubb.<\/p>\n<p>Da wir Glubberer ja meist gerne zur\u00fcckblicken und hier oft Vergleiche ziehen, blicken wir zur Einsch\u00e4tzung der aktuellen (prek\u00e4ren) Lage auf die Vorsaison, wie ich ja schon\u00a0<a href=\"https:\/\/www.n-town.de\/glubbblog\/index.php\/archives\/glubb-live\/10167-duesseldorf-fcn-31-zu-viele-fehler-beschenken-die-fortuna.html\" target=\"_blank\" rel=\"noopener\">nach der Niederlage in D\u00fcsseldorf<\/a> begonnen habe:<\/p>\n<blockquote><p><em>Vor einem Jahr \u00fcbrigens w\u00e4hnten wir uns gerettet, als wir\u00a0<a href=\"https:\/\/www.n-town.de\/glubbblog\/index.php\/archives\/glubb-live\/9750-ksc-fcn-01-heute-mal-schiri-glueck-aber-man-haette-nicht-zittern-muessen.html\" target=\"_blank\" rel=\"noopener\">1:0 in Karlsruhe gewannen<\/a>\u00a0und 5 Punkte Vorsprung auf den Relegationsplatz hatten! Dies nur als Warnung!<\/em><\/p><\/blockquote>\n<p>Zum jetzigen Vorsprung sei aber gesagt, dass hier die Mannschaft auf dem Relegationsplatz ein Spiel weniger hat. Gewinnt Osnabr\u00fcck gegen Regensburg, haben wir nur noch 3 Punkte Vorsprung auf Braunschweig, die dann auf den 16. Platz rutschen. Also es ist mal wieder extrem eng f\u00fcr den 1.FC N\u00fcrnberg und alles sieht wieder so aus wie im letzten Jahr&#8230; wirklich?<\/p>\n<p>Schauen wir doch mal genauer auf die letzte Saison. Nach dem Sieg beim KSC gab es folgende Ergebnisse aus der Sicht des FCN:<\/p>\n<p><em><strong>0:3 H96, 0:1 Pauli, 1:1 Aue, 2:2 Rbg, 0:0 Boch, 1:1 DSC, 0:1 F\u00fc, 6:0 Wiesbaden, 0:6 Stuttgart, 1:1 Kiel<\/strong><\/em><\/p>\n<p>Das Problem im letzten Jahr war, dass nach dem jetzigen Zeitpunkt nur noch 7 Punkte geholt wurden. Ehrlich gesagt war mir nur noch das &#8220;<em>0:6 nach dem 6:0<\/em>&#8221; im Kopf!<\/p>\n<p>Eine Ausbeute von sieben Punkten erg\u00e4be 34 Punkte. Das w\u00e4re auch in dieser Saison zu wenig!!<\/p>\n<p>Das ist das Restprogramm der FCN:<\/p>\n<p>H <strong>Osnabr\u00fcck<\/strong>, A <strong>F\u00fcrth<\/strong>, H <strong>Paderborn<\/strong>, A <strong>W\u00fcrzburg<\/strong>, H <strong>Kiel<\/strong>, A <strong>Aue<\/strong>, H <strong>Heidenheim<\/strong>, A <strong>Hamburg<\/strong>, H <strong>Bochum<\/strong>, A <strong>Hannover<\/strong><\/p>\n<p>Nicht nur der KaDepp-Podcast &#8220;schreit&#8221; es von den D\u00e4chern: Wir haben die ganzen &#8220;Brocken&#8221; dieser Liga noch vor uns. Und ich gehe hier weiter als Flo Zenge(r) (&#8220;<em>das r ist stumm<\/em>&#8220;), der meint dass die letzten 4 Spiele durchaus mit Null Punkten ablaufen k\u00f6nnten: Ich sage die letzten 6 Spiele!<\/p>\n<p>Was folgt daraus?<\/p>\n<p><em><strong>Der 1.FC N\u00fcrnberg MUSS die Heimspiele gegen Osnabr\u00fcck und Paderborn sowie das Ausw\u00e4rtsspiel in W\u00fcrzburg gewinnen!<\/strong><\/em><\/p>\n<p>Diese 9 Punkte sind das Mindeste! Auch um die Konkurrenz auf Distanz zu halten. Dann kann auch ab und an ein unerwartetes Unentschieden bei einem Favoriten was bringen&#8230;<\/p>\n<p>Ich wei\u00df, das ist alles sehr negativ, wie man es eigentlich vom &#8220;Durchhalteparolen-Glubb-Blog&#8221; nicht kennt. Aber so stellt sich f\u00fcr mich die Lage dar. Gewinnt der FCN am Sonntag gegen Osnabr\u00fcck, dann glaube ich haben es die Spieler begriffen. Geht das am Sonntag bereits schief, k\u00f6nnen wir wieder anfangen f\u00fcr ein Wunder zu beten.<\/p>\n<p>Am Sonntag z\u00e4hlt es! Es kommt eine VfL-Truppe, die<a href=\"https:\/\/www.kicker.de\/nuernberg-die-wichtige-frage-der-standards-799632\/artikel\" target=\"_blank\" rel=\"noopener\"> 9 Spiele in Folge verloren<\/a> hat und nun mit einem neuen Trainer kommt&#8230; Hoffen wir, dass der Glubb langsam zeigt, dass er sich ge\u00e4ndert hat und nicht mehr zielsicher auch wirklich JEDES Fettn\u00e4pfchen trifft.<\/p>\n<p>Wer wei\u00df, vielleicht wird meine als &#8220;<a href=\"https:\/\/www.n-town.de\/glubbblog\/index.php\/archives\/glubb-news\/10175-rebbe-lutionaere-these-will-hecking-wieder-trainer-sein.html\" target=\"_blank\" rel=\"noopener\">kleine Provokation gedachter Gedankengang<\/a>&#8221; doch noch Wirklichkeit&#8230;<\/p>\n<p>Eines der wichtigsten Spiele der Saison! Macht uns stolz auf Euch, FCN!<\/p>\n<p>Alles f\u00fcr rot-schwarz<\/p>\n","protected":false},"excerpt":{"rendered":"<p>Was haben wir nicht gejubelt im Sommer! Der &#8220;Kelch&#8221; des Corona-Absteigers ist gerade noch so an uns vorbeigezogen. &#8220;Fabian Schleusener! Baut ihm ein Denkmal!&#8221; fabulierte der Kommentator des FCN-Fanradios in der Schlussphase des &#8220;Sieges bei der 1:3-Niederlage&#8221; in Ingolstadt. Der Klassenerhalt beschert uns 18 Millionen, die in der 3. Liga gefehlt h\u00e4tten. Das Aus des [&hellip;]<\/p>\n","protected":false},"author":4,"featured_media":0,"comment_status":"open","ping_status":"open","sticky":false,"template":"","format":"standard","meta":{"spay_email":""},"categories":[6],"tags":[377,107,270],"jetpack_featured_media_url":"","yoast_head":"<!-- This site is optimized with the Yoast SEO plugin v18.3 - https:\/\/yoast.com\/wordpress\/plugins\/seo\/ -->\n<title>Der Krisen-Glubb: Folgt die n\u00e4chste Drama-Saison? - Glubb-Blog<\/title>\n<meta name=\"robots\" content=\"index, follow, max-snippet:-1, max-image-preview:large, max-video-preview:-1\" \/>\n<link rel=\"canonical\" href=\"https:\/\/www.n-town.de\/glubbblog\/index.php\/archives\/glubb-news\/10179-der-krisen-glubb-folgt-die-naechste-drama-saison.html\" \/>\n<meta property=\"og:locale\" content=\"de_DE\" \/>\n<meta property=\"og:type\" content=\"article\" \/>\n<meta property=\"og:title\" content=\"Der Krisen-Glubb: Folgt die n\u00e4chste Drama-Saison? - Glubb-Blog\" \/>\n<meta property=\"og:description\" content=\"Was haben wir nicht gejubelt im Sommer! Der &#8220;Kelch&#8221; des Corona-Absteigers ist gerade noch so an uns vorbeigezogen. &#8220;Fabian Schleusener! Baut ihm ein Denkmal!&#8221; fabulierte der Kommentator des FCN-Fanradios in der Schlussphase des &#8220;Sieges bei der 1:3-Niederlage&#8221; in Ingolstadt. Der Klassenerhalt beschert uns 18 Millionen, die in der 3. Liga gefehlt h\u00e4tten. Das Aus des [&hellip;]\" \/>\n<meta property=\"og:url\" content=\"https:\/\/www.n-town.de\/glubbblog\/index.php\/archives\/glubb-news\/10179-der-krisen-glubb-folgt-die-naechste-drama-saison.html\" \/>\n<meta property=\"og:site_name\" content=\"Glubb-Blog\" \/>\n<meta property=\"article:publisher\" content=\"https:\/\/www.facebook.com\/glubbblog\" \/>\n<meta property=\"article:published_time\" content=\"2021-03-11T13:31:44+00:00\" \/>\n<meta property=\"article:modified_time\" content=\"2021-03-12T17:58:16+00:00\" \/>\n<meta property=\"og:image\" content=\"https:\/\/www.n-town.de\/glubbblog\/wp-content\/uploads\/2021\/03\/img_1169.png\" \/>\n<meta name=\"twitter:card\" content=\"summary\" \/>\n<meta name=\"twitter:creator\" content=\"@glubb_blog_de\" \/>\n<meta name=\"twitter:site\" content=\"@glubb_blog_de\" \/>\n<meta name=\"twitter:label1\" content=\"Verfasst von\" \/>\n\t<meta name=\"twitter:data1\" content=\"Bomber Manolo\" \/>\n\t<meta name=\"twitter:label2\" content=\"Gesch\u00e4tzte Lesezeit\" \/>\n\t<meta name=\"twitter:data2\" content=\"3\u00a0Minuten\" \/>\n<script type=\"application\/ld+json\" class=\"yoast-schema-graph\">{\"@context\":\"https:\/\/schema.org\",\"@graph\":[{\"@type\":\"WebSite\",\"@id\":\"https:\/\/www.n-town.de\/glubbblog\/#website\",\"url\":\"https:\/\/www.n-town.de\/glubbblog\/\",\"name\":\"Glubb-Blog\",\"description\":\"Clubfans bei FCN-Ausw\u00e4rtsfahrten und Groundhopping\",\"potentialAction\":[{\"@type\":\"SearchAction\",\"target\":{\"@type\":\"EntryPoint\",\"urlTemplate\":\"https:\/\/www.n-town.de\/glubbblog\/?s={search_term_string}\"},\"query-input\":\"required name=search_term_string\"}],\"inLanguage\":\"de\"},{\"@type\":\"ImageObject\",\"@id\":\"https:\/\/www.n-town.de\/glubbblog\/index.php\/archives\/glubb-news\/10179-der-krisen-glubb-folgt-die-naechste-drama-saison.html#primaryimage\",\"inLanguage\":\"de\",\"url\":\"https:\/\/www.n-town.de\/glubbblog\/wp-content\/uploads\/2021\/03\/img_1169.png\",\"contentUrl\":\"https:\/\/www.n-town.de\/glubbblog\/wp-content\/uploads\/2021\/03\/img_1169.png\",\"width\":500,\"height\":375},{\"@type\":\"WebPage\",\"@id\":\"https:\/\/www.n-town.de\/glubbblog\/index.php\/archives\/glubb-news\/10179-der-krisen-glubb-folgt-die-naechste-drama-saison.html#webpage\",\"url\":\"https:\/\/www.n-town.de\/glubbblog\/index.php\/archives\/glubb-news\/10179-der-krisen-glubb-folgt-die-naechste-drama-saison.html\",\"name\":\"Der Krisen-Glubb: Folgt die n\u00e4chste Drama-Saison? - Glubb-Blog\",\"isPartOf\":{\"@id\":\"https:\/\/www.n-town.de\/glubbblog\/#website\"},\"primaryImageOfPage\":{\"@id\":\"https:\/\/www.n-town.de\/glubbblog\/index.php\/archives\/glubb-news\/10179-der-krisen-glubb-folgt-die-naechste-drama-saison.html#primaryimage\"},\"datePublished\":\"2021-03-11T13:31:44+00:00\",\"dateModified\":\"2021-03-12T17:58:16+00:00\",\"author\":{\"@id\":\"https:\/\/www.n-town.de\/glubbblog\/#\/schema\/person\/23822a94b519ca1de591c4492e0e104e\"},\"breadcrumb\":{\"@id\":\"https:\/\/www.n-town.de\/glubbblog\/index.php\/archives\/glubb-news\/10179-der-krisen-glubb-folgt-die-naechste-drama-saison.html#breadcrumb\"},\"inLanguage\":\"de\",\"potentialAction\":[{\"@type\":\"ReadAction\",\"target\":[\"https:\/\/www.n-town.de\/glubbblog\/index.php\/archives\/glubb-news\/10179-der-krisen-glubb-folgt-die-naechste-drama-saison.html\"]}]},{\"@type\":\"BreadcrumbList\",\"@id\":\"https:\/\/www.n-town.de\/glubbblog\/index.php\/archives\/glubb-news\/10179-der-krisen-glubb-folgt-die-naechste-drama-saison.html#breadcrumb\",\"itemListElement\":[{\"@type\":\"ListItem\",\"position\":1,\"name\":\"Home\",\"item\":\"https:\/\/www.n-town.de\/glubbblog\"},{\"@type\":\"ListItem\",\"position\":2,\"name\":\"Der Krisen-Glubb: Folgt die n\u00e4chste Drama-Saison?\"}]},{\"@type\":\"Person\",\"@id\":\"https:\/\/www.n-town.de\/glubbblog\/#\/schema\/person\/23822a94b519ca1de591c4492e0e104e\",\"name\":\"Bomber Manolo\",\"image\":{\"@type\":\"ImageObject\",\"@id\":\"https:\/\/www.n-town.de\/glubbblog\/#personlogo\",\"inLanguage\":\"de\",\"url\":\"https:\/\/secure.gravatar.com\/avatar\/745e89a5226a55ce3ed5fac4a51dced8?s=96&d=mm&r=g\",\"contentUrl\":\"https:\/\/secure.gravatar.com\/avatar\/745e89a5226a55ce3ed5fac4a51dced8?s=96&d=mm&r=g\",\"caption\":\"Bomber Manolo\"},\"sameAs\":[\"https:\/\/www.n-town.de\"],\"url\":\"https:\/\/www.n-town.de\/glubbblog\/index.php\/archives\/author\/andy\"}]}<\/script>\n<!-- \/ Yoast SEO plugin. -->","yoast_head_json":{"title":"Der Krisen-Glubb: Folgt die n\u00e4chste Drama-Saison? - Glubb-Blog","robots":{"index":"index","follow":"follow","max-snippet":"max-snippet:-1","max-image-preview":"max-image-preview:large","max-video-preview":"max-video-preview:-1"},"canonical":"https:\/\/www.n-town.de\/glubbblog\/index.php\/archives\/glubb-news\/10179-der-krisen-glubb-folgt-die-naechste-drama-saison.html","og_locale":"de_DE","og_type":"article","og_title":"Der Krisen-Glubb: Folgt die n\u00e4chste Drama-Saison? - Glubb-Blog","og_description":"Was haben wir nicht gejubelt im Sommer! Der &#8220;Kelch&#8221; des Corona-Absteigers ist gerade noch so an uns vorbeigezogen. &#8220;Fabian Schleusener! Baut ihm ein Denkmal!&#8221; fabulierte der Kommentator des FCN-Fanradios in der Schlussphase des &#8220;Sieges bei der 1:3-Niederlage&#8221; in Ingolstadt. Der Klassenerhalt beschert uns 18 Millionen, die in der 3. Liga gefehlt h\u00e4tten. Das Aus des [&hellip;]","og_url":"https:\/\/www.n-town.de\/glubbblog\/index.php\/archives\/glubb-news\/10179-der-krisen-glubb-folgt-die-naechste-drama-saison.html","og_site_name":"Glubb-Blog","article_publisher":"https:\/\/www.facebook.com\/glubbblog","article_published_time":"2021-03-11T13:31:44+00:00","article_modified_time":"2021-03-12T17:58:16+00:00","og_image":[{"url":"https:\/\/www.n-town.de\/glubbblog\/wp-content\/uploads\/2021\/03\/img_1169.png"}],"twitter_card":"summary","twitter_creator":"@glubb_blog_de","twitter_site":"@glubb_blog_de","twitter_misc":{"Verfasst von":"Bomber Manolo","Gesch\u00e4tzte Lesezeit":"3\u00a0Minuten"},"schema":{"@context":"https:\/\/schema.org","@graph":[{"@type":"WebSite","@id":"https:\/\/www.n-town.de\/glubbblog\/#website","url":"https:\/\/www.n-town.de\/glubbblog\/","name":"Glubb-Blog","description":"Clubfans bei FCN-Ausw\u00e4rtsfahrten und Groundhopping","potentialAction":[{"@type":"SearchAction","target":{"@type":"EntryPoint","urlTemplate":"https:\/\/www.n-town.de\/glubbblog\/?s={search_term_string}"},"query-input":"required name=search_term_string"}],"inLanguage":"de"},{"@type":"ImageObject","@id":"https:\/\/www.n-town.de\/glubbblog\/index.php\/archives\/glubb-news\/10179-der-krisen-glubb-folgt-die-naechste-drama-saison.html#primaryimage","inLanguage":"de","url":"https:\/\/www.n-town.de\/glubbblog\/wp-content\/uploads\/2021\/03\/img_1169.png","contentUrl":"https:\/\/www.n-town.de\/glubbblog\/wp-content\/uploads\/2021\/03\/img_1169.png","width":500,"height":375},{"@type":"WebPage","@id":"https:\/\/www.n-town.de\/glubbblog\/index.php\/archives\/glubb-news\/10179-der-krisen-glubb-folgt-die-naechste-drama-saison.html#webpage","url":"https:\/\/www.n-town.de\/glubbblog\/index.php\/archives\/glubb-news\/10179-der-krisen-glubb-folgt-die-naechste-drama-saison.html","name":"Der Krisen-Glubb: Folgt die n\u00e4chste Drama-Saison? - Glubb-Blog","isPartOf":{"@id":"https:\/\/www.n-town.de\/glubbblog\/#website"},"primaryImageOfPage":{"@id":"https:\/\/www.n-town.de\/glubbblog\/index.php\/archives\/glubb-news\/10179-der-krisen-glubb-folgt-die-naechste-drama-saison.html#primaryimage"},"datePublished":"2021-03-11T13:31:44+00:00","dateModified":"2021-03-12T17:58:16+00:00","author":{"@id":"https:\/\/www.n-town.de\/glubbblog\/#\/schema\/person\/23822a94b519ca1de591c4492e0e104e"},"breadcrumb":{"@id":"https:\/\/www.n-town.de\/glubbblog\/index.php\/archives\/glubb-news\/10179-der-krisen-glubb-folgt-die-naechste-drama-saison.html#breadcrumb"},"inLanguage":"de","potentialAction":[{"@type":"ReadAction","target":["https:\/\/www.n-town.de\/glubbblog\/index.php\/archives\/glubb-news\/10179-der-krisen-glubb-folgt-die-naechste-drama-saison.html"]}]},{"@type":"BreadcrumbList","@id":"https:\/\/www.n-town.de\/glubbblog\/index.php\/archives\/glubb-news\/10179-der-krisen-glubb-folgt-die-naechste-drama-saison.html#breadcrumb","itemListElement":[{"@type":"ListItem","position":1,"name":"Home","item":"https:\/\/www.n-town.de\/glubbblog"},{"@type":"ListItem","position":2,"name":"Der Krisen-Glubb: Folgt die n\u00e4chste Drama-Saison?"}]},{"@type":"Person","@id":"https:\/\/www.n-town.de\/glubbblog\/#\/schema\/person\/23822a94b519ca1de591c4492e0e104e","name":"Bomber Manolo","image":{"@type":"ImageObject","@id":"https:\/\/www.n-town.de\/glubbblog\/#personlogo","inLanguage":"de","url":"https:\/\/secure.gravatar.com\/avatar\/745e89a5226a55ce3ed5fac4a51dced8?s=96&d=mm&r=g","contentUrl":"https:\/\/secure.gravatar.com\/avatar\/745e89a5226a55ce3ed5fac4a51dced8?s=96&d=mm&r=g","caption":"Bomber Manolo"},"sameAs":["https:\/\/www.n-town.de"],"url":"https:\/\/www.n-town.de\/glubbblog\/index.php\/archives\/author\/andy"}]}},"_links":{"self":[{"href":"https:\/\/www.n-town.de\/glubbblog\/index.php\/wp-json\/wp\/v2\/posts\/10179"}],"collection":[{"href":"https:\/\/www.n-town.de\/glubbblog\/index.php\/wp-json\/wp\/v2\/posts"}],"about":[{"href":"https:\/\/www.n-town.de\/glubbblog\/index.php\/wp-json\/wp\/v2\/types\/post"}],"author":[{"embeddable":true,"href":"https:\/\/www.n-town.de\/glubbblog\/index.php\/wp-json\/wp\/v2\/users\/4"}],"replies":[{"embeddable":true,"href":"https:\/\/www.n-town.de\/glubbblog\/index.php\/wp-json\/wp\/v2\/comments?post=10179"}],"version-history":[{"count":5,"href":"https:\/\/www.n-town.de\/glubbblog\/index.php\/wp-json\/wp\/v2\/posts\/10179\/revisions"}],"predecessor-version":[{"id":10185,"href":"https:\/\/www.n-town.de\/glubbblog\/index.php\/wp-json\/wp\/v2\/posts\/10179\/revisions\/10185"}],"wp:attachment":[{"href":"https:\/\/www.n-town.de\/glubbblog\/index.php\/wp-json\/wp\/v2\/media?parent=10179"}],"wp:term":[{"taxonomy":"category","embeddable":true,"href":"https:\/\/www.n-town.de\/glubbblog\/index.php\/wp-json\/wp\/v2\/categories?post=10179"},{"taxonomy":"post_tag","embeddable":true,"href":"https:\/\/www.n-town.de\/glubbblog\/index.php\/wp-json\/wp\/v2\/tags?post=10179"}],"curies":[{"name":"wp","href":"https:\/\/api.w.org\/{rel}","templated":true}]}}