{"id":10873,"date":"2022-08-06T17:01:32","date_gmt":"2022-08-06T15:01:32","guid":{"rendered":"https:\/\/www.n-town.de\/glubbblog\/?p=10873"},"modified":"2022-08-08T09:05:44","modified_gmt":"2022-08-08T07:05:44","slug":"jahn-regensburg-fcn-00-nach-handwerker-schock-mit-dem-punkt-zufrieden","status":"publish","type":"post","link":"https:\/\/www.n-town.de\/glubbblog\/index.php\/archives\/glubb-live\/10873-jahn-regensburg-fcn-00-nach-handwerker-schock-mit-dem-punkt-zufrieden.html","title":{"rendered":"Jahn Regensburg &#8211; FCN 0:0! Nach Handwerker-Schock mit dem Punkt zufrieden!"},"content":{"rendered":"<p><img loading=\"lazy\" class=\"alignleft wp-image-10872\" src=\"https:\/\/www.n-town.de\/glubbblog\/wp-content\/uploads\/2022\/08\/img_8654.jpg\" width=\"300\" height=\"225\" srcset=\"https:\/\/www.n-town.de\/glubbblog\/wp-content\/uploads\/2022\/08\/img_8654.jpg 500w, https:\/\/www.n-town.de\/glubbblog\/wp-content\/uploads\/2022\/08\/img_8654-300x225.jpg 300w\" sizes=\"(max-width: 300px) 100vw, 300px\" \/>Schade! Es war alles bereit f\u00fcr ein Fu\u00dfballfest! Mehr als 5.000 N\u00fcrnberger Ausw\u00e4rtsfans in Regensburg bei bestem Wetter in guter Stimmung. Doch die schlechten Vorzeichen aus der Woche wurden noch einmal schlimmer: Dass der FCN auf Kapit\u00e4n und Abwehrchef Christopher Schindler verzichten muss war klar, nun verletzte sich auch noch Mats M\u00f6ller-Daehli beim Aufw\u00e4rmen und musste passen. Nach wenigen Minuten im Spiel verletzte sich dann auch noch Tim Handwerker schwer: Kreuzbandriss (Operation schon in der n\u00e4chsten Woche)! Ein Schock f\u00fcr den Jungen und die Truppe! Gerade jetzt wo Tim so gut drauf war und <a href=\"https:\/\/www.n-town.de\/glubbblog\/index.php\/archives\/glubb-live\/10841-fcn-fuerth-20-derbysieger-nuernberg-mit-top-auftritt-im-269-frankenderby.html\" target=\"_blank\" rel=\"noopener\">im Frankenderby<\/a> eines seiner besten Spiele machte. Letztendlich folgte ein leistungsgerechtes 0:0, da beide Teams am Ende nicht mehr &#8220;voll auf Sieg&#8221; gegangen sind. Gute Besserung, Tim! Come back stronger!<\/p>\n<p>Der Glubb machte von Beginn an ordentlich Druck und hatte gleich eine dicke M\u00f6glichkeit: Wintzheimer mit einem Lupfer an den langen Pfosten, doch Wekessers Kopfball kann Torh\u00fcter Stojanovic parieren. Doch vor der Aktion ist Tim Handwerker im Strafraum ungl\u00fccklich weggerutscht und zeigte durch aufgeregtes Winken sofort an, dass etwas schlimmeres passiert ist. Er musste dick bandagiert vom Feld gef\u00fchrt werden. F\u00fcr ihn kam Duah ins Spiel.<\/p>\n<p>Wenig sp\u00e4ter legt H\u00fcbner den Ball auf Daferner ab, der mit vollem Risiko leider neben das Tor trifft. Auch zwei Freisto\u00df-Chancen f\u00fcr Geis gehen neben das Tor bzw. an den Kopf eines Verteidigers.<\/p>\n<p>Pl\u00f6tzlich hat Regensburg eine dicke M\u00f6glichkeit: Eine lange Flanke k\u00f6pft H\u00fcbner direkt vor die F\u00fc\u00dfe von Albers, der wahrscheinlich so \u00fcberrascht war, dass er den Ball Mathenia direkt in die Arme scho\u00df. Gl\u00fcck f\u00fcr N\u00fcrnberg!<\/p>\n<p>In der zweiten Halbzeit kam dann nicht mehr viel vom FCN, aber auch Regensburg hatte keine Durchschlagskraft mehr. Nur kurz vor dem Ende war es wieder Albers, der vor Mathenia auftauchte, doch der N\u00fcrnberger Schlu\u00dfmann konnte mit einer starken Fussabwehr das 1:0 verhindern. Der Glubb leider mit keiner Torchance mehr in Halbzeit zwei.<\/p>\n<p><img loading=\"lazy\" class=\"size-full wp-image-10875 aligncenter\" src=\"https:\/\/www.n-town.de\/glubbblog\/wp-content\/uploads\/2022\/08\/img_8655.jpg\" width=\"600\" height=\"195\" srcset=\"https:\/\/www.n-town.de\/glubbblog\/wp-content\/uploads\/2022\/08\/img_8655.jpg 500w, https:\/\/www.n-town.de\/glubbblog\/wp-content\/uploads\/2022\/08\/img_8655-300x98.jpg 300w\" sizes=\"(max-width: 600px) 100vw, 600px\" \/><\/p>\n<p><strong>Fazit:<\/strong><\/p>\n<p>Ich wage mal zu behaupten, dass so eine schwere Verletzung eines Mannschaftskollegen die Tuppe gehemmt hat. Denn sp\u00e4testens in der Kabine d\u00fcrften sie wohl von der Vermutung Kreuzbandriss geh\u00f6rt haben und brachten dann in H\u00e4lfte zwei nichts mehr nach vorne zusammen.<\/p>\n<p>Positiv f\u00fcr mich aber, dass die sog. &#8220;zweite Garnitur&#8221; sofort funktioniert. Besonders Lawrence hat mir bei seinem Startelfdebut sehr gut gefallen. Nat\u00fcrlich kann man mit dem 0:0 beim Tabellenf\u00fchrer, der vor einer Woche hier den Bundesligisten 1.FC K\u00f6ln aus dem Pokal geworfen hat, echt zufrieden sein.<\/p>\n<p>Statistik: Tore 0:0, Torsch\u00fcsse 9:12, Ballbesitz 44:56%, Zweikampfquote 46:54%, Ecken 6:4. Wieder eine positive Statistik f\u00fcr den Glubb. leider sprang kein Sieg raus.<\/p>\n<p><strong>RelVoSprung -2\/+3<\/strong><\/p>\n<p>Der FCN mit einer ausgeglichenen Bilanz im Tabellenmittelfeld, Regensburg bleibt einziges Team ohne Gegentor und an der Spitze. Dahinter nun Paderborn nach einem 4:2 gegen Hannover und dann der n\u00e4chste FCN-Gegner Heidenheim, trotz der 0:1-Niederlage beim Hamburger SV. Aber es sind ja noch Spiele, das hei\u00dft hier kann ich auch noch was \u00e4ndern.<\/p>\n<p>Am Tabellenende steht Eintracht Braunschweig, die heute Darmstadt zu Gast haben, davor Bielefeld nach der 3. Niederlage im dritten Spiel. Auf dem Relegationsplatz der KSC, der ein 1:1 in F\u00fcrth erreichen konnte.<\/p>\n<p><strong>Update:<\/strong> Der 1.FC Kaiserslautern hat sich durch ein 2:1-Sieg \u00fcber St. Pauli noch auf Platz 2 geschoben, aber der RelVoSprung \u00e4ndert sich f\u00fcr den Glubb nicht.<\/p>\n<p>Nun hei\u00dft es f\u00fcr unsere Glubb am kommenden Freitag im Heimspiel gegen Heidenheim einen Sieg einzufahren! F\u00fcr die Entwicklung zur Tabellenspitze und f\u00fcr unseren Tim!<\/p>\n<p>Alles f\u00fcr rot-schwarz<\/p>\n","protected":false},"excerpt":{"rendered":"<p>Schade! Es war alles bereit f\u00fcr ein Fu\u00dfballfest! Mehr als 5.000 N\u00fcrnberger Ausw\u00e4rtsfans in Regensburg bei bestem Wetter in guter Stimmung. Doch die schlechten Vorzeichen aus der Woche wurden noch einmal schlimmer: Dass der FCN auf Kapit\u00e4n und Abwehrchef Christopher Schindler verzichten muss war klar, nun verletzte sich auch noch Mats M\u00f6ller-Daehli beim Aufw\u00e4rmen und [&hellip;]<\/p>\n","protected":false},"author":4,"featured_media":0,"comment_status":"open","ping_status":"open","sticky":false,"template":"","format":"standard","meta":{"spay_email":""},"categories":[5],"tags":[83],"jetpack_featured_media_url":"","yoast_head":"<!-- This site is optimized with the Yoast SEO plugin v18.3 - https:\/\/yoast.com\/wordpress\/plugins\/seo\/ -->\n<title>Jahn Regensburg - FCN 0:0! Nach Handwerker-Schock mit dem Punkt zufrieden! - Glubb-Blog<\/title>\n<meta name=\"robots\" content=\"index, follow, max-snippet:-1, max-image-preview:large, max-video-preview:-1\" \/>\n<link rel=\"canonical\" href=\"https:\/\/www.n-town.de\/glubbblog\/index.php\/archives\/glubb-live\/10873-jahn-regensburg-fcn-00-nach-handwerker-schock-mit-dem-punkt-zufrieden.html\" \/>\n<meta property=\"og:locale\" content=\"de_DE\" \/>\n<meta property=\"og:type\" content=\"article\" \/>\n<meta property=\"og:title\" content=\"Jahn Regensburg - FCN 0:0! Nach Handwerker-Schock mit dem Punkt zufrieden! - Glubb-Blog\" \/>\n<meta property=\"og:description\" content=\"Schade! Es war alles bereit f\u00fcr ein Fu\u00dfballfest! Mehr als 5.000 N\u00fcrnberger Ausw\u00e4rtsfans in Regensburg bei bestem Wetter in guter Stimmung. Doch die schlechten Vorzeichen aus der Woche wurden noch einmal schlimmer: Dass der FCN auf Kapit\u00e4n und Abwehrchef Christopher Schindler verzichten muss war klar, nun verletzte sich auch noch Mats M\u00f6ller-Daehli beim Aufw\u00e4rmen und [&hellip;]\" \/>\n<meta property=\"og:url\" content=\"https:\/\/www.n-town.de\/glubbblog\/index.php\/archives\/glubb-live\/10873-jahn-regensburg-fcn-00-nach-handwerker-schock-mit-dem-punkt-zufrieden.html\" \/>\n<meta property=\"og:site_name\" content=\"Glubb-Blog\" \/>\n<meta property=\"article:publisher\" content=\"https:\/\/www.facebook.com\/glubbblog\" \/>\n<meta property=\"article:published_time\" content=\"2022-08-06T15:01:32+00:00\" \/>\n<meta property=\"article:modified_time\" content=\"2022-08-08T07:05:44+00:00\" \/>\n<meta property=\"og:image\" content=\"https:\/\/www.n-town.de\/glubbblog\/wp-content\/uploads\/2022\/08\/img_8654.jpg\" \/>\n<meta name=\"twitter:card\" content=\"summary\" \/>\n<meta name=\"twitter:creator\" content=\"@glubb_blog_de\" \/>\n<meta name=\"twitter:site\" content=\"@glubb_blog_de\" \/>\n<meta name=\"twitter:label1\" content=\"Verfasst von\" \/>\n\t<meta name=\"twitter:data1\" content=\"Bomber Manolo\" \/>\n\t<meta name=\"twitter:label2\" content=\"Gesch\u00e4tzte Lesezeit\" \/>\n\t<meta name=\"twitter:data2\" content=\"4\u00a0Minuten\" \/>\n<script type=\"application\/ld+json\" class=\"yoast-schema-graph\">{\"@context\":\"https:\/\/schema.org\",\"@graph\":[{\"@type\":\"WebSite\",\"@id\":\"https:\/\/www.n-town.de\/glubbblog\/#website\",\"url\":\"https:\/\/www.n-town.de\/glubbblog\/\",\"name\":\"Glubb-Blog\",\"description\":\"Clubfans bei FCN-Ausw\u00e4rtsfahrten und Groundhopping\",\"potentialAction\":[{\"@type\":\"SearchAction\",\"target\":{\"@type\":\"EntryPoint\",\"urlTemplate\":\"https:\/\/www.n-town.de\/glubbblog\/?s={search_term_string}\"},\"query-input\":\"required name=search_term_string\"}],\"inLanguage\":\"de\"},{\"@type\":\"ImageObject\",\"@id\":\"https:\/\/www.n-town.de\/glubbblog\/index.php\/archives\/glubb-live\/10873-jahn-regensburg-fcn-00-nach-handwerker-schock-mit-dem-punkt-zufrieden.html#primaryimage\",\"inLanguage\":\"de\",\"url\":\"https:\/\/www.n-town.de\/glubbblog\/wp-content\/uploads\/2022\/08\/img_8654.jpg\",\"contentUrl\":\"https:\/\/www.n-town.de\/glubbblog\/wp-content\/uploads\/2022\/08\/img_8654.jpg\",\"width\":500,\"height\":375},{\"@type\":\"WebPage\",\"@id\":\"https:\/\/www.n-town.de\/glubbblog\/index.php\/archives\/glubb-live\/10873-jahn-regensburg-fcn-00-nach-handwerker-schock-mit-dem-punkt-zufrieden.html#webpage\",\"url\":\"https:\/\/www.n-town.de\/glubbblog\/index.php\/archives\/glubb-live\/10873-jahn-regensburg-fcn-00-nach-handwerker-schock-mit-dem-punkt-zufrieden.html\",\"name\":\"Jahn Regensburg - FCN 0:0! Nach Handwerker-Schock mit dem Punkt zufrieden! - Glubb-Blog\",\"isPartOf\":{\"@id\":\"https:\/\/www.n-town.de\/glubbblog\/#website\"},\"primaryImageOfPage\":{\"@id\":\"https:\/\/www.n-town.de\/glubbblog\/index.php\/archives\/glubb-live\/10873-jahn-regensburg-fcn-00-nach-handwerker-schock-mit-dem-punkt-zufrieden.html#primaryimage\"},\"datePublished\":\"2022-08-06T15:01:32+00:00\",\"dateModified\":\"2022-08-08T07:05:44+00:00\",\"author\":{\"@id\":\"https:\/\/www.n-town.de\/glubbblog\/#\/schema\/person\/23822a94b519ca1de591c4492e0e104e\"},\"breadcrumb\":{\"@id\":\"https:\/\/www.n-town.de\/glubbblog\/index.php\/archives\/glubb-live\/10873-jahn-regensburg-fcn-00-nach-handwerker-schock-mit-dem-punkt-zufrieden.html#breadcrumb\"},\"inLanguage\":\"de\",\"potentialAction\":[{\"@type\":\"ReadAction\",\"target\":[\"https:\/\/www.n-town.de\/glubbblog\/index.php\/archives\/glubb-live\/10873-jahn-regensburg-fcn-00-nach-handwerker-schock-mit-dem-punkt-zufrieden.html\"]}]},{\"@type\":\"BreadcrumbList\",\"@id\":\"https:\/\/www.n-town.de\/glubbblog\/index.php\/archives\/glubb-live\/10873-jahn-regensburg-fcn-00-nach-handwerker-schock-mit-dem-punkt-zufrieden.html#breadcrumb\",\"itemListElement\":[{\"@type\":\"ListItem\",\"position\":1,\"name\":\"Home\",\"item\":\"https:\/\/www.n-town.de\/glubbblog\"},{\"@type\":\"ListItem\",\"position\":2,\"name\":\"Jahn Regensburg &#8211; FCN 0:0! Nach Handwerker-Schock mit dem Punkt zufrieden!\"}]},{\"@type\":\"Person\",\"@id\":\"https:\/\/www.n-town.de\/glubbblog\/#\/schema\/person\/23822a94b519ca1de591c4492e0e104e\",\"name\":\"Bomber Manolo\",\"image\":{\"@type\":\"ImageObject\",\"@id\":\"https:\/\/www.n-town.de\/glubbblog\/#personlogo\",\"inLanguage\":\"de\",\"url\":\"https:\/\/secure.gravatar.com\/avatar\/745e89a5226a55ce3ed5fac4a51dced8?s=96&d=mm&r=g\",\"contentUrl\":\"https:\/\/secure.gravatar.com\/avatar\/745e89a5226a55ce3ed5fac4a51dced8?s=96&d=mm&r=g\",\"caption\":\"Bomber Manolo\"},\"sameAs\":[\"https:\/\/www.n-town.de\"],\"url\":\"https:\/\/www.n-town.de\/glubbblog\/index.php\/archives\/author\/andy\"}]}<\/script>\n<!-- \/ Yoast SEO plugin. -->","yoast_head_json":{"title":"Jahn Regensburg - FCN 0:0! Nach Handwerker-Schock mit dem Punkt zufrieden! - Glubb-Blog","robots":{"index":"index","follow":"follow","max-snippet":"max-snippet:-1","max-image-preview":"max-image-preview:large","max-video-preview":"max-video-preview:-1"},"canonical":"https:\/\/www.n-town.de\/glubbblog\/index.php\/archives\/glubb-live\/10873-jahn-regensburg-fcn-00-nach-handwerker-schock-mit-dem-punkt-zufrieden.html","og_locale":"de_DE","og_type":"article","og_title":"Jahn Regensburg - FCN 0:0! Nach Handwerker-Schock mit dem Punkt zufrieden! - Glubb-Blog","og_description":"Schade! Es war alles bereit f\u00fcr ein Fu\u00dfballfest! Mehr als 5.000 N\u00fcrnberger Ausw\u00e4rtsfans in Regensburg bei bestem Wetter in guter Stimmung. Doch die schlechten Vorzeichen aus der Woche wurden noch einmal schlimmer: Dass der FCN auf Kapit\u00e4n und Abwehrchef Christopher Schindler verzichten muss war klar, nun verletzte sich auch noch Mats M\u00f6ller-Daehli beim Aufw\u00e4rmen und [&hellip;]","og_url":"https:\/\/www.n-town.de\/glubbblog\/index.php\/archives\/glubb-live\/10873-jahn-regensburg-fcn-00-nach-handwerker-schock-mit-dem-punkt-zufrieden.html","og_site_name":"Glubb-Blog","article_publisher":"https:\/\/www.facebook.com\/glubbblog","article_published_time":"2022-08-06T15:01:32+00:00","article_modified_time":"2022-08-08T07:05:44+00:00","og_image":[{"url":"https:\/\/www.n-town.de\/glubbblog\/wp-content\/uploads\/2022\/08\/img_8654.jpg"}],"twitter_card":"summary","twitter_creator":"@glubb_blog_de","twitter_site":"@glubb_blog_de","twitter_misc":{"Verfasst von":"Bomber Manolo","Gesch\u00e4tzte Lesezeit":"4\u00a0Minuten"},"schema":{"@context":"https:\/\/schema.org","@graph":[{"@type":"WebSite","@id":"https:\/\/www.n-town.de\/glubbblog\/#website","url":"https:\/\/www.n-town.de\/glubbblog\/","name":"Glubb-Blog","description":"Clubfans bei FCN-Ausw\u00e4rtsfahrten und Groundhopping","potentialAction":[{"@type":"SearchAction","target":{"@type":"EntryPoint","urlTemplate":"https:\/\/www.n-town.de\/glubbblog\/?s={search_term_string}"},"query-input":"required name=search_term_string"}],"inLanguage":"de"},{"@type":"ImageObject","@id":"https:\/\/www.n-town.de\/glubbblog\/index.php\/archives\/glubb-live\/10873-jahn-regensburg-fcn-00-nach-handwerker-schock-mit-dem-punkt-zufrieden.html#primaryimage","inLanguage":"de","url":"https:\/\/www.n-town.de\/glubbblog\/wp-content\/uploads\/2022\/08\/img_8654.jpg","contentUrl":"https:\/\/www.n-town.de\/glubbblog\/wp-content\/uploads\/2022\/08\/img_8654.jpg","width":500,"height":375},{"@type":"WebPage","@id":"https:\/\/www.n-town.de\/glubbblog\/index.php\/archives\/glubb-live\/10873-jahn-regensburg-fcn-00-nach-handwerker-schock-mit-dem-punkt-zufrieden.html#webpage","url":"https:\/\/www.n-town.de\/glubbblog\/index.php\/archives\/glubb-live\/10873-jahn-regensburg-fcn-00-nach-handwerker-schock-mit-dem-punkt-zufrieden.html","name":"Jahn Regensburg - FCN 0:0! Nach Handwerker-Schock mit dem Punkt zufrieden! - Glubb-Blog","isPartOf":{"@id":"https:\/\/www.n-town.de\/glubbblog\/#website"},"primaryImageOfPage":{"@id":"https:\/\/www.n-town.de\/glubbblog\/index.php\/archives\/glubb-live\/10873-jahn-regensburg-fcn-00-nach-handwerker-schock-mit-dem-punkt-zufrieden.html#primaryimage"},"datePublished":"2022-08-06T15:01:32+00:00","dateModified":"2022-08-08T07:05:44+00:00","author":{"@id":"https:\/\/www.n-town.de\/glubbblog\/#\/schema\/person\/23822a94b519ca1de591c4492e0e104e"},"breadcrumb":{"@id":"https:\/\/www.n-town.de\/glubbblog\/index.php\/archives\/glubb-live\/10873-jahn-regensburg-fcn-00-nach-handwerker-schock-mit-dem-punkt-zufrieden.html#breadcrumb"},"inLanguage":"de","potentialAction":[{"@type":"ReadAction","target":["https:\/\/www.n-town.de\/glubbblog\/index.php\/archives\/glubb-live\/10873-jahn-regensburg-fcn-00-nach-handwerker-schock-mit-dem-punkt-zufrieden.html"]}]},{"@type":"BreadcrumbList","@id":"https:\/\/www.n-town.de\/glubbblog\/index.php\/archives\/glubb-live\/10873-jahn-regensburg-fcn-00-nach-handwerker-schock-mit-dem-punkt-zufrieden.html#breadcrumb","itemListElement":[{"@type":"ListItem","position":1,"name":"Home","item":"https:\/\/www.n-town.de\/glubbblog"},{"@type":"ListItem","position":2,"name":"Jahn Regensburg &#8211; FCN 0:0! Nach Handwerker-Schock mit dem Punkt zufrieden!"}]},{"@type":"Person","@id":"https:\/\/www.n-town.de\/glubbblog\/#\/schema\/person\/23822a94b519ca1de591c4492e0e104e","name":"Bomber Manolo","image":{"@type":"ImageObject","@id":"https:\/\/www.n-town.de\/glubbblog\/#personlogo","inLanguage":"de","url":"https:\/\/secure.gravatar.com\/avatar\/745e89a5226a55ce3ed5fac4a51dced8?s=96&d=mm&r=g","contentUrl":"https:\/\/secure.gravatar.com\/avatar\/745e89a5226a55ce3ed5fac4a51dced8?s=96&d=mm&r=g","caption":"Bomber Manolo"},"sameAs":["https:\/\/www.n-town.de"],"url":"https:\/\/www.n-town.de\/glubbblog\/index.php\/archives\/author\/andy"}]}},"_links":{"self":[{"href":"https:\/\/www.n-town.de\/glubbblog\/index.php\/wp-json\/wp\/v2\/posts\/10873"}],"collection":[{"href":"https:\/\/www.n-town.de\/glubbblog\/index.php\/wp-json\/wp\/v2\/posts"}],"about":[{"href":"https:\/\/www.n-town.de\/glubbblog\/index.php\/wp-json\/wp\/v2\/types\/post"}],"author":[{"embeddable":true,"href":"https:\/\/www.n-town.de\/glubbblog\/index.php\/wp-json\/wp\/v2\/users\/4"}],"replies":[{"embeddable":true,"href":"https:\/\/www.n-town.de\/glubbblog\/index.php\/wp-json\/wp\/v2\/comments?post=10873"}],"version-history":[{"count":7,"href":"https:\/\/www.n-town.de\/glubbblog\/index.php\/wp-json\/wp\/v2\/posts\/10873\/revisions"}],"predecessor-version":[{"id":10882,"href":"https:\/\/www.n-town.de\/glubbblog\/index.php\/wp-json\/wp\/v2\/posts\/10873\/revisions\/10882"}],"wp:attachment":[{"href":"https:\/\/www.n-town.de\/glubbblog\/index.php\/wp-json\/wp\/v2\/media?parent=10873"}],"wp:term":[{"taxonomy":"category","embeddable":true,"href":"https:\/\/www.n-town.de\/glubbblog\/index.php\/wp-json\/wp\/v2\/categories?post=10873"},{"taxonomy":"post_tag","embeddable":true,"href":"https:\/\/www.n-town.de\/glubbblog\/index.php\/wp-json\/wp\/v2\/tags?post=10873"}],"curies":[{"name":"wp","href":"https:\/\/api.w.org\/{rel}","templated":true}]}}