{"id":12435,"date":"2025-05-05T17:15:04","date_gmt":"2025-05-05T15:15:04","guid":{"rendered":"https:\/\/www.n-town.de\/glubbblog\/?p=12435"},"modified":"2025-11-02T17:03:00","modified_gmt":"2025-11-02T16:03:00","slug":"ein-memento-zum-125-geburtstag-des-einst-ruhmreichen","status":"publish","type":"post","link":"https:\/\/www.n-town.de\/glubbblog\/index.php\/archives\/glubbfans\/12435-ein-memento-zum-125-geburtstag-des-einst-ruhmreichen.html","title":{"rendered":"Ein Memento zum 125. Geburtstag des (einst) Ruhmreichen!"},"content":{"rendered":"<p><a href=\"https:\/\/www.n-town.de\/glubbblog\/wp-content\/uploads\/2025\/05\/img_3737-1.jpg\"><img loading=\"lazy\" class=\"alignleft wp-image-12432\" src=\"https:\/\/www.n-town.de\/glubbblog\/wp-content\/uploads\/2025\/05\/img_3737-1.jpg\" alt=\"\" width=\"210\" height=\"299\" srcset=\"https:\/\/www.n-town.de\/glubbblog\/wp-content\/uploads\/2025\/05\/img_3737-1.jpg 351w, https:\/\/www.n-town.de\/glubbblog\/wp-content\/uploads\/2025\/05\/img_3737-1-211x300.jpg 211w\" sizes=\"(max-width: 210px) 100vw, 210px\" \/><\/a>Das war der absolute Partycrasher und sehr bezeichnend: Der neunmalige Deutsche Meister 1.FC N\u00fcrnberg feiert seinen 125. Geburtstag vor knapp 50.000 Zuschauern in einem ausverkauften Stadion, in das gut 10.000 Fans per Fanmarsch durch die Frankenmetropole wanderten &#8211; aber verliert dann gegen etwas, was sich &#8220;Elversberg&#8221; nennt, 5x weniger Einwohner als der FCN Mitglieder hat und im Stadion nicht mal einen Stehplatz-Block f\u00fcllen kann. Aber gerade das ist nun mal die Wahrheit in diesen Tagen.<\/p>\n<p>Wir Glubberer leben ohnehin gerne in der Vergangenheit und an einem Geburtstag soll man auch mal zur\u00fcckblicken, doch wir sind gerade meilenweit entfernt von dieser gro\u00dfartigen Vergangenheit. Dass uns Teams wie Freiburg und Mainz \u00fcberholt haben, war vor 10 Jahren mal ein richtiger Aufreger. Inzwischen sind es Heidenheim, Kiel und eben Elversberg &#8211; und die Aufregung ist nicht mehr so gro\u00df.<\/p>\n<p><strong>Gew\u00f6hnen wir uns daran?<\/strong><\/p>\n<p><a href=\"https:\/\/www.n-town.de\/glubbblog\/wp-content\/uploads\/2025\/05\/img_3736-1.jpg\"><img loading=\"lazy\" class=\"wp-image-12431 alignright\" src=\"https:\/\/www.n-town.de\/glubbblog\/wp-content\/uploads\/2025\/05\/img_3736-1.jpg\" alt=\"\" width=\"300\" height=\"225\" srcset=\"https:\/\/www.n-town.de\/glubbblog\/wp-content\/uploads\/2025\/05\/img_3736-1.jpg 500w, https:\/\/www.n-town.de\/glubbblog\/wp-content\/uploads\/2025\/05\/img_3736-1-300x225.jpg 300w\" sizes=\"(max-width: 300px) 100vw, 300px\" \/><\/a>Vor 25 Jahren hat der 1.FC N\u00fcrnberg seinen 100. Geburtstag gefeiert, ich war dabei. Bei der Geburtstagsfeier in der Frankenhalle ist Klaus Schamberger aufgetreten und hat uns ob der langen Reden gefragt, ob wir alle &#8220;an belzigen Hindern beinander&#8221; h\u00e4tten und Michael A. Roth hat die Erz\u00e4hlungen eines Meisterspielers abgew\u00fcrgt. So meine Erinnerungen.<\/p>\n<p>Die Mannschaft war damals knapp am Wiederaufstieg 2000 gescheitert, nachdem man <a href=\"https:\/\/www.n-town.de\/glubbblog\/index.php\/archives\/fcn\/448-total-recall-abstieg-1999-12-gegen-freiburg-bei-51-fur-frankfurt.html\" target=\"_blank\" rel=\"noopener\">1999 in letzter Sekunde &#8220;legend\u00e4r schrecklich&#8221;<\/a> abgestiegen ist (&#8220;<a href=\"https:\/\/www.n-town.de\/glubbblog\/index.php\/archives\/fcn\/448-total-recall-abstieg-1999-12-gegen-freiburg-bei-51-fur-frankfurt.html\" target=\"_blank\" rel=\"noopener\"><em>Hier ist N\u00fcrnberg. Wir melden uns vom Abgrund.<\/em><\/a>&#8220;. Gerade zum Hundertj\u00e4hrigen war der Glubb &#8220;gerade mal nicht&#8221; in der 1. Bundesliga, \u00e4rgerlich. Im Jahr drauf, <a href=\"https:\/\/www.n-town.de\/LB_FoAachen.html\" target=\"_blank\" rel=\"noopener\">2001 gelang es dann aber, sogar als Meister<\/a>.<\/p>\n<p>H\u00e4tte damals einer gesagt:<\/p>\n<p><em>Beim 125. Jubil\u00e4um steht der FCN solide auf dem 10. Platz in der 2. Liga und hatte die letzten 6 Jahre nichts mehr mit dem Aufstieg in die erste Liga zu tun &#8211; eher mit dem Abstieg in die 3. Liga.<\/em><\/p>\n<p>Ich h\u00e4tte vermutet, dass sich da dann ca. 15.000 Zuschauer ins Stadion verirren und man den Geburtstag mit &#8220;es war einmal&#8221; feiert, wie ein Opa im Altersheim, der aus dem Rollstuhl heraus berichtet, dass er einst &#8220;der schnellste Sprinter in Deutschland&#8221; war.<\/p>\n<p>Umso erstaunlicher ist es, dass das Spektakel verglichen mit dem Jahr 2000 ungleich gr\u00f6\u00dfer ist. Einen Fanmarsch gab des damals nicht und an eine Choreo \u00fcber das ganze Stadion kann ich mich auch nicht erinnern.<\/p>\n<p>Vielmehr kann N\u00fcrnberg in dieser Saison auf bisher <a href=\"https:\/\/www.transfermarkt.de\/1-fc-nurnberg\/besucherzahlenentwicklung\/verein\/4\" target=\"_blank\" rel=\"noopener\">36.600 Zuschauer im Schnitt<\/a> blicken, was der beste Schnitt in der Zweitligageschichte des Altmeisters \u00fcberhaupt ist. Gew\u00f6hnen wir uns also doch daran?<\/p>\n<p><strong>Klose und Chatzialexiou haben viel ver\u00e4ndert<\/strong><\/p>\n<p>Ein St\u00fcck weit ist es nat\u00fcrlich Gewohnheit, dass die 1. Liga Hoffenheim, Pauli, Kiel, Bochum und Union Berlin in der Tabelle stehen hat. Und wer wei\u00df, vielleicht kommt in 2 Wochen auch noch der SV Elversberg dazu (scheiterten doch in der <a href=\"https:\/\/www.sportschau.de\/fussball\/bundesliga\/bundesliga-gehalten-heidenheim-trifft-in-letzter-minute,relegation-sv-elversberg-fc-heidenheim-100.html\" target=\"_blank\" rel=\"noopener\">Relegation an Heidenheim<\/a>).<\/p>\n<p>Gr\u00f6\u00dftenteils ist es aber der neue Schwung des 1.FC N\u00fcrnberg. Der neue Weg mit begehrten Talenten in der Liga zu spielen &#8211; diese Talente aber auch zu bekommen, weil man wieder einen guten Namen hat. Dass diese Spieler dann ab und an zu einem gr\u00f6\u00dferen Verein wechseln ist normal, aber dann klingelt wenigstens richtig die Kasse, sodass man nahezu gleichwertigen Ersatz holen kann. Das war nicht immer so.<\/p>\n<p>Diesen Weg habe ich erst in der <a href=\"https:\/\/www.n-town.de\/glubbblog\/index.php\/archives\/glubb-live\/12436-fcn-elversberg-13-das-1300-tor-war-ein-traumtor-dann-folgte-der-albtraum.html\" target=\"_blank\" rel=\"noopener\">Halbzeitpause gegen Elversberg<\/a> gelobt und ich bleibe dabei. Auch wenn die Entt\u00e4uschung gerade ziemlich gro\u00df ist, von &#8220;diesem Dorf&#8221; vorgef\u00fchrt worden zu sein.<\/p>\n<p><strong>Wie gelingt ein positiver Blick?<\/strong><\/p>\n<p>Was kann einen also positiv stimmen, au\u00dfer Klose und Chatzialexiou? Nun, das w\u00e4re zum einen der Unterbau.<br \/>\nJugenden, die wieder in den angesagte Ligen spielen und auch dort Talente halten k\u00f6nnen.<br \/>\nEine U23, die in diesem Jahr zwar in der Regionalliga gegen den Abstieg spielte (am vergangenen Wochenende den Klassenerhalt gefeiert), aber regelm\u00e4\u00dfig junge Spieler liefert.<br \/>\nEine gesunde Finanzlage, die zwar noch lange nicht rosig ist, aber zumindest keine gr\u00f6\u00dferen Sorgen oder gar Lizenzauflagen verursacht.<br \/>\nUnd nat\u00fcrlich eine Fanbase, die zahlreich und treu bei Spielen dabei ist.<\/p>\n<p>Au\u00dferdem konnten wir zwei <a href=\"https:\/\/www.n-town.de\/glubbblog\/index.php\/archives\/glubb-live\/12328-274-frankenderby-fcn-fuerth-30-zwei-derbysiege-und-70-tore-miro-macht-den-glubberern-groesstes-geschenk.html\" target=\"_blank\" rel=\"noopener\">Derbysiege mit 7:0 Toren<\/a> feiern und sind schon jetzt &#8220;Frankenmeister&#8221;! Na wenn das kein Grund zum Feiern ist!<\/p>\n<p>Alles Gute, mein lieber 1.FC N\u00fcrnberg. Auf die n\u00e4chsten 25 Jahre!!<\/p>\n<p>PS: <a href=\"https:\/\/www.n-town.de\/glubbblog\/index.php\/archives\/glubbfans\/1703-25-jahre-clubfan-ein-vierteljahrhundert-zwischen-anbetung-aberglaube-und-albtraum.html#google_vignette\" target=\"_blank\" rel=\"noopener\">Ich werde in ein paar Tagen auf 40 Jahre Clubfan zur\u00fcckblicken k\u00f6nnen<\/a>. Unfassbar, aber dieser Verein h\u00e4lt einen jung! \ud83d\ude09<\/p>\n<p><a href=\"https:\/\/www.n-town.de\/glubbblog\/wp-content\/uploads\/2025\/05\/img_3731-1.jpg\"><img loading=\"lazy\" class=\"wp-image-12426 alignleft\" src=\"https:\/\/www.n-town.de\/glubbblog\/wp-content\/uploads\/2025\/05\/img_3731-1.jpg\" alt=\"\" width=\"197\" height=\"148\" srcset=\"https:\/\/www.n-town.de\/glubbblog\/wp-content\/uploads\/2025\/05\/img_3731-1.jpg 500w, https:\/\/www.n-town.de\/glubbblog\/wp-content\/uploads\/2025\/05\/img_3731-1-300x225.jpg 300w\" sizes=\"(max-width: 197px) 100vw, 197px\" \/><\/a>. <a href=\"https:\/\/www.n-town.de\/glubbblog\/wp-content\/uploads\/2025\/05\/img_3732-1.jpg\"><img loading=\"lazy\" class=\"wp-image-12427 alignleft\" src=\"https:\/\/www.n-town.de\/glubbblog\/wp-content\/uploads\/2025\/05\/img_3732-1.jpg\" alt=\"\" width=\"136\" height=\"147\" srcset=\"https:\/\/www.n-town.de\/glubbblog\/wp-content\/uploads\/2025\/05\/img_3732-1.jpg 463w, https:\/\/www.n-town.de\/glubbblog\/wp-content\/uploads\/2025\/05\/img_3732-1-278x300.jpg 278w\" sizes=\"(max-width: 136px) 100vw, 136px\" \/><\/a>. <a href=\"https:\/\/www.n-town.de\/glubbblog\/wp-content\/uploads\/2025\/05\/img_3733-1.jpg\"><img loading=\"lazy\" class=\"alignleft wp-image-12428\" src=\"https:\/\/www.n-town.de\/glubbblog\/wp-content\/uploads\/2025\/05\/img_3733-1.jpg\" alt=\"\" width=\"119\" height=\"149\" srcset=\"https:\/\/www.n-town.de\/glubbblog\/wp-content\/uploads\/2025\/05\/img_3733-1.jpg 399w, https:\/\/www.n-town.de\/glubbblog\/wp-content\/uploads\/2025\/05\/img_3733-1-239x300.jpg 239w\" sizes=\"(max-width: 119px) 100vw, 119px\" \/><\/a>. <a href=\"https:\/\/www.n-town.de\/glubbblog\/wp-content\/uploads\/2025\/05\/img_3734-1.jpg\"><img loading=\"lazy\" class=\"alignleft wp-image-12429\" src=\"https:\/\/www.n-town.de\/glubbblog\/wp-content\/uploads\/2025\/05\/img_3734-1.jpg\" alt=\"\" width=\"249\" height=\"150\" srcset=\"https:\/\/www.n-town.de\/glubbblog\/wp-content\/uploads\/2025\/05\/img_3734-1.jpg 500w, https:\/\/www.n-town.de\/glubbblog\/wp-content\/uploads\/2025\/05\/img_3734-1-300x181.jpg 300w\" sizes=\"(max-width: 249px) 100vw, 249px\" \/><\/a><\/p>\n","protected":false},"excerpt":{"rendered":"<p>Das war der absolute Partycrasher und sehr bezeichnend: Der neunmalige Deutsche Meister 1.FC N\u00fcrnberg feiert seinen 125. Geburtstag vor knapp 50.000 Zuschauern in einem ausverkauften Stadion, in das gut 10.000 Fans per Fanmarsch durch die Frankenmetropole wanderten &#8211; aber verliert dann gegen etwas, was sich &#8220;Elversberg&#8221; nennt, 5x weniger Einwohner als der FCN Mitglieder hat [&hellip;]<\/p>\n","protected":false},"author":4,"featured_media":0,"comment_status":"open","ping_status":"open","sticky":false,"template":"","format":"standard","meta":{"spay_email":""},"categories":[13],"tags":[24,258,193,216],"jetpack_featured_media_url":"","yoast_head":"<!-- This site is optimized with the Yoast SEO plugin v18.3 - https:\/\/yoast.com\/wordpress\/plugins\/seo\/ -->\n<title>Ein Memento zum 125. Geburtstag des (einst) Ruhmreichen! - Glubb-Blog<\/title>\n<meta name=\"robots\" content=\"index, follow, max-snippet:-1, max-image-preview:large, max-video-preview:-1\" \/>\n<link rel=\"canonical\" href=\"https:\/\/www.n-town.de\/glubbblog\/index.php\/archives\/glubbfans\/12435-ein-memento-zum-125-geburtstag-des-einst-ruhmreichen.html\" \/>\n<meta property=\"og:locale\" content=\"de_DE\" \/>\n<meta property=\"og:type\" content=\"article\" \/>\n<meta property=\"og:title\" content=\"Ein Memento zum 125. Geburtstag des (einst) Ruhmreichen! - Glubb-Blog\" \/>\n<meta property=\"og:description\" content=\"Das war der absolute Partycrasher und sehr bezeichnend: Der neunmalige Deutsche Meister 1.FC N\u00fcrnberg feiert seinen 125. Geburtstag vor knapp 50.000 Zuschauern in einem ausverkauften Stadion, in das gut 10.000 Fans per Fanmarsch durch die Frankenmetropole wanderten &#8211; aber verliert dann gegen etwas, was sich &#8220;Elversberg&#8221; nennt, 5x weniger Einwohner als der FCN Mitglieder hat [&hellip;]\" \/>\n<meta property=\"og:url\" content=\"https:\/\/www.n-town.de\/glubbblog\/index.php\/archives\/glubbfans\/12435-ein-memento-zum-125-geburtstag-des-einst-ruhmreichen.html\" \/>\n<meta property=\"og:site_name\" content=\"Glubb-Blog\" \/>\n<meta property=\"article:publisher\" content=\"https:\/\/www.facebook.com\/glubbblog\" \/>\n<meta property=\"article:published_time\" content=\"2025-05-05T15:15:04+00:00\" \/>\n<meta property=\"article:modified_time\" content=\"2025-11-02T16:03:00+00:00\" \/>\n<meta property=\"og:image\" content=\"https:\/\/www.n-town.de\/glubbblog\/wp-content\/uploads\/2025\/05\/img_3739-1.jpg\" \/>\n\t<meta property=\"og:image:width\" content=\"470\" \/>\n\t<meta property=\"og:image:height\" content=\"500\" \/>\n\t<meta property=\"og:image:type\" content=\"image\/jpeg\" \/>\n<meta name=\"twitter:card\" content=\"summary\" \/>\n<meta name=\"twitter:image\" content=\"https:\/\/www.n-town.de\/glubbblog\/wp-content\/uploads\/2025\/05\/img_3739-1.jpg\" \/>\n<meta name=\"twitter:creator\" content=\"@glubb_blog_de\" \/>\n<meta name=\"twitter:site\" content=\"@glubb_blog_de\" \/>\n<meta name=\"twitter:label1\" content=\"Verfasst von\" \/>\n\t<meta name=\"twitter:data1\" content=\"Bomber Manolo\" \/>\n\t<meta name=\"twitter:label2\" content=\"Gesch\u00e4tzte Lesezeit\" \/>\n\t<meta name=\"twitter:data2\" content=\"5\u00a0Minuten\" \/>\n<script type=\"application\/ld+json\" class=\"yoast-schema-graph\">{\"@context\":\"https:\/\/schema.org\",\"@graph\":[{\"@type\":\"WebSite\",\"@id\":\"https:\/\/www.n-town.de\/glubbblog\/#website\",\"url\":\"https:\/\/www.n-town.de\/glubbblog\/\",\"name\":\"Glubb-Blog\",\"description\":\"Clubfans bei FCN-Ausw\u00e4rtsfahrten und Groundhopping\",\"potentialAction\":[{\"@type\":\"SearchAction\",\"target\":{\"@type\":\"EntryPoint\",\"urlTemplate\":\"https:\/\/www.n-town.de\/glubbblog\/?s={search_term_string}\"},\"query-input\":\"required name=search_term_string\"}],\"inLanguage\":\"de\"},{\"@type\":\"ImageObject\",\"@id\":\"https:\/\/www.n-town.de\/glubbblog\/index.php\/archives\/glubbfans\/12435-ein-memento-zum-125-geburtstag-des-einst-ruhmreichen.html#primaryimage\",\"inLanguage\":\"de\",\"url\":\"https:\/\/www.n-town.de\/glubbblog\/wp-content\/uploads\/2025\/05\/img_3739-1.jpg\",\"contentUrl\":\"https:\/\/www.n-town.de\/glubbblog\/wp-content\/uploads\/2025\/05\/img_3739-1.jpg\",\"width\":470,\"height\":500},{\"@type\":\"WebPage\",\"@id\":\"https:\/\/www.n-town.de\/glubbblog\/index.php\/archives\/glubbfans\/12435-ein-memento-zum-125-geburtstag-des-einst-ruhmreichen.html#webpage\",\"url\":\"https:\/\/www.n-town.de\/glubbblog\/index.php\/archives\/glubbfans\/12435-ein-memento-zum-125-geburtstag-des-einst-ruhmreichen.html\",\"name\":\"Ein Memento zum 125. Geburtstag des (einst) Ruhmreichen! - Glubb-Blog\",\"isPartOf\":{\"@id\":\"https:\/\/www.n-town.de\/glubbblog\/#website\"},\"primaryImageOfPage\":{\"@id\":\"https:\/\/www.n-town.de\/glubbblog\/index.php\/archives\/glubbfans\/12435-ein-memento-zum-125-geburtstag-des-einst-ruhmreichen.html#primaryimage\"},\"datePublished\":\"2025-05-05T15:15:04+00:00\",\"dateModified\":\"2025-11-02T16:03:00+00:00\",\"author\":{\"@id\":\"https:\/\/www.n-town.de\/glubbblog\/#\/schema\/person\/23822a94b519ca1de591c4492e0e104e\"},\"breadcrumb\":{\"@id\":\"https:\/\/www.n-town.de\/glubbblog\/index.php\/archives\/glubbfans\/12435-ein-memento-zum-125-geburtstag-des-einst-ruhmreichen.html#breadcrumb\"},\"inLanguage\":\"de\",\"potentialAction\":[{\"@type\":\"ReadAction\",\"target\":[\"https:\/\/www.n-town.de\/glubbblog\/index.php\/archives\/glubbfans\/12435-ein-memento-zum-125-geburtstag-des-einst-ruhmreichen.html\"]}]},{\"@type\":\"BreadcrumbList\",\"@id\":\"https:\/\/www.n-town.de\/glubbblog\/index.php\/archives\/glubbfans\/12435-ein-memento-zum-125-geburtstag-des-einst-ruhmreichen.html#breadcrumb\",\"itemListElement\":[{\"@type\":\"ListItem\",\"position\":1,\"name\":\"Home\",\"item\":\"https:\/\/www.n-town.de\/glubbblog\"},{\"@type\":\"ListItem\",\"position\":2,\"name\":\"Ein Memento zum 125. Geburtstag des (einst) Ruhmreichen!\"}]},{\"@type\":\"Person\",\"@id\":\"https:\/\/www.n-town.de\/glubbblog\/#\/schema\/person\/23822a94b519ca1de591c4492e0e104e\",\"name\":\"Bomber Manolo\",\"image\":{\"@type\":\"ImageObject\",\"@id\":\"https:\/\/www.n-town.de\/glubbblog\/#personlogo\",\"inLanguage\":\"de\",\"url\":\"https:\/\/secure.gravatar.com\/avatar\/745e89a5226a55ce3ed5fac4a51dced8?s=96&d=mm&r=g\",\"contentUrl\":\"https:\/\/secure.gravatar.com\/avatar\/745e89a5226a55ce3ed5fac4a51dced8?s=96&d=mm&r=g\",\"caption\":\"Bomber Manolo\"},\"sameAs\":[\"https:\/\/www.n-town.de\"],\"url\":\"https:\/\/www.n-town.de\/glubbblog\/index.php\/archives\/author\/andy\"}]}<\/script>\n<!-- \/ Yoast SEO plugin. -->","yoast_head_json":{"title":"Ein Memento zum 125. Geburtstag des (einst) Ruhmreichen! - Glubb-Blog","robots":{"index":"index","follow":"follow","max-snippet":"max-snippet:-1","max-image-preview":"max-image-preview:large","max-video-preview":"max-video-preview:-1"},"canonical":"https:\/\/www.n-town.de\/glubbblog\/index.php\/archives\/glubbfans\/12435-ein-memento-zum-125-geburtstag-des-einst-ruhmreichen.html","og_locale":"de_DE","og_type":"article","og_title":"Ein Memento zum 125. Geburtstag des (einst) Ruhmreichen! - Glubb-Blog","og_description":"Das war der absolute Partycrasher und sehr bezeichnend: Der neunmalige Deutsche Meister 1.FC N\u00fcrnberg feiert seinen 125. Geburtstag vor knapp 50.000 Zuschauern in einem ausverkauften Stadion, in das gut 10.000 Fans per Fanmarsch durch die Frankenmetropole wanderten &#8211; aber verliert dann gegen etwas, was sich &#8220;Elversberg&#8221; nennt, 5x weniger Einwohner als der FCN Mitglieder hat [&hellip;]","og_url":"https:\/\/www.n-town.de\/glubbblog\/index.php\/archives\/glubbfans\/12435-ein-memento-zum-125-geburtstag-des-einst-ruhmreichen.html","og_site_name":"Glubb-Blog","article_publisher":"https:\/\/www.facebook.com\/glubbblog","article_published_time":"2025-05-05T15:15:04+00:00","article_modified_time":"2025-11-02T16:03:00+00:00","og_image":[{"width":470,"height":500,"url":"https:\/\/www.n-town.de\/glubbblog\/wp-content\/uploads\/2025\/05\/img_3739-1.jpg","type":"image\/jpeg"}],"twitter_card":"summary","twitter_image":"https:\/\/www.n-town.de\/glubbblog\/wp-content\/uploads\/2025\/05\/img_3739-1.jpg","twitter_creator":"@glubb_blog_de","twitter_site":"@glubb_blog_de","twitter_misc":{"Verfasst von":"Bomber Manolo","Gesch\u00e4tzte Lesezeit":"5\u00a0Minuten"},"schema":{"@context":"https:\/\/schema.org","@graph":[{"@type":"WebSite","@id":"https:\/\/www.n-town.de\/glubbblog\/#website","url":"https:\/\/www.n-town.de\/glubbblog\/","name":"Glubb-Blog","description":"Clubfans bei FCN-Ausw\u00e4rtsfahrten und Groundhopping","potentialAction":[{"@type":"SearchAction","target":{"@type":"EntryPoint","urlTemplate":"https:\/\/www.n-town.de\/glubbblog\/?s={search_term_string}"},"query-input":"required name=search_term_string"}],"inLanguage":"de"},{"@type":"ImageObject","@id":"https:\/\/www.n-town.de\/glubbblog\/index.php\/archives\/glubbfans\/12435-ein-memento-zum-125-geburtstag-des-einst-ruhmreichen.html#primaryimage","inLanguage":"de","url":"https:\/\/www.n-town.de\/glubbblog\/wp-content\/uploads\/2025\/05\/img_3739-1.jpg","contentUrl":"https:\/\/www.n-town.de\/glubbblog\/wp-content\/uploads\/2025\/05\/img_3739-1.jpg","width":470,"height":500},{"@type":"WebPage","@id":"https:\/\/www.n-town.de\/glubbblog\/index.php\/archives\/glubbfans\/12435-ein-memento-zum-125-geburtstag-des-einst-ruhmreichen.html#webpage","url":"https:\/\/www.n-town.de\/glubbblog\/index.php\/archives\/glubbfans\/12435-ein-memento-zum-125-geburtstag-des-einst-ruhmreichen.html","name":"Ein Memento zum 125. Geburtstag des (einst) Ruhmreichen! - Glubb-Blog","isPartOf":{"@id":"https:\/\/www.n-town.de\/glubbblog\/#website"},"primaryImageOfPage":{"@id":"https:\/\/www.n-town.de\/glubbblog\/index.php\/archives\/glubbfans\/12435-ein-memento-zum-125-geburtstag-des-einst-ruhmreichen.html#primaryimage"},"datePublished":"2025-05-05T15:15:04+00:00","dateModified":"2025-11-02T16:03:00+00:00","author":{"@id":"https:\/\/www.n-town.de\/glubbblog\/#\/schema\/person\/23822a94b519ca1de591c4492e0e104e"},"breadcrumb":{"@id":"https:\/\/www.n-town.de\/glubbblog\/index.php\/archives\/glubbfans\/12435-ein-memento-zum-125-geburtstag-des-einst-ruhmreichen.html#breadcrumb"},"inLanguage":"de","potentialAction":[{"@type":"ReadAction","target":["https:\/\/www.n-town.de\/glubbblog\/index.php\/archives\/glubbfans\/12435-ein-memento-zum-125-geburtstag-des-einst-ruhmreichen.html"]}]},{"@type":"BreadcrumbList","@id":"https:\/\/www.n-town.de\/glubbblog\/index.php\/archives\/glubbfans\/12435-ein-memento-zum-125-geburtstag-des-einst-ruhmreichen.html#breadcrumb","itemListElement":[{"@type":"ListItem","position":1,"name":"Home","item":"https:\/\/www.n-town.de\/glubbblog"},{"@type":"ListItem","position":2,"name":"Ein Memento zum 125. Geburtstag des (einst) Ruhmreichen!"}]},{"@type":"Person","@id":"https:\/\/www.n-town.de\/glubbblog\/#\/schema\/person\/23822a94b519ca1de591c4492e0e104e","name":"Bomber Manolo","image":{"@type":"ImageObject","@id":"https:\/\/www.n-town.de\/glubbblog\/#personlogo","inLanguage":"de","url":"https:\/\/secure.gravatar.com\/avatar\/745e89a5226a55ce3ed5fac4a51dced8?s=96&d=mm&r=g","contentUrl":"https:\/\/secure.gravatar.com\/avatar\/745e89a5226a55ce3ed5fac4a51dced8?s=96&d=mm&r=g","caption":"Bomber Manolo"},"sameAs":["https:\/\/www.n-town.de"],"url":"https:\/\/www.n-town.de\/glubbblog\/index.php\/archives\/author\/andy"}]}},"_links":{"self":[{"href":"https:\/\/www.n-town.de\/glubbblog\/index.php\/wp-json\/wp\/v2\/posts\/12435"}],"collection":[{"href":"https:\/\/www.n-town.de\/glubbblog\/index.php\/wp-json\/wp\/v2\/posts"}],"about":[{"href":"https:\/\/www.n-town.de\/glubbblog\/index.php\/wp-json\/wp\/v2\/types\/post"}],"author":[{"embeddable":true,"href":"https:\/\/www.n-town.de\/glubbblog\/index.php\/wp-json\/wp\/v2\/users\/4"}],"replies":[{"embeddable":true,"href":"https:\/\/www.n-town.de\/glubbblog\/index.php\/wp-json\/wp\/v2\/comments?post=12435"}],"version-history":[{"count":9,"href":"https:\/\/www.n-town.de\/glubbblog\/index.php\/wp-json\/wp\/v2\/posts\/12435\/revisions"}],"predecessor-version":[{"id":12735,"href":"https:\/\/www.n-town.de\/glubbblog\/index.php\/wp-json\/wp\/v2\/posts\/12435\/revisions\/12735"}],"wp:attachment":[{"href":"https:\/\/www.n-town.de\/glubbblog\/index.php\/wp-json\/wp\/v2\/media?parent=12435"}],"wp:term":[{"taxonomy":"category","embeddable":true,"href":"https:\/\/www.n-town.de\/glubbblog\/index.php\/wp-json\/wp\/v2\/categories?post=12435"},{"taxonomy":"post_tag","embeddable":true,"href":"https:\/\/www.n-town.de\/glubbblog\/index.php\/wp-json\/wp\/v2\/tags?post=12435"}],"curies":[{"name":"wp","href":"https:\/\/api.w.org\/{rel}","templated":true}]}}