{"id":12531,"date":"2025-08-03T13:41:09","date_gmt":"2025-08-03T11:41:09","guid":{"rendered":"https:\/\/www.n-town.de\/glubbblog\/?p=12531"},"modified":"2025-08-03T13:44:52","modified_gmt":"2025-08-03T11:44:52","slug":"elversberg-fcn-10-der-glubb-ist-ein-kind-mit-einem-brennglas","status":"publish","type":"post","link":"https:\/\/www.n-town.de\/glubbblog\/index.php\/archives\/glubb-live\/12531-elversberg-fcn-10-der-glubb-ist-ein-kind-mit-einem-brennglas.html","title":{"rendered":"Elversberg &#8211; FCN 1:0! Der Glubb ist ein Kind mit einem Brennglas!"},"content":{"rendered":"<p><a href=\"https:\/\/www.n-town.de\/glubbblog\/wp-content\/uploads\/2025\/08\/img_8404.jpg\"><img loading=\"lazy\" class=\"alignleft wp-image-12530\" src=\"https:\/\/www.n-town.de\/glubbblog\/wp-content\/uploads\/2025\/08\/img_8404.jpg\" alt=\"\" width=\"300\" height=\"225\" srcset=\"https:\/\/www.n-town.de\/glubbblog\/wp-content\/uploads\/2025\/08\/img_8404.jpg 500w, https:\/\/www.n-town.de\/glubbblog\/wp-content\/uploads\/2025\/08\/img_8404-300x225.jpg 300w\" sizes=\"(max-width: 300px) 100vw, 300px\" \/><\/a>Diese kleine Hommage an <a href=\"https:\/\/de.wikipedia.org\/wiki\/Bruce_Allm%C3%A4chtig\" target=\"_blank\" rel=\"noopener\">Bruce Almighty<\/a> sei mir verg\u00f6nnt, aber genau das f\u00fchlte ich gestern: &#8220;Der Glubb ist ein fieses Kind, das mit nem Brennglas auf einem Ameisenhaufen hockt und ich bin die Ameise&#8221;! Ich hatte ja mit einer Niederlage in Elversberg gerechnet, da ich allgemein mit einem schlechten Start gerechnet habe, <a href=\"https:\/\/www.n-town.de\/glubbblog\/index.php\/archives\/glubb-news\/12511-saisonvorschau-am-5-spieltag-wird-klose-angezaehlt.html\" target=\"_blank\" rel=\"noopener\">da die Mannschaft ja noch gar nicht fertig ist<\/a>. Aber der FCN qu\u00e4lt einen, l\u00e4sst uns kurz Hoffnung &#8211; um dann wieder dramatisch zu scheitern. Der 1.FC N\u00fcrnberg verliert beim SV Elversberg mit 1:0 und startet damit zum 4. Mal in Folge mit einer Niederlage in die 2. Bundesliga. Wieder ein Negativrekord. In der Nachspielzeit wurde es dann auch noch zu einem Wechselbad der Gef\u00fchle, aber letztendlich steht man mit 0 Punkten ganz unten in der Tabelle. Und das Umfeld reagiert wie erwartet.<\/p>\r\n<p>Es h\u00e4tte so gut laufen k\u00f6nnen: Schon nach 2 Minuten hatte der 17j\u00e4hrige Artem Stepanov die F\u00fchrung f\u00fcr N\u00fcrnberg auf dem Fuss, traf aber den Ball nicht richtig. Doch der Glubb blieb dran, war immer gef\u00e4hrlich.\u00a0<\/p>\r\n<p>Erst nach einer halben Stunde kam der Gastgeber ins Spiel, aber kam kaum zu Chancen. Erst kurz vor der Pause wird es brenzlig, doch Schnellbacher und Zimmerschied k\u00f6nnen am Torschuss gehindert werden.\u00a0<\/p>\r\n<p>In der zweiten H\u00e4lfte wird es zunehmend langweiliger, erst in der 65. Minute haben die Hausherren die dickste M\u00f6glichkeit:\u00a0Sickinger lupft \u00fcber die Abwehrkette in den Lauf von Cont\u00e9, der zum Gl\u00fcck \u00fcber den Querbalken wuchtet. Gleich drauf ein Ballverlust von Baak und Petkov kommt frei zum Abschlu\u00df, doch vorbei.<\/p>\r\n<p>Als das Spiel dahinpl\u00e4tscherte und der Sky-Reporter schon von einem typischen 0:0 sprach, gab es Eckball f\u00fcr Elversberg. Bei 89:38 auf der Uhr wusste jeder Glubberer, was jetzt folgen w\u00fcrde: Keidel schl\u00e4gt den Ball nach innen und Rohr steigt am h\u00f6chsten. 1:0 in der 90. Minute. Willkommen beim Glubb, liebe Neuzug\u00e4nge.<\/p>\r\n<p>ABER es w\u00e4re ja nicht der Glubb, wenn man die mitgereisten Fans nicht auch noch etwas qu\u00e4len w\u00fcrde. Denn in der 95. gibt es Elfmeter f\u00fcr N\u00fcrnberg! Knoche stand schon am Ball, als der VAR das Foul aus dem Strafraum herausverlegte. Also Freisto\u00df.\u00a0<\/p>\r\n<p>Lubach setzt den Freisto\u00df sehenswert an die Latte, Kristof hat wohl seinen Anteil daran und im Nachschu\u00df verfehlt Gruber das leeren Tor!<\/p>\r\n<p>Dann war Schlu\u00df.<\/p>\r\n<p><strong>Fazit:<\/strong><\/p>\r\n<p><a href=\"https:\/\/www.n-town.de\/glubbblog\/wp-content\/uploads\/2025\/08\/img_8405.jpg\"><img loading=\"lazy\" class=\"alignleft wp-image-12529\" src=\"https:\/\/www.n-town.de\/glubbblog\/wp-content\/uploads\/2025\/08\/img_8405.jpg\" alt=\"\" width=\"222\" height=\"300\" srcset=\"https:\/\/www.n-town.de\/glubbblog\/wp-content\/uploads\/2025\/08\/img_8405.jpg 370w, https:\/\/www.n-town.de\/glubbblog\/wp-content\/uploads\/2025\/08\/img_8405-222x300.jpg 222w\" sizes=\"(max-width: 222px) 100vw, 222px\" \/><\/a>Nat\u00fcrlich hab ich mit einer Auftaktniederlage gerechnet! Aber klar, mein Glubb muss mich richtig qu\u00e4len. Aber irgendwie hat es auch meine <a href=\"https:\/\/www.n-town.de\/glubbblog\/index.php\/archives\/glubb-news\/12511-saisonvorschau-am-5-spieltag-wird-klose-angezaehlt.html\" target=\"_blank\" rel=\"noopener\">Prognose<\/a> von der letzten Woche best\u00e4tigt: F\u00fcr diese Truppe kommt der Saisonstart zu fr\u00fch. Abstimmungsfehler an allen Ecken und Enden. Junge Spieler, die jetzt performen sollen, aber f\u00fcr Stepanov mit seinen 17 Jahren und Lubach mit seinen 20 ist das doch etwas viel Last auf den Schultern.\u00a0Dazu einen Mickael Biron, der noch gro\u00dfe technische Probleme hat. Im Pegnitzgrund sagte man immer &#8220;der kann den Ball weiter stoppen, als er ihn schie\u00dfen kann&#8221;. \ud83d\ude09<\/p>\r\n<p>Schon klar, das sind gute Leute, aber die brauchen noch ein paar Wochen &#8211; <a href=\"https:\/\/www.n-town.de\/glubbblog\/index.php\/archives\/glubb-news\/12511-saisonvorschau-am-5-spieltag-wird-klose-angezaehlt.html\" target=\"_blank\" rel=\"noopener\">aber da steckst halt in der Tabelle schon hinten drin<\/a>. 2 bis 3 gestandene Profis w\u00e4ren in der Mannschaft echt noch n\u00f6tig. Dann k\u00f6nnten Konter vielleicht mal sauber zu Ende gespielt werden und nicht jedes Mal &#8220;die falsche Entscheidung&#8221; getroffen werden.<\/p>\r\n<p>Statistik: Tore 1:0, Torsch\u00fcsse 12:11, Ballbesitz 55:45%, Zweikampfquote 49:51%, Ecken 2:4, xGoals 1,06:0,97! Die Statistik zeigt es, der FCN h\u00e4tte ein Unentschieden verdient gehabt, auch wenn ich klar sagen muss, dass der SVE jetzt nicht unverdient gewonnen hat. Die Zweikampfquote macht Mut.<\/p>\r\n<p><strong>RelVoSprung: -3\/0<\/strong><\/p>\r\n<p>Naja, ich schreib sie mal auf, auch wenn sie noch wenig Aussagekraft hat. Doch die Ergebnisse waren schon beeindruckend: Denn erste Tabellenf\u00fchrer ist Aufsteiger Arminia Bielefeld nach einem 5:1-Erfolg \u00fcber D\u00fcsseldorf (Torsch\u00fctze ein gewisser Julian Kania) &#8211; die damit nat\u00fcrlich Letzter sind. Zweiter ist Darmstadt, nach einem 4:1-Erfolg gegen Erstliga-Absteiger VFL Bochum. Aber heute sind ja noch ein paar Spiele.<\/p>\r\n<p><strong>Fans:<\/strong><\/p>\r\n<p><a href=\"https:\/\/www.n-town.de\/glubbblog\/wp-content\/uploads\/2025\/08\/img_8406.jpg\"><img loading=\"lazy\" class=\"alignleft wp-image-12528\" src=\"https:\/\/www.n-town.de\/glubbblog\/wp-content\/uploads\/2025\/08\/img_8406.jpg\" alt=\"\" width=\"264\" height=\"303\" srcset=\"https:\/\/www.n-town.de\/glubbblog\/wp-content\/uploads\/2025\/08\/img_8406.jpg 436w, https:\/\/www.n-town.de\/glubbblog\/wp-content\/uploads\/2025\/08\/img_8406-262x300.jpg 262w\" sizes=\"(max-width: 264px) 100vw, 264px\" \/><\/a>Die begeistern mit immer wieder! Diese Vorbereitung und trotzdem sind sie wieder alle dabei beim Trip ins Saarland, auch wenn sie wieder entt\u00e4uscht abziehen m\u00fcssen. Respekt, echt!<\/p>\r\n<p>Ansonsten ist es echt erschreckend was f\u00fcr ein Dorfverein dort in der 2. Liga performt und letzte Saison fast in die Bundesliga aufgestiegen w\u00e4re. Unfassbar, was haben wir alles falsch gemacht. Wir haben halt nicht einen solchen <a href=\"https:\/\/www.kicker.de\/elversberg-macher-holzer-die-notlage-bot-mir-eine-plattform-1075467\/artikel\" target=\"_blank\" rel=\"noopener\">Geldgeber<\/a>, aber Geld allein bringts ja auch nicht, wie man an der Berliner Hertha in den letzten Jahren sehen kann.<\/p>\r\n<p>Nun kommt zum ersten Heimspiel der Saison der 4:1-Sieger SV Darmstadt ins Max-Morlock-Stadion. Die Truppe muss ich unbedingt steigern und punkten, sonst biste erstmal unten in der Tabelle festgewachsen. Hoffen wir das Beste!<\/p>\r\n<p>Alles f\u00fcr rot-schwarz<\/p>\r\n<p>Danke f\u00fcr die Bilder Sch\u00e4tzi und H\u00f6tzi<\/p>\r\n<p>&nbsp;<\/p>\r\n\r\n<figure class=\"wp-block-image size-large\"><\/figure>\r\n\r\n\r\n\r\n<figure class=\"wp-block-image size-large\"><\/figure>\r\n\r\n<p>&nbsp;<\/p>","protected":false},"excerpt":{"rendered":"<p>Diese kleine Hommage an Bruce Almighty sei mir verg\u00f6nnt, aber genau das f\u00fchlte ich gestern: &#8220;Der Glubb ist ein fieses Kind, das mit nem Brennglas auf einem Ameisenhaufen hockt und ich bin die Ameise&#8221;! Ich hatte ja mit einer Niederlage in Elversberg gerechnet, da ich allgemein mit einem schlechten Start gerechnet habe, da die Mannschaft [&hellip;]<\/p>\n","protected":false},"author":4,"featured_media":0,"comment_status":"closed","ping_status":"open","sticky":false,"template":"","format":"standard","meta":{"spay_email":""},"categories":[5],"tags":[83],"jetpack_featured_media_url":"","yoast_head":"<!-- This site is optimized with the Yoast SEO plugin v18.3 - https:\/\/yoast.com\/wordpress\/plugins\/seo\/ -->\n<title>Elversberg - FCN 1:0! Der Glubb ist ein Kind mit einem Brennglas! - Glubb-Blog<\/title>\n<meta name=\"robots\" content=\"index, follow, max-snippet:-1, max-image-preview:large, max-video-preview:-1\" \/>\n<link rel=\"canonical\" href=\"https:\/\/www.n-town.de\/glubbblog\/index.php\/archives\/glubb-live\/12531-elversberg-fcn-10-der-glubb-ist-ein-kind-mit-einem-brennglas.html\" \/>\n<meta property=\"og:locale\" content=\"de_DE\" \/>\n<meta property=\"og:type\" content=\"article\" \/>\n<meta property=\"og:title\" content=\"Elversberg - FCN 1:0! Der Glubb ist ein Kind mit einem Brennglas! - Glubb-Blog\" \/>\n<meta property=\"og:description\" content=\"Diese kleine Hommage an Bruce Almighty sei mir verg\u00f6nnt, aber genau das f\u00fchlte ich gestern: &#8220;Der Glubb ist ein fieses Kind, das mit nem Brennglas auf einem Ameisenhaufen hockt und ich bin die Ameise&#8221;! Ich hatte ja mit einer Niederlage in Elversberg gerechnet, da ich allgemein mit einem schlechten Start gerechnet habe, da die Mannschaft [&hellip;]\" \/>\n<meta property=\"og:url\" content=\"https:\/\/www.n-town.de\/glubbblog\/index.php\/archives\/glubb-live\/12531-elversberg-fcn-10-der-glubb-ist-ein-kind-mit-einem-brennglas.html\" \/>\n<meta property=\"og:site_name\" content=\"Glubb-Blog\" \/>\n<meta property=\"article:publisher\" content=\"https:\/\/www.facebook.com\/glubbblog\" \/>\n<meta property=\"article:published_time\" content=\"2025-08-03T11:41:09+00:00\" \/>\n<meta property=\"article:modified_time\" content=\"2025-08-03T11:44:52+00:00\" \/>\n<meta property=\"og:image\" content=\"https:\/\/www.n-town.de\/glubbblog\/wp-content\/uploads\/2025\/08\/img_8404.jpg\" \/>\n\t<meta property=\"og:image:width\" content=\"500\" \/>\n\t<meta property=\"og:image:height\" content=\"375\" \/>\n\t<meta property=\"og:image:type\" content=\"image\/jpeg\" \/>\n<meta name=\"twitter:card\" content=\"summary\" \/>\n<meta name=\"twitter:image\" content=\"https:\/\/www.n-town.de\/glubbblog\/wp-content\/uploads\/2025\/08\/img_8404.jpg\" \/>\n<meta name=\"twitter:creator\" content=\"@glubb_blog_de\" \/>\n<meta name=\"twitter:site\" content=\"@glubb_blog_de\" \/>\n<meta name=\"twitter:label1\" content=\"Verfasst von\" \/>\n\t<meta name=\"twitter:data1\" content=\"Bomber Manolo\" \/>\n\t<meta name=\"twitter:label2\" content=\"Gesch\u00e4tzte Lesezeit\" \/>\n\t<meta name=\"twitter:data2\" content=\"4\u00a0Minuten\" \/>\n<script type=\"application\/ld+json\" class=\"yoast-schema-graph\">{\"@context\":\"https:\/\/schema.org\",\"@graph\":[{\"@type\":\"WebSite\",\"@id\":\"https:\/\/www.n-town.de\/glubbblog\/#website\",\"url\":\"https:\/\/www.n-town.de\/glubbblog\/\",\"name\":\"Glubb-Blog\",\"description\":\"Clubfans bei FCN-Ausw\u00e4rtsfahrten und Groundhopping\",\"potentialAction\":[{\"@type\":\"SearchAction\",\"target\":{\"@type\":\"EntryPoint\",\"urlTemplate\":\"https:\/\/www.n-town.de\/glubbblog\/?s={search_term_string}\"},\"query-input\":\"required name=search_term_string\"}],\"inLanguage\":\"de\"},{\"@type\":\"ImageObject\",\"@id\":\"https:\/\/www.n-town.de\/glubbblog\/index.php\/archives\/glubb-live\/12531-elversberg-fcn-10-der-glubb-ist-ein-kind-mit-einem-brennglas.html#primaryimage\",\"inLanguage\":\"de\",\"url\":\"https:\/\/www.n-town.de\/glubbblog\/wp-content\/uploads\/2025\/08\/img_8404.jpg\",\"contentUrl\":\"https:\/\/www.n-town.de\/glubbblog\/wp-content\/uploads\/2025\/08\/img_8404.jpg\",\"width\":500,\"height\":375},{\"@type\":\"WebPage\",\"@id\":\"https:\/\/www.n-town.de\/glubbblog\/index.php\/archives\/glubb-live\/12531-elversberg-fcn-10-der-glubb-ist-ein-kind-mit-einem-brennglas.html#webpage\",\"url\":\"https:\/\/www.n-town.de\/glubbblog\/index.php\/archives\/glubb-live\/12531-elversberg-fcn-10-der-glubb-ist-ein-kind-mit-einem-brennglas.html\",\"name\":\"Elversberg - FCN 1:0! Der Glubb ist ein Kind mit einem Brennglas! - Glubb-Blog\",\"isPartOf\":{\"@id\":\"https:\/\/www.n-town.de\/glubbblog\/#website\"},\"primaryImageOfPage\":{\"@id\":\"https:\/\/www.n-town.de\/glubbblog\/index.php\/archives\/glubb-live\/12531-elversberg-fcn-10-der-glubb-ist-ein-kind-mit-einem-brennglas.html#primaryimage\"},\"datePublished\":\"2025-08-03T11:41:09+00:00\",\"dateModified\":\"2025-08-03T11:44:52+00:00\",\"author\":{\"@id\":\"https:\/\/www.n-town.de\/glubbblog\/#\/schema\/person\/23822a94b519ca1de591c4492e0e104e\"},\"breadcrumb\":{\"@id\":\"https:\/\/www.n-town.de\/glubbblog\/index.php\/archives\/glubb-live\/12531-elversberg-fcn-10-der-glubb-ist-ein-kind-mit-einem-brennglas.html#breadcrumb\"},\"inLanguage\":\"de\",\"potentialAction\":[{\"@type\":\"ReadAction\",\"target\":[\"https:\/\/www.n-town.de\/glubbblog\/index.php\/archives\/glubb-live\/12531-elversberg-fcn-10-der-glubb-ist-ein-kind-mit-einem-brennglas.html\"]}]},{\"@type\":\"BreadcrumbList\",\"@id\":\"https:\/\/www.n-town.de\/glubbblog\/index.php\/archives\/glubb-live\/12531-elversberg-fcn-10-der-glubb-ist-ein-kind-mit-einem-brennglas.html#breadcrumb\",\"itemListElement\":[{\"@type\":\"ListItem\",\"position\":1,\"name\":\"Home\",\"item\":\"https:\/\/www.n-town.de\/glubbblog\"},{\"@type\":\"ListItem\",\"position\":2,\"name\":\"Elversberg &#8211; FCN 1:0! Der Glubb ist ein Kind mit einem Brennglas!\"}]},{\"@type\":\"Person\",\"@id\":\"https:\/\/www.n-town.de\/glubbblog\/#\/schema\/person\/23822a94b519ca1de591c4492e0e104e\",\"name\":\"Bomber Manolo\",\"image\":{\"@type\":\"ImageObject\",\"@id\":\"https:\/\/www.n-town.de\/glubbblog\/#personlogo\",\"inLanguage\":\"de\",\"url\":\"https:\/\/secure.gravatar.com\/avatar\/745e89a5226a55ce3ed5fac4a51dced8?s=96&d=mm&r=g\",\"contentUrl\":\"https:\/\/secure.gravatar.com\/avatar\/745e89a5226a55ce3ed5fac4a51dced8?s=96&d=mm&r=g\",\"caption\":\"Bomber Manolo\"},\"sameAs\":[\"https:\/\/www.n-town.de\"],\"url\":\"https:\/\/www.n-town.de\/glubbblog\/index.php\/archives\/author\/andy\"}]}<\/script>\n<!-- \/ Yoast SEO plugin. -->","yoast_head_json":{"title":"Elversberg - FCN 1:0! Der Glubb ist ein Kind mit einem Brennglas! - Glubb-Blog","robots":{"index":"index","follow":"follow","max-snippet":"max-snippet:-1","max-image-preview":"max-image-preview:large","max-video-preview":"max-video-preview:-1"},"canonical":"https:\/\/www.n-town.de\/glubbblog\/index.php\/archives\/glubb-live\/12531-elversberg-fcn-10-der-glubb-ist-ein-kind-mit-einem-brennglas.html","og_locale":"de_DE","og_type":"article","og_title":"Elversberg - FCN 1:0! Der Glubb ist ein Kind mit einem Brennglas! - Glubb-Blog","og_description":"Diese kleine Hommage an Bruce Almighty sei mir verg\u00f6nnt, aber genau das f\u00fchlte ich gestern: &#8220;Der Glubb ist ein fieses Kind, das mit nem Brennglas auf einem Ameisenhaufen hockt und ich bin die Ameise&#8221;! Ich hatte ja mit einer Niederlage in Elversberg gerechnet, da ich allgemein mit einem schlechten Start gerechnet habe, da die Mannschaft [&hellip;]","og_url":"https:\/\/www.n-town.de\/glubbblog\/index.php\/archives\/glubb-live\/12531-elversberg-fcn-10-der-glubb-ist-ein-kind-mit-einem-brennglas.html","og_site_name":"Glubb-Blog","article_publisher":"https:\/\/www.facebook.com\/glubbblog","article_published_time":"2025-08-03T11:41:09+00:00","article_modified_time":"2025-08-03T11:44:52+00:00","og_image":[{"width":500,"height":375,"url":"https:\/\/www.n-town.de\/glubbblog\/wp-content\/uploads\/2025\/08\/img_8404.jpg","type":"image\/jpeg"}],"twitter_card":"summary","twitter_image":"https:\/\/www.n-town.de\/glubbblog\/wp-content\/uploads\/2025\/08\/img_8404.jpg","twitter_creator":"@glubb_blog_de","twitter_site":"@glubb_blog_de","twitter_misc":{"Verfasst von":"Bomber Manolo","Gesch\u00e4tzte Lesezeit":"4\u00a0Minuten"},"schema":{"@context":"https:\/\/schema.org","@graph":[{"@type":"WebSite","@id":"https:\/\/www.n-town.de\/glubbblog\/#website","url":"https:\/\/www.n-town.de\/glubbblog\/","name":"Glubb-Blog","description":"Clubfans bei FCN-Ausw\u00e4rtsfahrten und Groundhopping","potentialAction":[{"@type":"SearchAction","target":{"@type":"EntryPoint","urlTemplate":"https:\/\/www.n-town.de\/glubbblog\/?s={search_term_string}"},"query-input":"required name=search_term_string"}],"inLanguage":"de"},{"@type":"ImageObject","@id":"https:\/\/www.n-town.de\/glubbblog\/index.php\/archives\/glubb-live\/12531-elversberg-fcn-10-der-glubb-ist-ein-kind-mit-einem-brennglas.html#primaryimage","inLanguage":"de","url":"https:\/\/www.n-town.de\/glubbblog\/wp-content\/uploads\/2025\/08\/img_8404.jpg","contentUrl":"https:\/\/www.n-town.de\/glubbblog\/wp-content\/uploads\/2025\/08\/img_8404.jpg","width":500,"height":375},{"@type":"WebPage","@id":"https:\/\/www.n-town.de\/glubbblog\/index.php\/archives\/glubb-live\/12531-elversberg-fcn-10-der-glubb-ist-ein-kind-mit-einem-brennglas.html#webpage","url":"https:\/\/www.n-town.de\/glubbblog\/index.php\/archives\/glubb-live\/12531-elversberg-fcn-10-der-glubb-ist-ein-kind-mit-einem-brennglas.html","name":"Elversberg - FCN 1:0! Der Glubb ist ein Kind mit einem Brennglas! - Glubb-Blog","isPartOf":{"@id":"https:\/\/www.n-town.de\/glubbblog\/#website"},"primaryImageOfPage":{"@id":"https:\/\/www.n-town.de\/glubbblog\/index.php\/archives\/glubb-live\/12531-elversberg-fcn-10-der-glubb-ist-ein-kind-mit-einem-brennglas.html#primaryimage"},"datePublished":"2025-08-03T11:41:09+00:00","dateModified":"2025-08-03T11:44:52+00:00","author":{"@id":"https:\/\/www.n-town.de\/glubbblog\/#\/schema\/person\/23822a94b519ca1de591c4492e0e104e"},"breadcrumb":{"@id":"https:\/\/www.n-town.de\/glubbblog\/index.php\/archives\/glubb-live\/12531-elversberg-fcn-10-der-glubb-ist-ein-kind-mit-einem-brennglas.html#breadcrumb"},"inLanguage":"de","potentialAction":[{"@type":"ReadAction","target":["https:\/\/www.n-town.de\/glubbblog\/index.php\/archives\/glubb-live\/12531-elversberg-fcn-10-der-glubb-ist-ein-kind-mit-einem-brennglas.html"]}]},{"@type":"BreadcrumbList","@id":"https:\/\/www.n-town.de\/glubbblog\/index.php\/archives\/glubb-live\/12531-elversberg-fcn-10-der-glubb-ist-ein-kind-mit-einem-brennglas.html#breadcrumb","itemListElement":[{"@type":"ListItem","position":1,"name":"Home","item":"https:\/\/www.n-town.de\/glubbblog"},{"@type":"ListItem","position":2,"name":"Elversberg &#8211; FCN 1:0! Der Glubb ist ein Kind mit einem Brennglas!"}]},{"@type":"Person","@id":"https:\/\/www.n-town.de\/glubbblog\/#\/schema\/person\/23822a94b519ca1de591c4492e0e104e","name":"Bomber Manolo","image":{"@type":"ImageObject","@id":"https:\/\/www.n-town.de\/glubbblog\/#personlogo","inLanguage":"de","url":"https:\/\/secure.gravatar.com\/avatar\/745e89a5226a55ce3ed5fac4a51dced8?s=96&d=mm&r=g","contentUrl":"https:\/\/secure.gravatar.com\/avatar\/745e89a5226a55ce3ed5fac4a51dced8?s=96&d=mm&r=g","caption":"Bomber Manolo"},"sameAs":["https:\/\/www.n-town.de"],"url":"https:\/\/www.n-town.de\/glubbblog\/index.php\/archives\/author\/andy"}]}},"_links":{"self":[{"href":"https:\/\/www.n-town.de\/glubbblog\/index.php\/wp-json\/wp\/v2\/posts\/12531"}],"collection":[{"href":"https:\/\/www.n-town.de\/glubbblog\/index.php\/wp-json\/wp\/v2\/posts"}],"about":[{"href":"https:\/\/www.n-town.de\/glubbblog\/index.php\/wp-json\/wp\/v2\/types\/post"}],"author":[{"embeddable":true,"href":"https:\/\/www.n-town.de\/glubbblog\/index.php\/wp-json\/wp\/v2\/users\/4"}],"replies":[{"embeddable":true,"href":"https:\/\/www.n-town.de\/glubbblog\/index.php\/wp-json\/wp\/v2\/comments?post=12531"}],"version-history":[{"count":4,"href":"https:\/\/www.n-town.de\/glubbblog\/index.php\/wp-json\/wp\/v2\/posts\/12531\/revisions"}],"predecessor-version":[{"id":12544,"href":"https:\/\/www.n-town.de\/glubbblog\/index.php\/wp-json\/wp\/v2\/posts\/12531\/revisions\/12544"}],"wp:attachment":[{"href":"https:\/\/www.n-town.de\/glubbblog\/index.php\/wp-json\/wp\/v2\/media?parent=12531"}],"wp:term":[{"taxonomy":"category","embeddable":true,"href":"https:\/\/www.n-town.de\/glubbblog\/index.php\/wp-json\/wp\/v2\/categories?post=12531"},{"taxonomy":"post_tag","embeddable":true,"href":"https:\/\/www.n-town.de\/glubbblog\/index.php\/wp-json\/wp\/v2\/tags?post=12531"}],"curies":[{"name":"wp","href":"https:\/\/api.w.org\/{rel}","templated":true}]}}