{"id":132,"date":"2007-06-27T13:40:15","date_gmt":"2007-06-27T11:40:15","guid":{"rendered":"http:\/\/n-town.de\/glubbblog\/index.php\/archives\/glubb-news\/132-stuermt-bald-roberto-damian-colautti-fuer-unseren-glubb.html"},"modified":"2010-08-20T16:50:20","modified_gmt":"2010-08-20T14:50:20","slug":"stuermt-bald-roberto-damian-colautti-fuer-unseren-glubb","status":"publish","type":"post","link":"https:\/\/www.n-town.de\/glubbblog\/index.php\/archives\/glubb-news\/132-stuermt-bald-roberto-damian-colautti-fuer-unseren-glubb.html","title":{"rendered":"St\u00fcrmt bald Roberto Damian Colautti f\u00fcr unseren Glubb"},"content":{"rendered":"<p>Nachdem ich mich gestern hier f\u00fcr <a href=\"http:\/\/n-town.de\/glubbblog\/index.php\/archives\/glubb-news\/130-bitte-herr-bader-holen-sie-danny-koevermans.html\" target=\"_blank\">Danny Kouvermans vom AZ Alkmaar<\/a> stark gemacht habe, meldet heute die N\u00fcrnberger Zeitung, dass der 1. FC N\u00fcrnberg scheinbar einen anderen Mittelst\u00fcrmer an der Angel hat: Einen gewissen israelischen Nationalspieler <strong>Roberto Damian Colautti<\/strong>.<\/p>\n<p>Da wir uns wieder nichts drunter vorstellen k\u00f6nnen, wieder ein kurzer Film:<\/p>\n<p>[youtube M7Z20d5gyJQ]<\/p>\n<p>Der 25-j\u00e4hrige <strong>Colautti<\/strong> (kam 2004 von Boca Juniors zu Maccabi Haifa) erziehlte in Israels erster Liga 39 Treffer in 90 Liga-Spielen, in <strong>18 Uefa-Cup-Partien<\/strong> war er zudem achtmal erfolgreich (sowas k\u00f6nnten wir gebrauchen). Der 1,80 m gro\u00dfe <strong>geb\u00fcrtige Argentinier<\/strong> hat durch Heirat auch die israelische Staatsb\u00fcrgerschaft und absolvierte in deren Nationalmannschaft bislang sieben Eins\u00e4tze mit sechs Toren.<\/p>\n<p>Ich finde, das sieht ganz sauber aus, was der kann. Au\u00dferdem ist er &#8220;sauschnell&#8221;! Wenn nach mir ginge, dann holen wir <strong>Colautti UND Kouvermans<\/strong> und verlangen von den L\u00f6wen noch nen <strong>Nachschlag f\u00fcrn Schroth<\/strong>!! \ud83d\ude09<\/p>\n<p>Quelle: <a href=\"http:\/\/www.sc-n.de\" target=\"_blank\">Supporter Club<\/a> und <a href=\"http:\/\/www.nz-online.de\/artikel.asp?art=662996&amp;kat=32\" target=\"_blank\">N\u00fcrnberger Zeitung<\/a><\/p>\n<p><strong>Update: <\/strong>Fohlen holen Colautti!<br \/>\nDie <strong>Gladbacher Borussia<\/strong> hat nochmal auf dem Transfermarkt zugeschlagen. Der israelische Nationalspieler Roberto Colautti kommt von Maccabi Haifa. Nach dem erfolgreichen Bestehen der sport\u00e4rztlichen Untersuchung hat der St\u00fcrmer am Freitag beim Erstliga-Absteiger einen Dreijahresvertrag unterschrieben. Bereits am Mittwoch hatten sich die beiden Vereine geeinigt. \u00dcber die Abl\u00f6sesumme wurde nichts bekannt. (Quelle <a href=\"http:\/\/www.kicker.de\/news\/fussball\/2bundesliga\/startseite\/artikel\/368746\/\" target=\"_blank\">kicker.de<\/a>)<\/p>\n","protected":false},"excerpt":{"rendered":"<p>Nachdem ich mich gestern hier f\u00fcr Danny Kouvermans vom AZ Alkmaar stark gemacht habe, meldet heute die N\u00fcrnberger Zeitung, dass der 1. FC N\u00fcrnberg scheinbar einen anderen Mittelst\u00fcrmer an der Angel hat: Einen gewissen israelischen Nationalspieler Roberto Damian Colautti. Da wir uns wieder nichts drunter vorstellen k\u00f6nnen, wieder ein kurzer Film: [youtube M7Z20d5gyJQ] Der 25-j\u00e4hrige [&hellip;]<\/p>\n","protected":false},"author":4,"featured_media":0,"comment_status":"open","ping_status":"open","sticky":false,"template":"","format":"standard","meta":{"spay_email":""},"categories":[6],"tags":[28,114,220],"jetpack_featured_media_url":"","yoast_head":"<!-- This site is optimized with the Yoast SEO plugin v18.3 - https:\/\/yoast.com\/wordpress\/plugins\/seo\/ -->\n<title>St\u00fcrmt bald Roberto Damian Colautti f\u00fcr unseren Glubb - Glubb-Blog<\/title>\n<meta name=\"robots\" content=\"index, follow, max-snippet:-1, max-image-preview:large, max-video-preview:-1\" \/>\n<link rel=\"canonical\" href=\"https:\/\/www.n-town.de\/glubbblog\/index.php\/archives\/glubb-news\/132-stuermt-bald-roberto-damian-colautti-fuer-unseren-glubb.html\" \/>\n<meta property=\"og:locale\" content=\"de_DE\" \/>\n<meta property=\"og:type\" content=\"article\" \/>\n<meta property=\"og:title\" content=\"St\u00fcrmt bald Roberto Damian Colautti f\u00fcr unseren Glubb - Glubb-Blog\" \/>\n<meta property=\"og:description\" content=\"Nachdem ich mich gestern hier f\u00fcr Danny Kouvermans vom AZ Alkmaar stark gemacht habe, meldet heute die N\u00fcrnberger Zeitung, dass der 1. FC N\u00fcrnberg scheinbar einen anderen Mittelst\u00fcrmer an der Angel hat: Einen gewissen israelischen Nationalspieler Roberto Damian Colautti. Da wir uns wieder nichts drunter vorstellen k\u00f6nnen, wieder ein kurzer Film: [youtube M7Z20d5gyJQ] Der 25-j\u00e4hrige [&hellip;]\" \/>\n<meta property=\"og:url\" content=\"https:\/\/www.n-town.de\/glubbblog\/index.php\/archives\/glubb-news\/132-stuermt-bald-roberto-damian-colautti-fuer-unseren-glubb.html\" \/>\n<meta property=\"og:site_name\" content=\"Glubb-Blog\" \/>\n<meta property=\"article:publisher\" content=\"https:\/\/www.facebook.com\/glubbblog\" \/>\n<meta property=\"article:published_time\" content=\"2007-06-27T11:40:15+00:00\" \/>\n<meta property=\"article:modified_time\" content=\"2010-08-20T14:50:20+00:00\" \/>\n<meta property=\"og:image\" content=\"https:\/\/www.n-town.de\/glubbblog\/wp-content\/uploads\/2020\/06\/img_8003-1.jpg\" \/>\n\t<meta property=\"og:image:width\" content=\"500\" \/>\n\t<meta property=\"og:image:height\" content=\"375\" \/>\n\t<meta property=\"og:image:type\" content=\"image\/jpeg\" \/>\n<meta name=\"twitter:card\" content=\"summary\" \/>\n<meta name=\"twitter:creator\" content=\"@glubb_blog_de\" \/>\n<meta name=\"twitter:site\" content=\"@glubb_blog_de\" \/>\n<meta name=\"twitter:label1\" content=\"Verfasst von\" \/>\n\t<meta name=\"twitter:data1\" content=\"Bomber Manolo\" \/>\n\t<meta name=\"twitter:label2\" content=\"Gesch\u00e4tzte Lesezeit\" \/>\n\t<meta name=\"twitter:data2\" content=\"1\u00a0Minute\" \/>\n<script type=\"application\/ld+json\" class=\"yoast-schema-graph\">{\"@context\":\"https:\/\/schema.org\",\"@graph\":[{\"@type\":\"WebSite\",\"@id\":\"https:\/\/www.n-town.de\/glubbblog\/#website\",\"url\":\"https:\/\/www.n-town.de\/glubbblog\/\",\"name\":\"Glubb-Blog\",\"description\":\"Clubfans bei FCN-Ausw\u00e4rtsfahrten und Groundhopping\",\"potentialAction\":[{\"@type\":\"SearchAction\",\"target\":{\"@type\":\"EntryPoint\",\"urlTemplate\":\"https:\/\/www.n-town.de\/glubbblog\/?s={search_term_string}\"},\"query-input\":\"required name=search_term_string\"}],\"inLanguage\":\"de\"},{\"@type\":\"WebPage\",\"@id\":\"https:\/\/www.n-town.de\/glubbblog\/index.php\/archives\/glubb-news\/132-stuermt-bald-roberto-damian-colautti-fuer-unseren-glubb.html#webpage\",\"url\":\"https:\/\/www.n-town.de\/glubbblog\/index.php\/archives\/glubb-news\/132-stuermt-bald-roberto-damian-colautti-fuer-unseren-glubb.html\",\"name\":\"St\u00fcrmt bald Roberto Damian Colautti f\u00fcr unseren Glubb - Glubb-Blog\",\"isPartOf\":{\"@id\":\"https:\/\/www.n-town.de\/glubbblog\/#website\"},\"datePublished\":\"2007-06-27T11:40:15+00:00\",\"dateModified\":\"2010-08-20T14:50:20+00:00\",\"author\":{\"@id\":\"https:\/\/www.n-town.de\/glubbblog\/#\/schema\/person\/23822a94b519ca1de591c4492e0e104e\"},\"breadcrumb\":{\"@id\":\"https:\/\/www.n-town.de\/glubbblog\/index.php\/archives\/glubb-news\/132-stuermt-bald-roberto-damian-colautti-fuer-unseren-glubb.html#breadcrumb\"},\"inLanguage\":\"de\",\"potentialAction\":[{\"@type\":\"ReadAction\",\"target\":[\"https:\/\/www.n-town.de\/glubbblog\/index.php\/archives\/glubb-news\/132-stuermt-bald-roberto-damian-colautti-fuer-unseren-glubb.html\"]}]},{\"@type\":\"BreadcrumbList\",\"@id\":\"https:\/\/www.n-town.de\/glubbblog\/index.php\/archives\/glubb-news\/132-stuermt-bald-roberto-damian-colautti-fuer-unseren-glubb.html#breadcrumb\",\"itemListElement\":[{\"@type\":\"ListItem\",\"position\":1,\"name\":\"Home\",\"item\":\"https:\/\/www.n-town.de\/glubbblog\"},{\"@type\":\"ListItem\",\"position\":2,\"name\":\"St\u00fcrmt bald Roberto Damian Colautti f\u00fcr unseren Glubb\"}]},{\"@type\":\"Person\",\"@id\":\"https:\/\/www.n-town.de\/glubbblog\/#\/schema\/person\/23822a94b519ca1de591c4492e0e104e\",\"name\":\"Bomber Manolo\",\"image\":{\"@type\":\"ImageObject\",\"@id\":\"https:\/\/www.n-town.de\/glubbblog\/#personlogo\",\"inLanguage\":\"de\",\"url\":\"https:\/\/secure.gravatar.com\/avatar\/745e89a5226a55ce3ed5fac4a51dced8?s=96&d=mm&r=g\",\"contentUrl\":\"https:\/\/secure.gravatar.com\/avatar\/745e89a5226a55ce3ed5fac4a51dced8?s=96&d=mm&r=g\",\"caption\":\"Bomber Manolo\"},\"sameAs\":[\"https:\/\/www.n-town.de\"],\"url\":\"https:\/\/www.n-town.de\/glubbblog\/index.php\/archives\/author\/andy\"}]}<\/script>\n<!-- \/ Yoast SEO plugin. -->","yoast_head_json":{"title":"St\u00fcrmt bald Roberto Damian Colautti f\u00fcr unseren Glubb - Glubb-Blog","robots":{"index":"index","follow":"follow","max-snippet":"max-snippet:-1","max-image-preview":"max-image-preview:large","max-video-preview":"max-video-preview:-1"},"canonical":"https:\/\/www.n-town.de\/glubbblog\/index.php\/archives\/glubb-news\/132-stuermt-bald-roberto-damian-colautti-fuer-unseren-glubb.html","og_locale":"de_DE","og_type":"article","og_title":"St\u00fcrmt bald Roberto Damian Colautti f\u00fcr unseren Glubb - Glubb-Blog","og_description":"Nachdem ich mich gestern hier f\u00fcr Danny Kouvermans vom AZ Alkmaar stark gemacht habe, meldet heute die N\u00fcrnberger Zeitung, dass der 1. FC N\u00fcrnberg scheinbar einen anderen Mittelst\u00fcrmer an der Angel hat: Einen gewissen israelischen Nationalspieler Roberto Damian Colautti. Da wir uns wieder nichts drunter vorstellen k\u00f6nnen, wieder ein kurzer Film: [youtube M7Z20d5gyJQ] Der 25-j\u00e4hrige [&hellip;]","og_url":"https:\/\/www.n-town.de\/glubbblog\/index.php\/archives\/glubb-news\/132-stuermt-bald-roberto-damian-colautti-fuer-unseren-glubb.html","og_site_name":"Glubb-Blog","article_publisher":"https:\/\/www.facebook.com\/glubbblog","article_published_time":"2007-06-27T11:40:15+00:00","article_modified_time":"2010-08-20T14:50:20+00:00","og_image":[{"width":500,"height":375,"url":"https:\/\/www.n-town.de\/glubbblog\/wp-content\/uploads\/2020\/06\/img_8003-1.jpg","type":"image\/jpeg"}],"twitter_card":"summary","twitter_creator":"@glubb_blog_de","twitter_site":"@glubb_blog_de","twitter_misc":{"Verfasst von":"Bomber Manolo","Gesch\u00e4tzte Lesezeit":"1\u00a0Minute"},"schema":{"@context":"https:\/\/schema.org","@graph":[{"@type":"WebSite","@id":"https:\/\/www.n-town.de\/glubbblog\/#website","url":"https:\/\/www.n-town.de\/glubbblog\/","name":"Glubb-Blog","description":"Clubfans bei FCN-Ausw\u00e4rtsfahrten und Groundhopping","potentialAction":[{"@type":"SearchAction","target":{"@type":"EntryPoint","urlTemplate":"https:\/\/www.n-town.de\/glubbblog\/?s={search_term_string}"},"query-input":"required name=search_term_string"}],"inLanguage":"de"},{"@type":"WebPage","@id":"https:\/\/www.n-town.de\/glubbblog\/index.php\/archives\/glubb-news\/132-stuermt-bald-roberto-damian-colautti-fuer-unseren-glubb.html#webpage","url":"https:\/\/www.n-town.de\/glubbblog\/index.php\/archives\/glubb-news\/132-stuermt-bald-roberto-damian-colautti-fuer-unseren-glubb.html","name":"St\u00fcrmt bald Roberto Damian Colautti f\u00fcr unseren Glubb - Glubb-Blog","isPartOf":{"@id":"https:\/\/www.n-town.de\/glubbblog\/#website"},"datePublished":"2007-06-27T11:40:15+00:00","dateModified":"2010-08-20T14:50:20+00:00","author":{"@id":"https:\/\/www.n-town.de\/glubbblog\/#\/schema\/person\/23822a94b519ca1de591c4492e0e104e"},"breadcrumb":{"@id":"https:\/\/www.n-town.de\/glubbblog\/index.php\/archives\/glubb-news\/132-stuermt-bald-roberto-damian-colautti-fuer-unseren-glubb.html#breadcrumb"},"inLanguage":"de","potentialAction":[{"@type":"ReadAction","target":["https:\/\/www.n-town.de\/glubbblog\/index.php\/archives\/glubb-news\/132-stuermt-bald-roberto-damian-colautti-fuer-unseren-glubb.html"]}]},{"@type":"BreadcrumbList","@id":"https:\/\/www.n-town.de\/glubbblog\/index.php\/archives\/glubb-news\/132-stuermt-bald-roberto-damian-colautti-fuer-unseren-glubb.html#breadcrumb","itemListElement":[{"@type":"ListItem","position":1,"name":"Home","item":"https:\/\/www.n-town.de\/glubbblog"},{"@type":"ListItem","position":2,"name":"St\u00fcrmt bald Roberto Damian Colautti f\u00fcr unseren Glubb"}]},{"@type":"Person","@id":"https:\/\/www.n-town.de\/glubbblog\/#\/schema\/person\/23822a94b519ca1de591c4492e0e104e","name":"Bomber Manolo","image":{"@type":"ImageObject","@id":"https:\/\/www.n-town.de\/glubbblog\/#personlogo","inLanguage":"de","url":"https:\/\/secure.gravatar.com\/avatar\/745e89a5226a55ce3ed5fac4a51dced8?s=96&d=mm&r=g","contentUrl":"https:\/\/secure.gravatar.com\/avatar\/745e89a5226a55ce3ed5fac4a51dced8?s=96&d=mm&r=g","caption":"Bomber Manolo"},"sameAs":["https:\/\/www.n-town.de"],"url":"https:\/\/www.n-town.de\/glubbblog\/index.php\/archives\/author\/andy"}]}},"_links":{"self":[{"href":"https:\/\/www.n-town.de\/glubbblog\/index.php\/wp-json\/wp\/v2\/posts\/132"}],"collection":[{"href":"https:\/\/www.n-town.de\/glubbblog\/index.php\/wp-json\/wp\/v2\/posts"}],"about":[{"href":"https:\/\/www.n-town.de\/glubbblog\/index.php\/wp-json\/wp\/v2\/types\/post"}],"author":[{"embeddable":true,"href":"https:\/\/www.n-town.de\/glubbblog\/index.php\/wp-json\/wp\/v2\/users\/4"}],"replies":[{"embeddable":true,"href":"https:\/\/www.n-town.de\/glubbblog\/index.php\/wp-json\/wp\/v2\/comments?post=132"}],"version-history":[{"count":2,"href":"https:\/\/www.n-town.de\/glubbblog\/index.php\/wp-json\/wp\/v2\/posts\/132\/revisions"}],"predecessor-version":[{"id":1827,"href":"https:\/\/www.n-town.de\/glubbblog\/index.php\/wp-json\/wp\/v2\/posts\/132\/revisions\/1827"}],"wp:attachment":[{"href":"https:\/\/www.n-town.de\/glubbblog\/index.php\/wp-json\/wp\/v2\/media?parent=132"}],"wp:term":[{"taxonomy":"category","embeddable":true,"href":"https:\/\/www.n-town.de\/glubbblog\/index.php\/wp-json\/wp\/v2\/categories?post=132"},{"taxonomy":"post_tag","embeddable":true,"href":"https:\/\/www.n-town.de\/glubbblog\/index.php\/wp-json\/wp\/v2\/tags?post=132"}],"curies":[{"name":"wp","href":"https:\/\/api.w.org\/{rel}","templated":true}]}}