{"id":1466,"date":"2010-02-22T12:20:13","date_gmt":"2010-02-22T11:20:13","guid":{"rendered":"http:\/\/www.n-town.de\/glubbblog\/?p=1466"},"modified":"2010-02-22T12:58:28","modified_gmt":"2010-02-22T11:58:28","slug":"das-wort-zum-23-spieltag-zu-alt","status":"publish","type":"post","link":"https:\/\/www.n-town.de\/glubbblog\/index.php\/archives\/allgemein\/1466-das-wort-zum-23-spieltag-zu-alt.html","title":{"rendered":"Das Wort zum 23. Spieltag: Zu alt?"},"content":{"rendered":"<p>Beim Stadionbesuch des Bundesligaspiels zwischen dem <a href=\"https:\/\/www.n-town.de\/glubbblog\/index.php\/archives\/glubb-live\/1461-fcn-fcb-11-uberraschender-punktgewinn.html\" target=\"_blank\">1. FC N\u00fcrnberg und dem FC Bayern M\u00fcnchen<\/a> am vergangenen Samstag mu\u00dfte ich wieder einmal feststellen, da\u00df ich verdammt alt geworden bin. Als ich es mir auf meinem Sitzplatz im Block 8 gerade gem\u00fctlich machen wollte, stellte ich fest, da\u00df vor mir fast die komplette Reihe stand. &#8220;<em>Na ja<\/em>&#8221; dachte ich mir, &#8220;<em>die werden sich dann bei Anpfiff schon hinsetzen.<\/em>&#8221; Nach 20 Minuten Spielzeit konnte ich nur Szenen wahrnehmen, die sich \u00a0im, von mir aus gesehen, hinteren Drittel des Spielfeldes ereigneten. Da der Glubb aber in der 1. Halbzeit nur gef\u00fchlte 3mal die Mittellinie \u00fcberquerte, sah ich fast ausschlie\u00dflich\u00a0 Hans-J\u00f6rg Butt bei seinen Warmhalte\u00fcbungen. Also entschlo\u00df ich mich den jungen Herrn vor mir zu bitten sich doch mal hinzusetzen. Worauf dieser mich mit v\u00f6llig entgeistertem Gesichtsausdruck ansah und mir ein kaum verst\u00e4ndliches &#8220;<em>des is der 8er Alder<\/em>&#8221; zuraunzte. Auf meinen freundlichen Hinweis, da\u00df es sich hier um einen Sitzplatz handle und ich f\u00fcr diesen bezahlt h\u00e4tte, wurde nicht weiter reagiert. Da ich mich aber dann doch nicht mit einer Horde 17-j\u00e4hriger anlegen wollte, stellte ich mich auch hin.<\/p>\n<p>Wenige Minuten sp\u00e4ter sprach mich ein ca. 6-j\u00e4hriger Junge, der hinter mir stand, an: &#8220;<em>K\u00f6nnten sie sich bitte hinsetzen, ich sehe nichts<\/em>&#8220;? Da ich dem kleinen Kerl diese Bitte nat\u00fcrlich nicht abschlagen konnte, nahm auch ich wieder Platz und versuchte an der Ger\u00e4uschkulisse zu erkennen was sich auf dem Spielfeld abspielte. Mein &#8220;gro\u00dfes Gl\u00fcck&#8221; war das 1:0 f\u00fcr die Bayern. Die entt\u00e4uschten Jungs vor mir setzten sich tats\u00e4chlich hin. Da der Glubb aber kurz nach der Pause\u00a0den Ausgleich erzielte &#8220;w\u00e4hrte mein Gl\u00fcck nur kurz&#8221;. Den Rest des Spiels geno\u00df ich wieder als H\u00f6rspiel.<\/p>\n<p>Und die Moral von der Geschicht? Ich werde in Zukunft wieder auf meinen Opa-Block\u00a0Platz nehmen und meine Freude \u00fcber ein Glubb-Tor maximal durch einen erhobenen Zeigefinger zum Ausdruck bringen. Und das Sitzkissen ist sicherlich auch nicht mehr weit. Oh weh! <em>Wenns&#8217;d alt wersd is halt schei\u00dfe<\/em>.\u00a0In diesem Sinne, rettet die Renten und die Wale.<\/p>\n","protected":false},"excerpt":{"rendered":"<p>Beim Stadionbesuch des Bundesligaspiels zwischen dem 1. FC N\u00fcrnberg und dem FC Bayern M\u00fcnchen am vergangenen Samstag mu\u00dfte ich wieder einmal feststellen, da\u00df ich verdammt alt geworden bin. Als ich es mir auf meinem Sitzplatz im Block 8 gerade gem\u00fctlich machen wollte, stellte ich fest, da\u00df vor mir fast die komplette Reihe stand. &#8220;Na ja&#8221; [&hellip;]<\/p>\n","protected":false},"author":3,"featured_media":0,"comment_status":"open","ping_status":"open","sticky":false,"template":"","format":"standard","meta":{"spay_email":""},"categories":[1],"tags":[140,191],"jetpack_featured_media_url":"","yoast_head":"<!-- This site is optimized with the Yoast SEO plugin v18.3 - https:\/\/yoast.com\/wordpress\/plugins\/seo\/ -->\n<title>Das Wort zum 23. Spieltag: Zu alt? - Glubb-Blog<\/title>\n<meta name=\"robots\" content=\"index, follow, max-snippet:-1, max-image-preview:large, max-video-preview:-1\" \/>\n<link rel=\"canonical\" href=\"https:\/\/www.n-town.de\/glubbblog\/index.php\/archives\/allgemein\/1466-das-wort-zum-23-spieltag-zu-alt.html\" \/>\n<meta property=\"og:locale\" content=\"de_DE\" \/>\n<meta property=\"og:type\" content=\"article\" \/>\n<meta property=\"og:title\" content=\"Das Wort zum 23. Spieltag: Zu alt? - Glubb-Blog\" \/>\n<meta property=\"og:description\" content=\"Beim Stadionbesuch des Bundesligaspiels zwischen dem 1. FC N\u00fcrnberg und dem FC Bayern M\u00fcnchen am vergangenen Samstag mu\u00dfte ich wieder einmal feststellen, da\u00df ich verdammt alt geworden bin. Als ich es mir auf meinem Sitzplatz im Block 8 gerade gem\u00fctlich machen wollte, stellte ich fest, da\u00df vor mir fast die komplette Reihe stand. &#8220;Na ja&#8221; [&hellip;]\" \/>\n<meta property=\"og:url\" content=\"https:\/\/www.n-town.de\/glubbblog\/index.php\/archives\/allgemein\/1466-das-wort-zum-23-spieltag-zu-alt.html\" \/>\n<meta property=\"og:site_name\" content=\"Glubb-Blog\" \/>\n<meta property=\"article:publisher\" content=\"https:\/\/www.facebook.com\/glubbblog\" \/>\n<meta property=\"article:published_time\" content=\"2010-02-22T11:20:13+00:00\" \/>\n<meta property=\"article:modified_time\" content=\"2010-02-22T11:58:28+00:00\" \/>\n<meta property=\"og:image\" content=\"https:\/\/www.n-town.de\/glubbblog\/wp-content\/uploads\/2020\/06\/img_8003-1.jpg\" \/>\n\t<meta property=\"og:image:width\" content=\"500\" \/>\n\t<meta property=\"og:image:height\" content=\"375\" \/>\n\t<meta property=\"og:image:type\" content=\"image\/jpeg\" \/>\n<meta name=\"twitter:card\" content=\"summary\" \/>\n<meta name=\"twitter:creator\" content=\"@glubb_blog_de\" \/>\n<meta name=\"twitter:site\" content=\"@glubb_blog_de\" \/>\n<meta name=\"twitter:label1\" content=\"Verfasst von\" \/>\n\t<meta name=\"twitter:data1\" content=\"Muffi8\" \/>\n\t<meta name=\"twitter:label2\" content=\"Gesch\u00e4tzte Lesezeit\" \/>\n\t<meta name=\"twitter:data2\" content=\"2\u00a0Minuten\" \/>\n<script type=\"application\/ld+json\" class=\"yoast-schema-graph\">{\"@context\":\"https:\/\/schema.org\",\"@graph\":[{\"@type\":\"WebSite\",\"@id\":\"https:\/\/www.n-town.de\/glubbblog\/#website\",\"url\":\"https:\/\/www.n-town.de\/glubbblog\/\",\"name\":\"Glubb-Blog\",\"description\":\"Clubfans bei FCN-Ausw\u00e4rtsfahrten und Groundhopping\",\"potentialAction\":[{\"@type\":\"SearchAction\",\"target\":{\"@type\":\"EntryPoint\",\"urlTemplate\":\"https:\/\/www.n-town.de\/glubbblog\/?s={search_term_string}\"},\"query-input\":\"required name=search_term_string\"}],\"inLanguage\":\"de\"},{\"@type\":\"WebPage\",\"@id\":\"https:\/\/www.n-town.de\/glubbblog\/index.php\/archives\/allgemein\/1466-das-wort-zum-23-spieltag-zu-alt.html#webpage\",\"url\":\"https:\/\/www.n-town.de\/glubbblog\/index.php\/archives\/allgemein\/1466-das-wort-zum-23-spieltag-zu-alt.html\",\"name\":\"Das Wort zum 23. Spieltag: Zu alt? - Glubb-Blog\",\"isPartOf\":{\"@id\":\"https:\/\/www.n-town.de\/glubbblog\/#website\"},\"datePublished\":\"2010-02-22T11:20:13+00:00\",\"dateModified\":\"2010-02-22T11:58:28+00:00\",\"author\":{\"@id\":\"https:\/\/www.n-town.de\/glubbblog\/#\/schema\/person\/f91d2dd3df4a5c6d9937bac269892c86\"},\"breadcrumb\":{\"@id\":\"https:\/\/www.n-town.de\/glubbblog\/index.php\/archives\/allgemein\/1466-das-wort-zum-23-spieltag-zu-alt.html#breadcrumb\"},\"inLanguage\":\"de\",\"potentialAction\":[{\"@type\":\"ReadAction\",\"target\":[\"https:\/\/www.n-town.de\/glubbblog\/index.php\/archives\/allgemein\/1466-das-wort-zum-23-spieltag-zu-alt.html\"]}]},{\"@type\":\"BreadcrumbList\",\"@id\":\"https:\/\/www.n-town.de\/glubbblog\/index.php\/archives\/allgemein\/1466-das-wort-zum-23-spieltag-zu-alt.html#breadcrumb\",\"itemListElement\":[{\"@type\":\"ListItem\",\"position\":1,\"name\":\"Home\",\"item\":\"https:\/\/www.n-town.de\/glubbblog\"},{\"@type\":\"ListItem\",\"position\":2,\"name\":\"Das Wort zum 23. Spieltag: Zu alt?\"}]},{\"@type\":\"Person\",\"@id\":\"https:\/\/www.n-town.de\/glubbblog\/#\/schema\/person\/f91d2dd3df4a5c6d9937bac269892c86\",\"name\":\"Muffi8\",\"image\":{\"@type\":\"ImageObject\",\"@id\":\"https:\/\/www.n-town.de\/glubbblog\/#personlogo\",\"inLanguage\":\"de\",\"url\":\"https:\/\/secure.gravatar.com\/avatar\/7b4f47631421a153491e8b258539e49c?s=96&d=mm&r=g\",\"contentUrl\":\"https:\/\/secure.gravatar.com\/avatar\/7b4f47631421a153491e8b258539e49c?s=96&d=mm&r=g\",\"caption\":\"Muffi8\"},\"sameAs\":[\"https:\/\/www.n-town.de\"],\"url\":\"https:\/\/www.n-town.de\/glubbblog\/index.php\/archives\/author\/muffi8\"}]}<\/script>\n<!-- \/ Yoast SEO plugin. -->","yoast_head_json":{"title":"Das Wort zum 23. Spieltag: Zu alt? - Glubb-Blog","robots":{"index":"index","follow":"follow","max-snippet":"max-snippet:-1","max-image-preview":"max-image-preview:large","max-video-preview":"max-video-preview:-1"},"canonical":"https:\/\/www.n-town.de\/glubbblog\/index.php\/archives\/allgemein\/1466-das-wort-zum-23-spieltag-zu-alt.html","og_locale":"de_DE","og_type":"article","og_title":"Das Wort zum 23. Spieltag: Zu alt? - Glubb-Blog","og_description":"Beim Stadionbesuch des Bundesligaspiels zwischen dem 1. FC N\u00fcrnberg und dem FC Bayern M\u00fcnchen am vergangenen Samstag mu\u00dfte ich wieder einmal feststellen, da\u00df ich verdammt alt geworden bin. Als ich es mir auf meinem Sitzplatz im Block 8 gerade gem\u00fctlich machen wollte, stellte ich fest, da\u00df vor mir fast die komplette Reihe stand. &#8220;Na ja&#8221; [&hellip;]","og_url":"https:\/\/www.n-town.de\/glubbblog\/index.php\/archives\/allgemein\/1466-das-wort-zum-23-spieltag-zu-alt.html","og_site_name":"Glubb-Blog","article_publisher":"https:\/\/www.facebook.com\/glubbblog","article_published_time":"2010-02-22T11:20:13+00:00","article_modified_time":"2010-02-22T11:58:28+00:00","og_image":[{"width":500,"height":375,"url":"https:\/\/www.n-town.de\/glubbblog\/wp-content\/uploads\/2020\/06\/img_8003-1.jpg","type":"image\/jpeg"}],"twitter_card":"summary","twitter_creator":"@glubb_blog_de","twitter_site":"@glubb_blog_de","twitter_misc":{"Verfasst von":"Muffi8","Gesch\u00e4tzte Lesezeit":"2\u00a0Minuten"},"schema":{"@context":"https:\/\/schema.org","@graph":[{"@type":"WebSite","@id":"https:\/\/www.n-town.de\/glubbblog\/#website","url":"https:\/\/www.n-town.de\/glubbblog\/","name":"Glubb-Blog","description":"Clubfans bei FCN-Ausw\u00e4rtsfahrten und Groundhopping","potentialAction":[{"@type":"SearchAction","target":{"@type":"EntryPoint","urlTemplate":"https:\/\/www.n-town.de\/glubbblog\/?s={search_term_string}"},"query-input":"required name=search_term_string"}],"inLanguage":"de"},{"@type":"WebPage","@id":"https:\/\/www.n-town.de\/glubbblog\/index.php\/archives\/allgemein\/1466-das-wort-zum-23-spieltag-zu-alt.html#webpage","url":"https:\/\/www.n-town.de\/glubbblog\/index.php\/archives\/allgemein\/1466-das-wort-zum-23-spieltag-zu-alt.html","name":"Das Wort zum 23. Spieltag: Zu alt? - Glubb-Blog","isPartOf":{"@id":"https:\/\/www.n-town.de\/glubbblog\/#website"},"datePublished":"2010-02-22T11:20:13+00:00","dateModified":"2010-02-22T11:58:28+00:00","author":{"@id":"https:\/\/www.n-town.de\/glubbblog\/#\/schema\/person\/f91d2dd3df4a5c6d9937bac269892c86"},"breadcrumb":{"@id":"https:\/\/www.n-town.de\/glubbblog\/index.php\/archives\/allgemein\/1466-das-wort-zum-23-spieltag-zu-alt.html#breadcrumb"},"inLanguage":"de","potentialAction":[{"@type":"ReadAction","target":["https:\/\/www.n-town.de\/glubbblog\/index.php\/archives\/allgemein\/1466-das-wort-zum-23-spieltag-zu-alt.html"]}]},{"@type":"BreadcrumbList","@id":"https:\/\/www.n-town.de\/glubbblog\/index.php\/archives\/allgemein\/1466-das-wort-zum-23-spieltag-zu-alt.html#breadcrumb","itemListElement":[{"@type":"ListItem","position":1,"name":"Home","item":"https:\/\/www.n-town.de\/glubbblog"},{"@type":"ListItem","position":2,"name":"Das Wort zum 23. Spieltag: Zu alt?"}]},{"@type":"Person","@id":"https:\/\/www.n-town.de\/glubbblog\/#\/schema\/person\/f91d2dd3df4a5c6d9937bac269892c86","name":"Muffi8","image":{"@type":"ImageObject","@id":"https:\/\/www.n-town.de\/glubbblog\/#personlogo","inLanguage":"de","url":"https:\/\/secure.gravatar.com\/avatar\/7b4f47631421a153491e8b258539e49c?s=96&d=mm&r=g","contentUrl":"https:\/\/secure.gravatar.com\/avatar\/7b4f47631421a153491e8b258539e49c?s=96&d=mm&r=g","caption":"Muffi8"},"sameAs":["https:\/\/www.n-town.de"],"url":"https:\/\/www.n-town.de\/glubbblog\/index.php\/archives\/author\/muffi8"}]}},"_links":{"self":[{"href":"https:\/\/www.n-town.de\/glubbblog\/index.php\/wp-json\/wp\/v2\/posts\/1466"}],"collection":[{"href":"https:\/\/www.n-town.de\/glubbblog\/index.php\/wp-json\/wp\/v2\/posts"}],"about":[{"href":"https:\/\/www.n-town.de\/glubbblog\/index.php\/wp-json\/wp\/v2\/types\/post"}],"author":[{"embeddable":true,"href":"https:\/\/www.n-town.de\/glubbblog\/index.php\/wp-json\/wp\/v2\/users\/3"}],"replies":[{"embeddable":true,"href":"https:\/\/www.n-town.de\/glubbblog\/index.php\/wp-json\/wp\/v2\/comments?post=1466"}],"version-history":[{"count":5,"href":"https:\/\/www.n-town.de\/glubbblog\/index.php\/wp-json\/wp\/v2\/posts\/1466\/revisions"}],"predecessor-version":[{"id":1468,"href":"https:\/\/www.n-town.de\/glubbblog\/index.php\/wp-json\/wp\/v2\/posts\/1466\/revisions\/1468"}],"wp:attachment":[{"href":"https:\/\/www.n-town.de\/glubbblog\/index.php\/wp-json\/wp\/v2\/media?parent=1466"}],"wp:term":[{"taxonomy":"category","embeddable":true,"href":"https:\/\/www.n-town.de\/glubbblog\/index.php\/wp-json\/wp\/v2\/categories?post=1466"},{"taxonomy":"post_tag","embeddable":true,"href":"https:\/\/www.n-town.de\/glubbblog\/index.php\/wp-json\/wp\/v2\/tags?post=1466"}],"curies":[{"name":"wp","href":"https:\/\/api.w.org\/{rel}","templated":true}]}}