{"id":1633,"date":"2010-04-23T15:40:08","date_gmt":"2010-04-23T14:40:08","guid":{"rendered":"http:\/\/www.n-town.de\/glubbblog\/?p=1633"},"modified":"2010-04-23T15:41:33","modified_gmt":"2010-04-23T14:41:33","slug":"110-jahre-club-nurnberg-eine-stadt-sieht-rot-schwarz","status":"publish","type":"post","link":"https:\/\/www.n-town.de\/glubbblog\/index.php\/archives\/fcn\/1633-110-jahre-club-nurnberg-eine-stadt-sieht-rot-schwarz.html","title":{"rendered":"110 Jahre Club! N\u00fcrnberg, eine Stadt sieht rot-schwarz!"},"content":{"rendered":"<p><a href=\"https:\/\/www.n-town.de\/glubbblog\/wp-content\/uploads\/2010\/04\/IMG_1509.jpg\"><img loading=\"lazy\" class=\"size-medium wp-image-1635 alignleft\" title=\"IMG_1509\" src=\"https:\/\/www.n-town.de\/glubbblog\/wp-content\/uploads\/2010\/04\/IMG_1509-300x225.jpg\" alt=\"Rot-Schwarzes Franken\" width=\"270\" height=\"203\" srcset=\"https:\/\/www.n-town.de\/glubbblog\/wp-content\/uploads\/2010\/04\/IMG_1509-300x225.jpg 300w, https:\/\/www.n-town.de\/glubbblog\/wp-content\/uploads\/2010\/04\/IMG_1509-1024x768.jpg 1024w, https:\/\/www.n-town.de\/glubbblog\/wp-content\/uploads\/2010\/04\/IMG_1509.jpg 2048w\" sizes=\"(max-width: 270px) 100vw, 270px\" \/><\/a>Der 1.FC N\u00fcrnberg feiert am 4. Mai 2010 seinen 110. Geburtstag! Aus diesem besonderen Anlass m\u00f6chte der Glubb mit all seinen Fans und den Einwohnern N\u00fcrnbergs den Gro\u00dfraum N\u00fcrnberg zu einem rot-schwarzen Meer machen!<\/p>\n<p>Der Club bittet alle Anh\u00e4nger, alle Bewohner der  Stadt, des <a href=\"http:\/\/www.frankenlandblog.de\/\" target=\"_blank\">Frankenlandes <\/a>und dar\u00fcber hinaus zum 110-j\u00e4hrigen  Jubil\u00e4um Flagge zu zeigen! Bekennt Euch zu Eurem Club, bekennt Farbe \u2013 zeigt auf  au\u00dfergew\u00f6hnliche Art und Weise, dass Euer Herz nur rot-schwarz schl\u00e4gt!<\/p>\n<p><strong>N\u00fcrnberg, meine Stadt in Rot-Schwarz &#8211; 110 Jahre Club!<\/strong><br \/>\nGro\u00dfe Fan-Aktion zum 110. Geburtstag. Ganz Franken in Rot und Schwarz.<\/p>\n<p>Und so verwandeln wir am Morgen des 4. Mai bis zum Saisonfinale N\u00fcrnberg und das ganze Frankenland in einen rotschwarzen Flecken Erde:<\/p>\n<ul>\n<li>Alle Cluberer h\u00e4ngen zuhause ihre Club-Fahnen aus dem <strong>Fenster<\/strong>!<\/li>\n<li>Alle Cluberer klemmen ihre Club-Schals oder Auto-Fahnen an ihr <strong>Auto<\/strong>!<\/li>\n<li>Alle Cluberer tragen den ganzen Tag \u00fcber ihre rotschwarze <strong>Club-Kleidung<\/strong>!<\/li>\n<li>Alle Gesch\u00e4fte schm\u00fccken oder dekorieren ihre <strong>Schaufenster <\/strong>rot-schwarz!<\/li>\n<li>Dazu soll am <strong>Rathaus<\/strong>, der <strong>Kaiserburg<\/strong>, am <strong>Staatstheater<\/strong>, an den <strong>Bussen <\/strong>der Stadt die Club-Flagge wehen\u2026!<\/li>\n<\/ul>\n<p>Macht mit bei dieser einzigartigen Aktion! Taucht mit uns gemeinsam das gesamte <a href=\"http:\/\/www.frankenlandblog.de\/\" target=\"_blank\">Frankenland<\/a> in Rot-Schwarz. Das hat noch kein Bundesliga-Verein vor uns auf die Beine gestellt!<\/p>\n<p>Soweit die Nachricht vom 1.FC N\u00fcrnberg. So wie es zum <a href=\"https:\/\/www.n-town.de\/glubbblog\/index.php\/archives\/dfb-pokal\/114-der-1fc-nuernberg-ist-dfb-pokalsieger-2007.html\" target=\"_blank\">Pokalsieg 2007 in N\u00fcrnberg<\/a> war, so soll es wieder sein &#8211; m\u00fcssen nur noch unsere Jungs anst\u00e4ndig spielen! Dann wirds ne geile Aktion!<\/p>\n<p><strong>Also ich f\u00fcr meinen Teil, &#8220;iech mach mied&#8221;!!!<\/strong> \ud83d\ude00<\/p>\n","protected":false},"excerpt":{"rendered":"<p>Der 1.FC N\u00fcrnberg feiert am 4. Mai 2010 seinen 110. Geburtstag! Aus diesem besonderen Anlass m\u00f6chte der Glubb mit all seinen Fans und den Einwohnern N\u00fcrnbergs den Gro\u00dfraum N\u00fcrnberg zu einem rot-schwarzen Meer machen! Der Club bittet alle Anh\u00e4nger, alle Bewohner der Stadt, des Frankenlandes und dar\u00fcber hinaus zum 110-j\u00e4hrigen Jubil\u00e4um Flagge zu zeigen! Bekennt [&hellip;]<\/p>\n","protected":false},"author":4,"featured_media":0,"comment_status":"open","ping_status":"open","sticky":false,"template":"","format":"standard","meta":{"spay_email":""},"categories":[127],"tags":[24,347,216,31,200],"jetpack_featured_media_url":"","yoast_head":"<!-- This site is optimized with the Yoast SEO plugin v18.3 - https:\/\/yoast.com\/wordpress\/plugins\/seo\/ -->\n<title>110 Jahre Club! N\u00fcrnberg, eine Stadt sieht rot-schwarz! - Glubb-Blog<\/title>\n<meta name=\"robots\" content=\"index, follow, max-snippet:-1, max-image-preview:large, max-video-preview:-1\" \/>\n<link rel=\"canonical\" href=\"https:\/\/www.n-town.de\/glubbblog\/index.php\/archives\/fcn\/1633-110-jahre-club-nurnberg-eine-stadt-sieht-rot-schwarz.html\" \/>\n<meta property=\"og:locale\" content=\"de_DE\" \/>\n<meta property=\"og:type\" content=\"article\" \/>\n<meta property=\"og:title\" content=\"110 Jahre Club! N\u00fcrnberg, eine Stadt sieht rot-schwarz! - Glubb-Blog\" \/>\n<meta property=\"og:description\" content=\"Der 1.FC N\u00fcrnberg feiert am 4. Mai 2010 seinen 110. Geburtstag! Aus diesem besonderen Anlass m\u00f6chte der Glubb mit all seinen Fans und den Einwohnern N\u00fcrnbergs den Gro\u00dfraum N\u00fcrnberg zu einem rot-schwarzen Meer machen! Der Club bittet alle Anh\u00e4nger, alle Bewohner der Stadt, des Frankenlandes und dar\u00fcber hinaus zum 110-j\u00e4hrigen Jubil\u00e4um Flagge zu zeigen! Bekennt [&hellip;]\" \/>\n<meta property=\"og:url\" content=\"https:\/\/www.n-town.de\/glubbblog\/index.php\/archives\/fcn\/1633-110-jahre-club-nurnberg-eine-stadt-sieht-rot-schwarz.html\" \/>\n<meta property=\"og:site_name\" content=\"Glubb-Blog\" \/>\n<meta property=\"article:publisher\" content=\"https:\/\/www.facebook.com\/glubbblog\" \/>\n<meta property=\"article:published_time\" content=\"2010-04-23T14:40:08+00:00\" \/>\n<meta property=\"article:modified_time\" content=\"2010-04-23T14:41:33+00:00\" \/>\n<meta property=\"og:image\" content=\"https:\/\/www.n-town.de\/glubbblog\/wp-content\/uploads\/2010\/04\/IMG_1509-300x225.jpg\" \/>\n<meta name=\"twitter:card\" content=\"summary\" \/>\n<meta name=\"twitter:creator\" content=\"@glubb_blog_de\" \/>\n<meta name=\"twitter:site\" content=\"@glubb_blog_de\" \/>\n<meta name=\"twitter:label1\" content=\"Verfasst von\" \/>\n\t<meta name=\"twitter:data1\" content=\"Bomber Manolo\" \/>\n\t<meta name=\"twitter:label2\" content=\"Gesch\u00e4tzte Lesezeit\" \/>\n\t<meta name=\"twitter:data2\" content=\"1\u00a0Minute\" \/>\n<script type=\"application\/ld+json\" class=\"yoast-schema-graph\">{\"@context\":\"https:\/\/schema.org\",\"@graph\":[{\"@type\":\"WebSite\",\"@id\":\"https:\/\/www.n-town.de\/glubbblog\/#website\",\"url\":\"https:\/\/www.n-town.de\/glubbblog\/\",\"name\":\"Glubb-Blog\",\"description\":\"Clubfans bei FCN-Ausw\u00e4rtsfahrten und Groundhopping\",\"potentialAction\":[{\"@type\":\"SearchAction\",\"target\":{\"@type\":\"EntryPoint\",\"urlTemplate\":\"https:\/\/www.n-town.de\/glubbblog\/?s={search_term_string}\"},\"query-input\":\"required name=search_term_string\"}],\"inLanguage\":\"de\"},{\"@type\":\"ImageObject\",\"@id\":\"https:\/\/www.n-town.de\/glubbblog\/index.php\/archives\/fcn\/1633-110-jahre-club-nurnberg-eine-stadt-sieht-rot-schwarz.html#primaryimage\",\"inLanguage\":\"de\",\"url\":\"https:\/\/www.n-town.de\/glubbblog\/wp-content\/uploads\/2010\/04\/IMG_1509.jpg\",\"contentUrl\":\"https:\/\/www.n-town.de\/glubbblog\/wp-content\/uploads\/2010\/04\/IMG_1509.jpg\",\"width\":\"2048\",\"height\":\"1536\",\"caption\":\"Rot-Schwarzes Franken\"},{\"@type\":\"WebPage\",\"@id\":\"https:\/\/www.n-town.de\/glubbblog\/index.php\/archives\/fcn\/1633-110-jahre-club-nurnberg-eine-stadt-sieht-rot-schwarz.html#webpage\",\"url\":\"https:\/\/www.n-town.de\/glubbblog\/index.php\/archives\/fcn\/1633-110-jahre-club-nurnberg-eine-stadt-sieht-rot-schwarz.html\",\"name\":\"110 Jahre Club! N\u00fcrnberg, eine Stadt sieht rot-schwarz! - Glubb-Blog\",\"isPartOf\":{\"@id\":\"https:\/\/www.n-town.de\/glubbblog\/#website\"},\"primaryImageOfPage\":{\"@id\":\"https:\/\/www.n-town.de\/glubbblog\/index.php\/archives\/fcn\/1633-110-jahre-club-nurnberg-eine-stadt-sieht-rot-schwarz.html#primaryimage\"},\"datePublished\":\"2010-04-23T14:40:08+00:00\",\"dateModified\":\"2010-04-23T14:41:33+00:00\",\"author\":{\"@id\":\"https:\/\/www.n-town.de\/glubbblog\/#\/schema\/person\/23822a94b519ca1de591c4492e0e104e\"},\"breadcrumb\":{\"@id\":\"https:\/\/www.n-town.de\/glubbblog\/index.php\/archives\/fcn\/1633-110-jahre-club-nurnberg-eine-stadt-sieht-rot-schwarz.html#breadcrumb\"},\"inLanguage\":\"de\",\"potentialAction\":[{\"@type\":\"ReadAction\",\"target\":[\"https:\/\/www.n-town.de\/glubbblog\/index.php\/archives\/fcn\/1633-110-jahre-club-nurnberg-eine-stadt-sieht-rot-schwarz.html\"]}]},{\"@type\":\"BreadcrumbList\",\"@id\":\"https:\/\/www.n-town.de\/glubbblog\/index.php\/archives\/fcn\/1633-110-jahre-club-nurnberg-eine-stadt-sieht-rot-schwarz.html#breadcrumb\",\"itemListElement\":[{\"@type\":\"ListItem\",\"position\":1,\"name\":\"Home\",\"item\":\"https:\/\/www.n-town.de\/glubbblog\"},{\"@type\":\"ListItem\",\"position\":2,\"name\":\"110 Jahre Club! N\u00fcrnberg, eine Stadt sieht rot-schwarz!\"}]},{\"@type\":\"Person\",\"@id\":\"https:\/\/www.n-town.de\/glubbblog\/#\/schema\/person\/23822a94b519ca1de591c4492e0e104e\",\"name\":\"Bomber Manolo\",\"image\":{\"@type\":\"ImageObject\",\"@id\":\"https:\/\/www.n-town.de\/glubbblog\/#personlogo\",\"inLanguage\":\"de\",\"url\":\"https:\/\/secure.gravatar.com\/avatar\/745e89a5226a55ce3ed5fac4a51dced8?s=96&d=mm&r=g\",\"contentUrl\":\"https:\/\/secure.gravatar.com\/avatar\/745e89a5226a55ce3ed5fac4a51dced8?s=96&d=mm&r=g\",\"caption\":\"Bomber Manolo\"},\"sameAs\":[\"https:\/\/www.n-town.de\"],\"url\":\"https:\/\/www.n-town.de\/glubbblog\/index.php\/archives\/author\/andy\"}]}<\/script>\n<!-- \/ Yoast SEO plugin. -->","yoast_head_json":{"title":"110 Jahre Club! N\u00fcrnberg, eine Stadt sieht rot-schwarz! - Glubb-Blog","robots":{"index":"index","follow":"follow","max-snippet":"max-snippet:-1","max-image-preview":"max-image-preview:large","max-video-preview":"max-video-preview:-1"},"canonical":"https:\/\/www.n-town.de\/glubbblog\/index.php\/archives\/fcn\/1633-110-jahre-club-nurnberg-eine-stadt-sieht-rot-schwarz.html","og_locale":"de_DE","og_type":"article","og_title":"110 Jahre Club! N\u00fcrnberg, eine Stadt sieht rot-schwarz! - Glubb-Blog","og_description":"Der 1.FC N\u00fcrnberg feiert am 4. Mai 2010 seinen 110. Geburtstag! Aus diesem besonderen Anlass m\u00f6chte der Glubb mit all seinen Fans und den Einwohnern N\u00fcrnbergs den Gro\u00dfraum N\u00fcrnberg zu einem rot-schwarzen Meer machen! Der Club bittet alle Anh\u00e4nger, alle Bewohner der Stadt, des Frankenlandes und dar\u00fcber hinaus zum 110-j\u00e4hrigen Jubil\u00e4um Flagge zu zeigen! Bekennt [&hellip;]","og_url":"https:\/\/www.n-town.de\/glubbblog\/index.php\/archives\/fcn\/1633-110-jahre-club-nurnberg-eine-stadt-sieht-rot-schwarz.html","og_site_name":"Glubb-Blog","article_publisher":"https:\/\/www.facebook.com\/glubbblog","article_published_time":"2010-04-23T14:40:08+00:00","article_modified_time":"2010-04-23T14:41:33+00:00","og_image":[{"url":"https:\/\/www.n-town.de\/glubbblog\/wp-content\/uploads\/2010\/04\/IMG_1509-300x225.jpg"}],"twitter_card":"summary","twitter_creator":"@glubb_blog_de","twitter_site":"@glubb_blog_de","twitter_misc":{"Verfasst von":"Bomber Manolo","Gesch\u00e4tzte Lesezeit":"1\u00a0Minute"},"schema":{"@context":"https:\/\/schema.org","@graph":[{"@type":"WebSite","@id":"https:\/\/www.n-town.de\/glubbblog\/#website","url":"https:\/\/www.n-town.de\/glubbblog\/","name":"Glubb-Blog","description":"Clubfans bei FCN-Ausw\u00e4rtsfahrten und Groundhopping","potentialAction":[{"@type":"SearchAction","target":{"@type":"EntryPoint","urlTemplate":"https:\/\/www.n-town.de\/glubbblog\/?s={search_term_string}"},"query-input":"required name=search_term_string"}],"inLanguage":"de"},{"@type":"ImageObject","@id":"https:\/\/www.n-town.de\/glubbblog\/index.php\/archives\/fcn\/1633-110-jahre-club-nurnberg-eine-stadt-sieht-rot-schwarz.html#primaryimage","inLanguage":"de","url":"https:\/\/www.n-town.de\/glubbblog\/wp-content\/uploads\/2010\/04\/IMG_1509.jpg","contentUrl":"https:\/\/www.n-town.de\/glubbblog\/wp-content\/uploads\/2010\/04\/IMG_1509.jpg","width":"2048","height":"1536","caption":"Rot-Schwarzes Franken"},{"@type":"WebPage","@id":"https:\/\/www.n-town.de\/glubbblog\/index.php\/archives\/fcn\/1633-110-jahre-club-nurnberg-eine-stadt-sieht-rot-schwarz.html#webpage","url":"https:\/\/www.n-town.de\/glubbblog\/index.php\/archives\/fcn\/1633-110-jahre-club-nurnberg-eine-stadt-sieht-rot-schwarz.html","name":"110 Jahre Club! N\u00fcrnberg, eine Stadt sieht rot-schwarz! - Glubb-Blog","isPartOf":{"@id":"https:\/\/www.n-town.de\/glubbblog\/#website"},"primaryImageOfPage":{"@id":"https:\/\/www.n-town.de\/glubbblog\/index.php\/archives\/fcn\/1633-110-jahre-club-nurnberg-eine-stadt-sieht-rot-schwarz.html#primaryimage"},"datePublished":"2010-04-23T14:40:08+00:00","dateModified":"2010-04-23T14:41:33+00:00","author":{"@id":"https:\/\/www.n-town.de\/glubbblog\/#\/schema\/person\/23822a94b519ca1de591c4492e0e104e"},"breadcrumb":{"@id":"https:\/\/www.n-town.de\/glubbblog\/index.php\/archives\/fcn\/1633-110-jahre-club-nurnberg-eine-stadt-sieht-rot-schwarz.html#breadcrumb"},"inLanguage":"de","potentialAction":[{"@type":"ReadAction","target":["https:\/\/www.n-town.de\/glubbblog\/index.php\/archives\/fcn\/1633-110-jahre-club-nurnberg-eine-stadt-sieht-rot-schwarz.html"]}]},{"@type":"BreadcrumbList","@id":"https:\/\/www.n-town.de\/glubbblog\/index.php\/archives\/fcn\/1633-110-jahre-club-nurnberg-eine-stadt-sieht-rot-schwarz.html#breadcrumb","itemListElement":[{"@type":"ListItem","position":1,"name":"Home","item":"https:\/\/www.n-town.de\/glubbblog"},{"@type":"ListItem","position":2,"name":"110 Jahre Club! N\u00fcrnberg, eine Stadt sieht rot-schwarz!"}]},{"@type":"Person","@id":"https:\/\/www.n-town.de\/glubbblog\/#\/schema\/person\/23822a94b519ca1de591c4492e0e104e","name":"Bomber Manolo","image":{"@type":"ImageObject","@id":"https:\/\/www.n-town.de\/glubbblog\/#personlogo","inLanguage":"de","url":"https:\/\/secure.gravatar.com\/avatar\/745e89a5226a55ce3ed5fac4a51dced8?s=96&d=mm&r=g","contentUrl":"https:\/\/secure.gravatar.com\/avatar\/745e89a5226a55ce3ed5fac4a51dced8?s=96&d=mm&r=g","caption":"Bomber Manolo"},"sameAs":["https:\/\/www.n-town.de"],"url":"https:\/\/www.n-town.de\/glubbblog\/index.php\/archives\/author\/andy"}]}},"_links":{"self":[{"href":"https:\/\/www.n-town.de\/glubbblog\/index.php\/wp-json\/wp\/v2\/posts\/1633"}],"collection":[{"href":"https:\/\/www.n-town.de\/glubbblog\/index.php\/wp-json\/wp\/v2\/posts"}],"about":[{"href":"https:\/\/www.n-town.de\/glubbblog\/index.php\/wp-json\/wp\/v2\/types\/post"}],"author":[{"embeddable":true,"href":"https:\/\/www.n-town.de\/glubbblog\/index.php\/wp-json\/wp\/v2\/users\/4"}],"replies":[{"embeddable":true,"href":"https:\/\/www.n-town.de\/glubbblog\/index.php\/wp-json\/wp\/v2\/comments?post=1633"}],"version-history":[{"count":7,"href":"https:\/\/www.n-town.de\/glubbblog\/index.php\/wp-json\/wp\/v2\/posts\/1633\/revisions"}],"predecessor-version":[{"id":1641,"href":"https:\/\/www.n-town.de\/glubbblog\/index.php\/wp-json\/wp\/v2\/posts\/1633\/revisions\/1641"}],"wp:attachment":[{"href":"https:\/\/www.n-town.de\/glubbblog\/index.php\/wp-json\/wp\/v2\/media?parent=1633"}],"wp:term":[{"taxonomy":"category","embeddable":true,"href":"https:\/\/www.n-town.de\/glubbblog\/index.php\/wp-json\/wp\/v2\/categories?post=1633"},{"taxonomy":"post_tag","embeddable":true,"href":"https:\/\/www.n-town.de\/glubbblog\/index.php\/wp-json\/wp\/v2\/tags?post=1633"}],"curies":[{"name":"wp","href":"https:\/\/api.w.org\/{rel}","templated":true}]}}