{"id":1749,"date":"2010-05-16T20:51:55","date_gmt":"2010-05-16T18:51:55","guid":{"rendered":"http:\/\/www.n-town.de\/glubbblog\/index.php\/archives\/glubb-live\/1749-augsburg-fcn-02-nie-mehr-2-liga.html"},"modified":"2016-05-13T12:18:27","modified_gmt":"2016-05-13T10:18:27","slug":"augsburg-fcn-02-nie-mehr-2-liga","status":"publish","type":"post","link":"https:\/\/www.n-town.de\/glubbblog\/index.php\/archives\/glubb-live\/1749-augsburg-fcn-02-nie-mehr-2-liga.html","title":{"rendered":"Augsburg &#8211; FCN 0:2! Nie mehr 2. Liga!"},"content":{"rendered":"<p>Geil! Es ist geschafft! Allen schlechten Vorzeichen zum Trotz siegte der Glubb in der Relegation mit 3:0 (in der Summe) gegen die Fuggerst\u00e4dter!<\/p>\n<p>Was mussten wir wieder zittern! Am Donnerstag zu wenig Tore erzielt, mussten wir heute in der H\u00f6lle Impuls Arena antreten. Scheinbar war das die Taktik von Trainer Jus Luhukay, sich auf die Heimst\u00e4rke zu verlegen!<\/p>\n<p>Doch der Glubb war von Anfang an auf der Hut! Bis auf ein paar Freist\u00f6sse sprang beim FCA wenig raus! Wolf (wirkte unsicher), der starke Maroh und vor allem der b\u00e4renstarke Juri Judt lie\u00dfen nichts zu!<\/p>\n<p>Hinzu kam, dass Illkay G\u00fcndogan sich nach einer halben Stunde ein Herz fasste und auf das Tor abzog &#8211; Jentzsch war zwar noch dran, doch das Ding schlug vom St\u00fcrmer aus unten links ein! Das ersehnte Ausw\u00e4rtstor ist gefallen! Der Jubel kannte keine Grenzen! Augsburg deutlich geschockt!<\/p>\n<p>In der zweiten H\u00e4lfte dann noch mal ein Aufb\u00e4umen der Fugger, aber der FCN hielt dicht! Mitte der zweiten H\u00e4lfte hatte dann Juri Judt seinen Gegenspieler entg\u00fcltig aufgearbeitet: Traore lie\u00df sich zu einer Mega-T\u00e4tlichkeit hinreissen und ging mit glatt Rot vom Feld!<\/p>\n<p>Das war der endg\u00fcltige Knockout f\u00fcr Augsburg! N\u00fcrnberg in \u00dcberzahl, dr\u00fcckte nun \u00fcberlegen, aber nur mit halber Kraft. Einen f\u00e4lligen Foulelfmeter verwandelte entgegen der &#8220;Regel&#8221; der gefoulte selbst: Eric-Maxim Choupo-Moting zum entg\u00fcltigen 2:0 (siehe Bild)!<\/p>\n<p>Die Messe war gelesen, der Drops gelutscht! Nur das Feiern m\u00fcssen die Fans noch lernen: Bis zur 85. Minute sangen die Ultras nur ein Lied und danach ein paar &#8220;Schalreckersongs&#8221;! Da war die &#8220;Trotz-Feier&#8221; der Augsburger stimmungsvoller!!!!<\/p>\n<p>Am Ende waren dann noch die Spieler bei uns in der Kurve und feierten mit einem Pogo auf das &#8220;UFTA&#8221; der Fans! Mintal und Pinola wurden gefeiert, auf Chico Vogt wurde eine Spielerpyramide errichtet und Dieter Hecking kam zur &#8220;Berti-Vogts-Ged\u00e4chtnis-Ein-Mann-Laola&#8221;! Herrlich! Endlich erleben wir sowas auch mal!<\/p>\n<p><strong>Der Glubb kehrt zur\u00fcck in die 1. Liga!<\/strong><\/p>\n<p>Wieder ein Rekord den eigentlich keiner will: Nie hat eine Mannschaft die Relegation 2x hintereinander gewonnen! Wir scho! Eff Zeh \u00c4nn!!<\/p>\n<p>Jetzt geht die Planung aber ganz von vorne los, 6 Leihspieler werden den Glubb wohl verlassen! Aber egal, heute wird gefeiert&#8230;<\/p>\n<p>PS: Antenne Bayern trauert mit den Augsburgern &#8211; wie erwartet! Wann gibts endlich <a href=\"http:\/\/www.partei-fuer-franken.de\" target=\"_blank\">Antenne Franken<\/a>!!! \ud83d\ude42<\/p>\n<p><a href=\"https:\/\/www.n-town.de\/glubbblog\/wp-content\/uploads\/2010\/05\/l_2048_1536_B300C31E-D50C-48F2-B0FB-EB075B15618B.jpeg\"><img class=\"alignnone size-full\" src=\"https:\/\/www.n-town.de\/glubbblog\/wp-content\/uploads\/2010\/05\/l_2048_1536_B300C31E-D50C-48F2-B0FB-EB075B15618B.jpeg\" alt=\"\" \/><\/a><\/p>\n<p><strong><a href=\"https:\/\/www.n-town.de\/glubbblog\/index.php\/archives\/bundesliga\/7818-relegationstabelle-wer-ist-relegationsmeister.html\" target=\"_blank\">Wir sind Relegations-Meister<\/a><\/strong><\/p>\n<p>&nbsp;<\/p>\n","protected":false},"excerpt":{"rendered":"<p>Geil! Es ist geschafft! Allen schlechten Vorzeichen zum Trotz siegte der Glubb in der Relegation mit 3:0 (in der Summe) gegen die Fuggerst\u00e4dter! Was mussten wir wieder zittern! Am Donnerstag zu wenig Tore erzielt, mussten wir heute in der H\u00f6lle Impuls Arena antreten. Scheinbar war das die Taktik von Trainer Jus Luhukay, sich auf die [&hellip;]<\/p>\n","protected":false},"author":4,"featured_media":0,"comment_status":"open","ping_status":"open","sticky":false,"template":"","format":"standard","meta":{"spay_email":""},"categories":[5],"tags":[83,104],"jetpack_featured_media_url":"","yoast_head":"<!-- This site is optimized with the Yoast SEO plugin v18.3 - https:\/\/yoast.com\/wordpress\/plugins\/seo\/ -->\n<title>Augsburg - FCN 0:2! Nie mehr 2. Liga! - Glubb-Blog<\/title>\n<meta name=\"robots\" content=\"index, follow, max-snippet:-1, max-image-preview:large, max-video-preview:-1\" \/>\n<link rel=\"canonical\" href=\"https:\/\/www.n-town.de\/glubbblog\/index.php\/archives\/glubb-live\/1749-augsburg-fcn-02-nie-mehr-2-liga.html\" \/>\n<meta property=\"og:locale\" content=\"de_DE\" \/>\n<meta property=\"og:type\" content=\"article\" \/>\n<meta property=\"og:title\" content=\"Augsburg - FCN 0:2! Nie mehr 2. Liga! - Glubb-Blog\" \/>\n<meta property=\"og:description\" content=\"Geil! Es ist geschafft! Allen schlechten Vorzeichen zum Trotz siegte der Glubb in der Relegation mit 3:0 (in der Summe) gegen die Fuggerst\u00e4dter! Was mussten wir wieder zittern! Am Donnerstag zu wenig Tore erzielt, mussten wir heute in der H\u00f6lle Impuls Arena antreten. Scheinbar war das die Taktik von Trainer Jus Luhukay, sich auf die [&hellip;]\" \/>\n<meta property=\"og:url\" content=\"https:\/\/www.n-town.de\/glubbblog\/index.php\/archives\/glubb-live\/1749-augsburg-fcn-02-nie-mehr-2-liga.html\" \/>\n<meta property=\"og:site_name\" content=\"Glubb-Blog\" \/>\n<meta property=\"article:publisher\" content=\"https:\/\/www.facebook.com\/glubbblog\" \/>\n<meta property=\"article:published_time\" content=\"2010-05-16T18:51:55+00:00\" \/>\n<meta property=\"article:modified_time\" content=\"2016-05-13T10:18:27+00:00\" \/>\n<meta property=\"og:image\" content=\"https:\/\/www.n-town.de\/glubbblog\/wp-content\/uploads\/2010\/05\/l_2048_1536_B300C31E-D50C-48F2-B0FB-EB075B15618B.jpeg\" \/>\n<meta name=\"twitter:card\" content=\"summary\" \/>\n<meta name=\"twitter:creator\" content=\"@glubb_blog_de\" \/>\n<meta name=\"twitter:site\" content=\"@glubb_blog_de\" \/>\n<meta name=\"twitter:label1\" content=\"Verfasst von\" \/>\n\t<meta name=\"twitter:data1\" content=\"Bomber Manolo\" \/>\n\t<meta name=\"twitter:label2\" content=\"Gesch\u00e4tzte Lesezeit\" \/>\n\t<meta name=\"twitter:data2\" content=\"2\u00a0Minuten\" \/>\n<script type=\"application\/ld+json\" class=\"yoast-schema-graph\">{\"@context\":\"https:\/\/schema.org\",\"@graph\":[{\"@type\":\"WebSite\",\"@id\":\"https:\/\/www.n-town.de\/glubbblog\/#website\",\"url\":\"https:\/\/www.n-town.de\/glubbblog\/\",\"name\":\"Glubb-Blog\",\"description\":\"Clubfans bei FCN-Ausw\u00e4rtsfahrten und Groundhopping\",\"potentialAction\":[{\"@type\":\"SearchAction\",\"target\":{\"@type\":\"EntryPoint\",\"urlTemplate\":\"https:\/\/www.n-town.de\/glubbblog\/?s={search_term_string}\"},\"query-input\":\"required name=search_term_string\"}],\"inLanguage\":\"de\"},{\"@type\":\"ImageObject\",\"@id\":\"https:\/\/www.n-town.de\/glubbblog\/index.php\/archives\/glubb-live\/1749-augsburg-fcn-02-nie-mehr-2-liga.html#primaryimage\",\"inLanguage\":\"de\",\"url\":\"https:\/\/www.n-town.de\/glubbblog\/wp-content\/uploads\/2010\/05\/l_2048_1536_B300C31E-D50C-48F2-B0FB-EB075B15618B.jpeg\",\"contentUrl\":\"https:\/\/www.n-town.de\/glubbblog\/wp-content\/uploads\/2010\/05\/l_2048_1536_B300C31E-D50C-48F2-B0FB-EB075B15618B.jpeg\",\"width\":\"640\",\"height\":\"480\"},{\"@type\":\"WebPage\",\"@id\":\"https:\/\/www.n-town.de\/glubbblog\/index.php\/archives\/glubb-live\/1749-augsburg-fcn-02-nie-mehr-2-liga.html#webpage\",\"url\":\"https:\/\/www.n-town.de\/glubbblog\/index.php\/archives\/glubb-live\/1749-augsburg-fcn-02-nie-mehr-2-liga.html\",\"name\":\"Augsburg - FCN 0:2! Nie mehr 2. Liga! - Glubb-Blog\",\"isPartOf\":{\"@id\":\"https:\/\/www.n-town.de\/glubbblog\/#website\"},\"primaryImageOfPage\":{\"@id\":\"https:\/\/www.n-town.de\/glubbblog\/index.php\/archives\/glubb-live\/1749-augsburg-fcn-02-nie-mehr-2-liga.html#primaryimage\"},\"datePublished\":\"2010-05-16T18:51:55+00:00\",\"dateModified\":\"2016-05-13T10:18:27+00:00\",\"author\":{\"@id\":\"https:\/\/www.n-town.de\/glubbblog\/#\/schema\/person\/23822a94b519ca1de591c4492e0e104e\"},\"breadcrumb\":{\"@id\":\"https:\/\/www.n-town.de\/glubbblog\/index.php\/archives\/glubb-live\/1749-augsburg-fcn-02-nie-mehr-2-liga.html#breadcrumb\"},\"inLanguage\":\"de\",\"potentialAction\":[{\"@type\":\"ReadAction\",\"target\":[\"https:\/\/www.n-town.de\/glubbblog\/index.php\/archives\/glubb-live\/1749-augsburg-fcn-02-nie-mehr-2-liga.html\"]}]},{\"@type\":\"BreadcrumbList\",\"@id\":\"https:\/\/www.n-town.de\/glubbblog\/index.php\/archives\/glubb-live\/1749-augsburg-fcn-02-nie-mehr-2-liga.html#breadcrumb\",\"itemListElement\":[{\"@type\":\"ListItem\",\"position\":1,\"name\":\"Home\",\"item\":\"https:\/\/www.n-town.de\/glubbblog\"},{\"@type\":\"ListItem\",\"position\":2,\"name\":\"Augsburg &#8211; FCN 0:2! Nie mehr 2. Liga!\"}]},{\"@type\":\"Person\",\"@id\":\"https:\/\/www.n-town.de\/glubbblog\/#\/schema\/person\/23822a94b519ca1de591c4492e0e104e\",\"name\":\"Bomber Manolo\",\"image\":{\"@type\":\"ImageObject\",\"@id\":\"https:\/\/www.n-town.de\/glubbblog\/#personlogo\",\"inLanguage\":\"de\",\"url\":\"https:\/\/secure.gravatar.com\/avatar\/745e89a5226a55ce3ed5fac4a51dced8?s=96&d=mm&r=g\",\"contentUrl\":\"https:\/\/secure.gravatar.com\/avatar\/745e89a5226a55ce3ed5fac4a51dced8?s=96&d=mm&r=g\",\"caption\":\"Bomber Manolo\"},\"sameAs\":[\"https:\/\/www.n-town.de\"],\"url\":\"https:\/\/www.n-town.de\/glubbblog\/index.php\/archives\/author\/andy\"}]}<\/script>\n<!-- \/ Yoast SEO plugin. -->","yoast_head_json":{"title":"Augsburg - FCN 0:2! Nie mehr 2. Liga! - Glubb-Blog","robots":{"index":"index","follow":"follow","max-snippet":"max-snippet:-1","max-image-preview":"max-image-preview:large","max-video-preview":"max-video-preview:-1"},"canonical":"https:\/\/www.n-town.de\/glubbblog\/index.php\/archives\/glubb-live\/1749-augsburg-fcn-02-nie-mehr-2-liga.html","og_locale":"de_DE","og_type":"article","og_title":"Augsburg - FCN 0:2! Nie mehr 2. Liga! - Glubb-Blog","og_description":"Geil! Es ist geschafft! Allen schlechten Vorzeichen zum Trotz siegte der Glubb in der Relegation mit 3:0 (in der Summe) gegen die Fuggerst\u00e4dter! Was mussten wir wieder zittern! Am Donnerstag zu wenig Tore erzielt, mussten wir heute in der H\u00f6lle Impuls Arena antreten. Scheinbar war das die Taktik von Trainer Jus Luhukay, sich auf die [&hellip;]","og_url":"https:\/\/www.n-town.de\/glubbblog\/index.php\/archives\/glubb-live\/1749-augsburg-fcn-02-nie-mehr-2-liga.html","og_site_name":"Glubb-Blog","article_publisher":"https:\/\/www.facebook.com\/glubbblog","article_published_time":"2010-05-16T18:51:55+00:00","article_modified_time":"2016-05-13T10:18:27+00:00","og_image":[{"url":"https:\/\/www.n-town.de\/glubbblog\/wp-content\/uploads\/2010\/05\/l_2048_1536_B300C31E-D50C-48F2-B0FB-EB075B15618B.jpeg"}],"twitter_card":"summary","twitter_creator":"@glubb_blog_de","twitter_site":"@glubb_blog_de","twitter_misc":{"Verfasst von":"Bomber Manolo","Gesch\u00e4tzte Lesezeit":"2\u00a0Minuten"},"schema":{"@context":"https:\/\/schema.org","@graph":[{"@type":"WebSite","@id":"https:\/\/www.n-town.de\/glubbblog\/#website","url":"https:\/\/www.n-town.de\/glubbblog\/","name":"Glubb-Blog","description":"Clubfans bei FCN-Ausw\u00e4rtsfahrten und Groundhopping","potentialAction":[{"@type":"SearchAction","target":{"@type":"EntryPoint","urlTemplate":"https:\/\/www.n-town.de\/glubbblog\/?s={search_term_string}"},"query-input":"required name=search_term_string"}],"inLanguage":"de"},{"@type":"ImageObject","@id":"https:\/\/www.n-town.de\/glubbblog\/index.php\/archives\/glubb-live\/1749-augsburg-fcn-02-nie-mehr-2-liga.html#primaryimage","inLanguage":"de","url":"https:\/\/www.n-town.de\/glubbblog\/wp-content\/uploads\/2010\/05\/l_2048_1536_B300C31E-D50C-48F2-B0FB-EB075B15618B.jpeg","contentUrl":"https:\/\/www.n-town.de\/glubbblog\/wp-content\/uploads\/2010\/05\/l_2048_1536_B300C31E-D50C-48F2-B0FB-EB075B15618B.jpeg","width":"640","height":"480"},{"@type":"WebPage","@id":"https:\/\/www.n-town.de\/glubbblog\/index.php\/archives\/glubb-live\/1749-augsburg-fcn-02-nie-mehr-2-liga.html#webpage","url":"https:\/\/www.n-town.de\/glubbblog\/index.php\/archives\/glubb-live\/1749-augsburg-fcn-02-nie-mehr-2-liga.html","name":"Augsburg - FCN 0:2! Nie mehr 2. Liga! - Glubb-Blog","isPartOf":{"@id":"https:\/\/www.n-town.de\/glubbblog\/#website"},"primaryImageOfPage":{"@id":"https:\/\/www.n-town.de\/glubbblog\/index.php\/archives\/glubb-live\/1749-augsburg-fcn-02-nie-mehr-2-liga.html#primaryimage"},"datePublished":"2010-05-16T18:51:55+00:00","dateModified":"2016-05-13T10:18:27+00:00","author":{"@id":"https:\/\/www.n-town.de\/glubbblog\/#\/schema\/person\/23822a94b519ca1de591c4492e0e104e"},"breadcrumb":{"@id":"https:\/\/www.n-town.de\/glubbblog\/index.php\/archives\/glubb-live\/1749-augsburg-fcn-02-nie-mehr-2-liga.html#breadcrumb"},"inLanguage":"de","potentialAction":[{"@type":"ReadAction","target":["https:\/\/www.n-town.de\/glubbblog\/index.php\/archives\/glubb-live\/1749-augsburg-fcn-02-nie-mehr-2-liga.html"]}]},{"@type":"BreadcrumbList","@id":"https:\/\/www.n-town.de\/glubbblog\/index.php\/archives\/glubb-live\/1749-augsburg-fcn-02-nie-mehr-2-liga.html#breadcrumb","itemListElement":[{"@type":"ListItem","position":1,"name":"Home","item":"https:\/\/www.n-town.de\/glubbblog"},{"@type":"ListItem","position":2,"name":"Augsburg &#8211; FCN 0:2! Nie mehr 2. Liga!"}]},{"@type":"Person","@id":"https:\/\/www.n-town.de\/glubbblog\/#\/schema\/person\/23822a94b519ca1de591c4492e0e104e","name":"Bomber Manolo","image":{"@type":"ImageObject","@id":"https:\/\/www.n-town.de\/glubbblog\/#personlogo","inLanguage":"de","url":"https:\/\/secure.gravatar.com\/avatar\/745e89a5226a55ce3ed5fac4a51dced8?s=96&d=mm&r=g","contentUrl":"https:\/\/secure.gravatar.com\/avatar\/745e89a5226a55ce3ed5fac4a51dced8?s=96&d=mm&r=g","caption":"Bomber Manolo"},"sameAs":["https:\/\/www.n-town.de"],"url":"https:\/\/www.n-town.de\/glubbblog\/index.php\/archives\/author\/andy"}]}},"_links":{"self":[{"href":"https:\/\/www.n-town.de\/glubbblog\/index.php\/wp-json\/wp\/v2\/posts\/1749"}],"collection":[{"href":"https:\/\/www.n-town.de\/glubbblog\/index.php\/wp-json\/wp\/v2\/posts"}],"about":[{"href":"https:\/\/www.n-town.de\/glubbblog\/index.php\/wp-json\/wp\/v2\/types\/post"}],"author":[{"embeddable":true,"href":"https:\/\/www.n-town.de\/glubbblog\/index.php\/wp-json\/wp\/v2\/users\/4"}],"replies":[{"embeddable":true,"href":"https:\/\/www.n-town.de\/glubbblog\/index.php\/wp-json\/wp\/v2\/comments?post=1749"}],"version-history":[{"count":12,"href":"https:\/\/www.n-town.de\/glubbblog\/index.php\/wp-json\/wp\/v2\/posts\/1749\/revisions"}],"predecessor-version":[{"id":7878,"href":"https:\/\/www.n-town.de\/glubbblog\/index.php\/wp-json\/wp\/v2\/posts\/1749\/revisions\/7878"}],"wp:attachment":[{"href":"https:\/\/www.n-town.de\/glubbblog\/index.php\/wp-json\/wp\/v2\/media?parent=1749"}],"wp:term":[{"taxonomy":"category","embeddable":true,"href":"https:\/\/www.n-town.de\/glubbblog\/index.php\/wp-json\/wp\/v2\/categories?post=1749"},{"taxonomy":"post_tag","embeddable":true,"href":"https:\/\/www.n-town.de\/glubbblog\/index.php\/wp-json\/wp\/v2\/tags?post=1749"}],"curies":[{"name":"wp","href":"https:\/\/api.w.org\/{rel}","templated":true}]}}