{"id":1896,"date":"2010-09-14T16:14:47","date_gmt":"2010-09-14T14:14:47","guid":{"rendered":"http:\/\/www.n-town.de\/glubbblog\/index.php\/archives\/glubb-news\/1896-albert-bunjaku-fallt-aus-ausenmeniskusriss.html"},"modified":"2010-09-15T13:10:30","modified_gmt":"2010-09-15T11:10:30","slug":"albert-bunjaku-fallt-aus-ausenmeniskusriss","status":"publish","type":"post","link":"https:\/\/www.n-town.de\/glubbblog\/index.php\/archives\/glubb-news\/1896-albert-bunjaku-fallt-aus-ausenmeniskusriss.html","title":{"rendered":"Albert Bunjaku f\u00e4llt 6 Monate aus: Au\u00dfenmeniskusriss und Knorpelschaden!"},"content":{"rendered":"<p>Wie der Kicker heute mitteilte, f\u00e4llt Glubbst\u00fcrmer Albert Bunjaku wegen eines Risses des Au\u00dfenmeniskus wom\u00f6glich mehrere Wochen aus!<\/p>\n<p>Seit mehreren Tagen beklagte er sich \u00fcber Schmerzen (vielleicht jat es deshalb in Hamburg \u00fcber den Ball getreten) im rechten Knie. In der Uniklinik Erlangen gab es nun die Hiobsbotschaft f\u00fcr den Schweizer Nationalspieler: Er wird nun in den n\u00e4chsten Tagen in Augsburg operiert werden. \u00dcber die Dauer des Ausfalls des 12-Tore St\u00fcrmers konnte Martin Bader noch keine Auskunft geben.<\/p>\n<p><b>Gute Besserung, Albert! Sch\u00f6n auskurieren und wieder treffsicher zur\u00fcckkommen!!<\/b><\/p>\n<p><a href=\"http:\/\/www.kicker.de\/news\/fussball\/bundesliga\/startseite\/542394\/artikel_Bunjaku-im-Pech---Aussenmeniskusriss.html\" target=\"_blank\">Mehr hier bei kicker.de<\/a><\/p>\n<p><b>Update: Bunjaku f\u00e4llt mindestens 6 Monate aus!<\/b><\/p>\n<p>Bei der Operation wurde neben dem diagnostizierten Au\u00dfenmeniskusriss auch ein Knorpelschaden entdeckt und behandelt. Darum muss der Schweizer rund 6 Monate pausieren! Ein hartes Los f\u00fcr ihn und den 1. FC N\u00fcrnberg! Leider ist Neuverpflichtung Rubin Okotie auch noch nicht fit und steht als Ersatz f\u00fcr Albert nicht zur Verf\u00fcgung.<\/p>\n<p><a href=\"http:\/\/www.kicker.de\/news\/fussball\/bundesliga\/startseite\/542422\/artikel_Club-Stuermer-Bunjaku-faellt-sechs-Monate-aus.html\" target=\"_blank\">Mehr hier bei kicker.de<\/a><\/p>\n","protected":false},"excerpt":{"rendered":"<p>Wie der Kicker heute mitteilte, f\u00e4llt Glubbst\u00fcrmer Albert Bunjaku wegen eines Risses des Au\u00dfenmeniskus wom\u00f6glich mehrere Wochen aus! Seit mehreren Tagen beklagte er sich \u00fcber Schmerzen (vielleicht jat es deshalb in Hamburg \u00fcber den Ball getreten) im rechten Knie. In der Uniklinik Erlangen gab es nun die Hiobsbotschaft f\u00fcr den Schweizer Nationalspieler: Er wird nun [&hellip;]<\/p>\n","protected":false},"author":4,"featured_media":0,"comment_status":"open","ping_status":"open","sticky":false,"template":"","format":"standard","meta":{"spay_email":""},"categories":[6],"tags":[149],"jetpack_featured_media_url":"","yoast_head":"<!-- This site is optimized with the Yoast SEO plugin v18.3 - https:\/\/yoast.com\/wordpress\/plugins\/seo\/ -->\n<title>Albert Bunjaku f\u00e4llt 6 Monate aus: Au\u00dfenmeniskusriss und Knorpelschaden! - Glubb-Blog<\/title>\n<meta name=\"robots\" content=\"index, follow, max-snippet:-1, max-image-preview:large, max-video-preview:-1\" \/>\n<link rel=\"canonical\" href=\"https:\/\/www.n-town.de\/glubbblog\/index.php\/archives\/glubb-news\/1896-albert-bunjaku-fallt-aus-ausenmeniskusriss.html\" \/>\n<meta property=\"og:locale\" content=\"de_DE\" \/>\n<meta property=\"og:type\" content=\"article\" \/>\n<meta property=\"og:title\" content=\"Albert Bunjaku f\u00e4llt 6 Monate aus: Au\u00dfenmeniskusriss und Knorpelschaden! - Glubb-Blog\" \/>\n<meta property=\"og:description\" content=\"Wie der Kicker heute mitteilte, f\u00e4llt Glubbst\u00fcrmer Albert Bunjaku wegen eines Risses des Au\u00dfenmeniskus wom\u00f6glich mehrere Wochen aus! Seit mehreren Tagen beklagte er sich \u00fcber Schmerzen (vielleicht jat es deshalb in Hamburg \u00fcber den Ball getreten) im rechten Knie. In der Uniklinik Erlangen gab es nun die Hiobsbotschaft f\u00fcr den Schweizer Nationalspieler: Er wird nun [&hellip;]\" \/>\n<meta property=\"og:url\" content=\"https:\/\/www.n-town.de\/glubbblog\/index.php\/archives\/glubb-news\/1896-albert-bunjaku-fallt-aus-ausenmeniskusriss.html\" \/>\n<meta property=\"og:site_name\" content=\"Glubb-Blog\" \/>\n<meta property=\"article:publisher\" content=\"https:\/\/www.facebook.com\/glubbblog\" \/>\n<meta property=\"article:published_time\" content=\"2010-09-14T14:14:47+00:00\" \/>\n<meta property=\"article:modified_time\" content=\"2010-09-15T11:10:30+00:00\" \/>\n<meta property=\"og:image\" content=\"https:\/\/www.n-town.de\/glubbblog\/wp-content\/uploads\/2020\/06\/img_8003-1.jpg\" \/>\n\t<meta property=\"og:image:width\" content=\"500\" \/>\n\t<meta property=\"og:image:height\" content=\"375\" \/>\n\t<meta property=\"og:image:type\" content=\"image\/jpeg\" \/>\n<meta name=\"twitter:card\" content=\"summary\" \/>\n<meta name=\"twitter:creator\" content=\"@glubb_blog_de\" \/>\n<meta name=\"twitter:site\" content=\"@glubb_blog_de\" \/>\n<meta name=\"twitter:label1\" content=\"Verfasst von\" \/>\n\t<meta name=\"twitter:data1\" content=\"Bomber Manolo\" \/>\n\t<meta name=\"twitter:label2\" content=\"Gesch\u00e4tzte Lesezeit\" \/>\n\t<meta name=\"twitter:data2\" content=\"1\u00a0Minute\" \/>\n<script type=\"application\/ld+json\" class=\"yoast-schema-graph\">{\"@context\":\"https:\/\/schema.org\",\"@graph\":[{\"@type\":\"WebSite\",\"@id\":\"https:\/\/www.n-town.de\/glubbblog\/#website\",\"url\":\"https:\/\/www.n-town.de\/glubbblog\/\",\"name\":\"Glubb-Blog\",\"description\":\"Clubfans bei FCN-Ausw\u00e4rtsfahrten und Groundhopping\",\"potentialAction\":[{\"@type\":\"SearchAction\",\"target\":{\"@type\":\"EntryPoint\",\"urlTemplate\":\"https:\/\/www.n-town.de\/glubbblog\/?s={search_term_string}\"},\"query-input\":\"required name=search_term_string\"}],\"inLanguage\":\"de\"},{\"@type\":\"WebPage\",\"@id\":\"https:\/\/www.n-town.de\/glubbblog\/index.php\/archives\/glubb-news\/1896-albert-bunjaku-fallt-aus-ausenmeniskusriss.html#webpage\",\"url\":\"https:\/\/www.n-town.de\/glubbblog\/index.php\/archives\/glubb-news\/1896-albert-bunjaku-fallt-aus-ausenmeniskusriss.html\",\"name\":\"Albert Bunjaku f\u00e4llt 6 Monate aus: Au\u00dfenmeniskusriss und Knorpelschaden! - Glubb-Blog\",\"isPartOf\":{\"@id\":\"https:\/\/www.n-town.de\/glubbblog\/#website\"},\"datePublished\":\"2010-09-14T14:14:47+00:00\",\"dateModified\":\"2010-09-15T11:10:30+00:00\",\"author\":{\"@id\":\"https:\/\/www.n-town.de\/glubbblog\/#\/schema\/person\/23822a94b519ca1de591c4492e0e104e\"},\"breadcrumb\":{\"@id\":\"https:\/\/www.n-town.de\/glubbblog\/index.php\/archives\/glubb-news\/1896-albert-bunjaku-fallt-aus-ausenmeniskusriss.html#breadcrumb\"},\"inLanguage\":\"de\",\"potentialAction\":[{\"@type\":\"ReadAction\",\"target\":[\"https:\/\/www.n-town.de\/glubbblog\/index.php\/archives\/glubb-news\/1896-albert-bunjaku-fallt-aus-ausenmeniskusriss.html\"]}]},{\"@type\":\"BreadcrumbList\",\"@id\":\"https:\/\/www.n-town.de\/glubbblog\/index.php\/archives\/glubb-news\/1896-albert-bunjaku-fallt-aus-ausenmeniskusriss.html#breadcrumb\",\"itemListElement\":[{\"@type\":\"ListItem\",\"position\":1,\"name\":\"Home\",\"item\":\"https:\/\/www.n-town.de\/glubbblog\"},{\"@type\":\"ListItem\",\"position\":2,\"name\":\"Albert Bunjaku f\u00e4llt 6 Monate aus: Au\u00dfenmeniskusriss und Knorpelschaden!\"}]},{\"@type\":\"Person\",\"@id\":\"https:\/\/www.n-town.de\/glubbblog\/#\/schema\/person\/23822a94b519ca1de591c4492e0e104e\",\"name\":\"Bomber Manolo\",\"image\":{\"@type\":\"ImageObject\",\"@id\":\"https:\/\/www.n-town.de\/glubbblog\/#personlogo\",\"inLanguage\":\"de\",\"url\":\"https:\/\/secure.gravatar.com\/avatar\/745e89a5226a55ce3ed5fac4a51dced8?s=96&d=mm&r=g\",\"contentUrl\":\"https:\/\/secure.gravatar.com\/avatar\/745e89a5226a55ce3ed5fac4a51dced8?s=96&d=mm&r=g\",\"caption\":\"Bomber Manolo\"},\"sameAs\":[\"https:\/\/www.n-town.de\"],\"url\":\"https:\/\/www.n-town.de\/glubbblog\/index.php\/archives\/author\/andy\"}]}<\/script>\n<!-- \/ Yoast SEO plugin. -->","yoast_head_json":{"title":"Albert Bunjaku f\u00e4llt 6 Monate aus: Au\u00dfenmeniskusriss und Knorpelschaden! - Glubb-Blog","robots":{"index":"index","follow":"follow","max-snippet":"max-snippet:-1","max-image-preview":"max-image-preview:large","max-video-preview":"max-video-preview:-1"},"canonical":"https:\/\/www.n-town.de\/glubbblog\/index.php\/archives\/glubb-news\/1896-albert-bunjaku-fallt-aus-ausenmeniskusriss.html","og_locale":"de_DE","og_type":"article","og_title":"Albert Bunjaku f\u00e4llt 6 Monate aus: Au\u00dfenmeniskusriss und Knorpelschaden! - Glubb-Blog","og_description":"Wie der Kicker heute mitteilte, f\u00e4llt Glubbst\u00fcrmer Albert Bunjaku wegen eines Risses des Au\u00dfenmeniskus wom\u00f6glich mehrere Wochen aus! Seit mehreren Tagen beklagte er sich \u00fcber Schmerzen (vielleicht jat es deshalb in Hamburg \u00fcber den Ball getreten) im rechten Knie. In der Uniklinik Erlangen gab es nun die Hiobsbotschaft f\u00fcr den Schweizer Nationalspieler: Er wird nun [&hellip;]","og_url":"https:\/\/www.n-town.de\/glubbblog\/index.php\/archives\/glubb-news\/1896-albert-bunjaku-fallt-aus-ausenmeniskusriss.html","og_site_name":"Glubb-Blog","article_publisher":"https:\/\/www.facebook.com\/glubbblog","article_published_time":"2010-09-14T14:14:47+00:00","article_modified_time":"2010-09-15T11:10:30+00:00","og_image":[{"width":500,"height":375,"url":"https:\/\/www.n-town.de\/glubbblog\/wp-content\/uploads\/2020\/06\/img_8003-1.jpg","type":"image\/jpeg"}],"twitter_card":"summary","twitter_creator":"@glubb_blog_de","twitter_site":"@glubb_blog_de","twitter_misc":{"Verfasst von":"Bomber Manolo","Gesch\u00e4tzte Lesezeit":"1\u00a0Minute"},"schema":{"@context":"https:\/\/schema.org","@graph":[{"@type":"WebSite","@id":"https:\/\/www.n-town.de\/glubbblog\/#website","url":"https:\/\/www.n-town.de\/glubbblog\/","name":"Glubb-Blog","description":"Clubfans bei FCN-Ausw\u00e4rtsfahrten und Groundhopping","potentialAction":[{"@type":"SearchAction","target":{"@type":"EntryPoint","urlTemplate":"https:\/\/www.n-town.de\/glubbblog\/?s={search_term_string}"},"query-input":"required name=search_term_string"}],"inLanguage":"de"},{"@type":"WebPage","@id":"https:\/\/www.n-town.de\/glubbblog\/index.php\/archives\/glubb-news\/1896-albert-bunjaku-fallt-aus-ausenmeniskusriss.html#webpage","url":"https:\/\/www.n-town.de\/glubbblog\/index.php\/archives\/glubb-news\/1896-albert-bunjaku-fallt-aus-ausenmeniskusriss.html","name":"Albert Bunjaku f\u00e4llt 6 Monate aus: Au\u00dfenmeniskusriss und Knorpelschaden! - Glubb-Blog","isPartOf":{"@id":"https:\/\/www.n-town.de\/glubbblog\/#website"},"datePublished":"2010-09-14T14:14:47+00:00","dateModified":"2010-09-15T11:10:30+00:00","author":{"@id":"https:\/\/www.n-town.de\/glubbblog\/#\/schema\/person\/23822a94b519ca1de591c4492e0e104e"},"breadcrumb":{"@id":"https:\/\/www.n-town.de\/glubbblog\/index.php\/archives\/glubb-news\/1896-albert-bunjaku-fallt-aus-ausenmeniskusriss.html#breadcrumb"},"inLanguage":"de","potentialAction":[{"@type":"ReadAction","target":["https:\/\/www.n-town.de\/glubbblog\/index.php\/archives\/glubb-news\/1896-albert-bunjaku-fallt-aus-ausenmeniskusriss.html"]}]},{"@type":"BreadcrumbList","@id":"https:\/\/www.n-town.de\/glubbblog\/index.php\/archives\/glubb-news\/1896-albert-bunjaku-fallt-aus-ausenmeniskusriss.html#breadcrumb","itemListElement":[{"@type":"ListItem","position":1,"name":"Home","item":"https:\/\/www.n-town.de\/glubbblog"},{"@type":"ListItem","position":2,"name":"Albert Bunjaku f\u00e4llt 6 Monate aus: Au\u00dfenmeniskusriss und Knorpelschaden!"}]},{"@type":"Person","@id":"https:\/\/www.n-town.de\/glubbblog\/#\/schema\/person\/23822a94b519ca1de591c4492e0e104e","name":"Bomber Manolo","image":{"@type":"ImageObject","@id":"https:\/\/www.n-town.de\/glubbblog\/#personlogo","inLanguage":"de","url":"https:\/\/secure.gravatar.com\/avatar\/745e89a5226a55ce3ed5fac4a51dced8?s=96&d=mm&r=g","contentUrl":"https:\/\/secure.gravatar.com\/avatar\/745e89a5226a55ce3ed5fac4a51dced8?s=96&d=mm&r=g","caption":"Bomber Manolo"},"sameAs":["https:\/\/www.n-town.de"],"url":"https:\/\/www.n-town.de\/glubbblog\/index.php\/archives\/author\/andy"}]}},"_links":{"self":[{"href":"https:\/\/www.n-town.de\/glubbblog\/index.php\/wp-json\/wp\/v2\/posts\/1896"}],"collection":[{"href":"https:\/\/www.n-town.de\/glubbblog\/index.php\/wp-json\/wp\/v2\/posts"}],"about":[{"href":"https:\/\/www.n-town.de\/glubbblog\/index.php\/wp-json\/wp\/v2\/types\/post"}],"author":[{"embeddable":true,"href":"https:\/\/www.n-town.de\/glubbblog\/index.php\/wp-json\/wp\/v2\/users\/4"}],"replies":[{"embeddable":true,"href":"https:\/\/www.n-town.de\/glubbblog\/index.php\/wp-json\/wp\/v2\/comments?post=1896"}],"version-history":[{"count":8,"href":"https:\/\/www.n-town.de\/glubbblog\/index.php\/wp-json\/wp\/v2\/posts\/1896\/revisions"}],"predecessor-version":[{"id":1904,"href":"https:\/\/www.n-town.de\/glubbblog\/index.php\/wp-json\/wp\/v2\/posts\/1896\/revisions\/1904"}],"wp:attachment":[{"href":"https:\/\/www.n-town.de\/glubbblog\/index.php\/wp-json\/wp\/v2\/media?parent=1896"}],"wp:term":[{"taxonomy":"category","embeddable":true,"href":"https:\/\/www.n-town.de\/glubbblog\/index.php\/wp-json\/wp\/v2\/categories?post=1896"},{"taxonomy":"post_tag","embeddable":true,"href":"https:\/\/www.n-town.de\/glubbblog\/index.php\/wp-json\/wp\/v2\/tags?post=1896"}],"curies":[{"name":"wp","href":"https:\/\/api.w.org\/{rel}","templated":true}]}}