{"id":248,"date":"2007-12-13T12:28:08","date_gmt":"2007-12-13T11:28:08","guid":{"rendered":"http:\/\/n-town.de\/glubbblog\/index.php\/archives\/glubb-news\/248-glubb-verpflichtet-jacques-abardonado-ogc-nice.html"},"modified":"2010-08-20T16:45:10","modified_gmt":"2010-08-20T14:45:10","slug":"glubb-verpflichtet-jacques-abardonado-ogc-nice","status":"publish","type":"post","link":"https:\/\/www.n-town.de\/glubbblog\/index.php\/archives\/glubb-news\/248-glubb-verpflichtet-jacques-abardonado-ogc-nice.html","title":{"rendered":"Glubb verpflichtet Jacques Abardonado"},"content":{"rendered":"<p>fcn.de vermeldet aktuell, dass der 1. FC N\u00fcrnberg auf dem Transfermarkt zugeschlagen hat: Der franz\u00f6sische Innenverteidiger <strong>Jacques Abardonado<\/strong> (genannt &#8220;<strong>Pancho<\/strong>&#8220;, 29 Jahre, 183 cm, 78 kg) wechselt zur R\u00fcckrunde von <strong>OGC Nice (Nizza)<\/strong> in die Noris.<\/p>\n<p>Er erh\u00e4lt einen Vertrag f\u00fcr die kommenden zweieinhalb Jahre bis zum <strong>Ende der Saison 2009\/2010<\/strong>. \u00dcber die Abl\u00f6semodalit\u00e4ten wurde Stillschweigen vereinbart (Meyer auf welt.de: &#8220;<em>Er war sehr, sehr g\u00fcnstig f\u00fcr uns zu haben<\/em>.&#8221;).<\/p>\n<p>Seit 1998 bestritt &#8220;<strong>Pancho<\/strong>&#8221; insgesamt 235 Spiele in der ersten franz\u00f6sischen Liga bei folgenden Stationen: <strong>Olympique Marseille<\/strong>, <strong>FC Lorient<\/strong>, <strong>OGC Nice<\/strong> und erzielte dabei insgesamt <strong>f\u00fcnf Tore<\/strong>.<\/p>\n<p>Trainergott <strong>Hans Meyer<\/strong> dazu auf fcn.de: &#8220;<em>Er ist ein Rechtsfu\u00df und hat auch schon im defensiven Mittelfeld gespielt; meistens spielt er vor der Abwehr. Alle seine Trainer, mit denen ich gesprochen habe, <strong>schw\u00e4rmen von seinem Charakter und seiner Anpassungsf\u00e4higkeit<\/strong><\/em>&#8221; und <strong>Jacques Abardonado<\/strong> meinte: &#8220;<em>Es gibt seit geraumer Zeit Gespr\u00e4che, und nat\u00fcrlich verfolge ich seitdem den Club. Ich freue mich auf den 1.FCN und die Bundesliga und hoffe, dass ich dem 1.FCN mit meiner Erfahrung im Abstiegskampf helfen kann<\/em>.&#8221; (siehe auch <a title=\"Club verpflichtet Abardonado\" href=\"http:\/\/www.fcn.de\/index.php?id=16173\" target=\"_blank\">fcn.de<\/a>, <a href=\"http:\/\/www.kicker.de\/news\/fussball\/bundesliga\/startseite\/artikel\/373109\/\" target=\"_blank\">kicker.de<\/a> und <a title=\"Jacques Abardonado\" href=\"http:\/\/www.fussballdaten.de\/spieler\/abardonadojacques\/\" target=\"_blank\">fussballdaten.de<\/a>)<\/p>\n<p>[youtube U-mwdoMOnbM]<\/p>\n<p>Hoffentlich macht er auf diese Art und Weise beim Glubb weiter! Und ich denke, er pa\u00dft ganz gut zum Pinola! Dann k\u00f6nnen sich die <a title=\"Glubbfans sind treu\" href=\"http:\/\/n-town.de\/glubbblog\/index.php\/archives\/glubb-news\/210-lesenswert-clubfans-sind-treu.html\" target=\"_blank\">Clubfans<\/a> schon freuen auf: &#8220;<strong>Pino und Pancho<\/strong>&#8220;!!! \ud83d\ude42<\/p>\n","protected":false},"excerpt":{"rendered":"<p>fcn.de vermeldet aktuell, dass der 1. FC N\u00fcrnberg auf dem Transfermarkt zugeschlagen hat: Der franz\u00f6sische Innenverteidiger Jacques Abardonado (genannt &#8220;Pancho&#8220;, 29 Jahre, 183 cm, 78 kg) wechselt zur R\u00fcckrunde von OGC Nice (Nizza) in die Noris. Er erh\u00e4lt einen Vertrag f\u00fcr die kommenden zweieinhalb Jahre bis zum Ende der Saison 2009\/2010. \u00dcber die Abl\u00f6semodalit\u00e4ten wurde [&hellip;]<\/p>\n","protected":false},"author":4,"featured_media":0,"comment_status":"open","ping_status":"open","sticky":false,"template":"","format":"standard","meta":{"spay_email":""},"categories":[6],"tags":[28,220],"jetpack_featured_media_url":"","yoast_head":"<!-- This site is optimized with the Yoast SEO plugin v18.3 - https:\/\/yoast.com\/wordpress\/plugins\/seo\/ -->\n<title>Glubb verpflichtet Jacques Abardonado - Glubb-Blog<\/title>\n<meta name=\"robots\" content=\"index, follow, max-snippet:-1, max-image-preview:large, max-video-preview:-1\" \/>\n<link rel=\"canonical\" href=\"https:\/\/www.n-town.de\/glubbblog\/index.php\/archives\/glubb-news\/248-glubb-verpflichtet-jacques-abardonado-ogc-nice.html\" \/>\n<meta property=\"og:locale\" content=\"de_DE\" \/>\n<meta property=\"og:type\" content=\"article\" \/>\n<meta property=\"og:title\" content=\"Glubb verpflichtet Jacques Abardonado - Glubb-Blog\" \/>\n<meta property=\"og:description\" content=\"fcn.de vermeldet aktuell, dass der 1. FC N\u00fcrnberg auf dem Transfermarkt zugeschlagen hat: Der franz\u00f6sische Innenverteidiger Jacques Abardonado (genannt &#8220;Pancho&#8220;, 29 Jahre, 183 cm, 78 kg) wechselt zur R\u00fcckrunde von OGC Nice (Nizza) in die Noris. Er erh\u00e4lt einen Vertrag f\u00fcr die kommenden zweieinhalb Jahre bis zum Ende der Saison 2009\/2010. \u00dcber die Abl\u00f6semodalit\u00e4ten wurde [&hellip;]\" \/>\n<meta property=\"og:url\" content=\"https:\/\/www.n-town.de\/glubbblog\/index.php\/archives\/glubb-news\/248-glubb-verpflichtet-jacques-abardonado-ogc-nice.html\" \/>\n<meta property=\"og:site_name\" content=\"Glubb-Blog\" \/>\n<meta property=\"article:publisher\" content=\"https:\/\/www.facebook.com\/glubbblog\" \/>\n<meta property=\"article:published_time\" content=\"2007-12-13T11:28:08+00:00\" \/>\n<meta property=\"article:modified_time\" content=\"2010-08-20T14:45:10+00:00\" \/>\n<meta property=\"og:image\" content=\"https:\/\/www.n-town.de\/glubbblog\/wp-content\/uploads\/2020\/06\/img_8003-1.jpg\" \/>\n\t<meta property=\"og:image:width\" content=\"500\" \/>\n\t<meta property=\"og:image:height\" content=\"375\" \/>\n\t<meta property=\"og:image:type\" content=\"image\/jpeg\" \/>\n<meta name=\"twitter:card\" content=\"summary\" \/>\n<meta name=\"twitter:creator\" content=\"@glubb_blog_de\" \/>\n<meta name=\"twitter:site\" content=\"@glubb_blog_de\" \/>\n<meta name=\"twitter:label1\" content=\"Verfasst von\" \/>\n\t<meta name=\"twitter:data1\" content=\"Bomber Manolo\" \/>\n\t<meta name=\"twitter:label2\" content=\"Gesch\u00e4tzte Lesezeit\" \/>\n\t<meta name=\"twitter:data2\" content=\"1\u00a0Minute\" \/>\n<script type=\"application\/ld+json\" class=\"yoast-schema-graph\">{\"@context\":\"https:\/\/schema.org\",\"@graph\":[{\"@type\":\"WebSite\",\"@id\":\"https:\/\/www.n-town.de\/glubbblog\/#website\",\"url\":\"https:\/\/www.n-town.de\/glubbblog\/\",\"name\":\"Glubb-Blog\",\"description\":\"Clubfans bei FCN-Ausw\u00e4rtsfahrten und Groundhopping\",\"potentialAction\":[{\"@type\":\"SearchAction\",\"target\":{\"@type\":\"EntryPoint\",\"urlTemplate\":\"https:\/\/www.n-town.de\/glubbblog\/?s={search_term_string}\"},\"query-input\":\"required name=search_term_string\"}],\"inLanguage\":\"de\"},{\"@type\":\"WebPage\",\"@id\":\"https:\/\/www.n-town.de\/glubbblog\/index.php\/archives\/glubb-news\/248-glubb-verpflichtet-jacques-abardonado-ogc-nice.html#webpage\",\"url\":\"https:\/\/www.n-town.de\/glubbblog\/index.php\/archives\/glubb-news\/248-glubb-verpflichtet-jacques-abardonado-ogc-nice.html\",\"name\":\"Glubb verpflichtet Jacques Abardonado - Glubb-Blog\",\"isPartOf\":{\"@id\":\"https:\/\/www.n-town.de\/glubbblog\/#website\"},\"datePublished\":\"2007-12-13T11:28:08+00:00\",\"dateModified\":\"2010-08-20T14:45:10+00:00\",\"author\":{\"@id\":\"https:\/\/www.n-town.de\/glubbblog\/#\/schema\/person\/23822a94b519ca1de591c4492e0e104e\"},\"breadcrumb\":{\"@id\":\"https:\/\/www.n-town.de\/glubbblog\/index.php\/archives\/glubb-news\/248-glubb-verpflichtet-jacques-abardonado-ogc-nice.html#breadcrumb\"},\"inLanguage\":\"de\",\"potentialAction\":[{\"@type\":\"ReadAction\",\"target\":[\"https:\/\/www.n-town.de\/glubbblog\/index.php\/archives\/glubb-news\/248-glubb-verpflichtet-jacques-abardonado-ogc-nice.html\"]}]},{\"@type\":\"BreadcrumbList\",\"@id\":\"https:\/\/www.n-town.de\/glubbblog\/index.php\/archives\/glubb-news\/248-glubb-verpflichtet-jacques-abardonado-ogc-nice.html#breadcrumb\",\"itemListElement\":[{\"@type\":\"ListItem\",\"position\":1,\"name\":\"Home\",\"item\":\"https:\/\/www.n-town.de\/glubbblog\"},{\"@type\":\"ListItem\",\"position\":2,\"name\":\"Glubb verpflichtet Jacques Abardonado\"}]},{\"@type\":\"Person\",\"@id\":\"https:\/\/www.n-town.de\/glubbblog\/#\/schema\/person\/23822a94b519ca1de591c4492e0e104e\",\"name\":\"Bomber Manolo\",\"image\":{\"@type\":\"ImageObject\",\"@id\":\"https:\/\/www.n-town.de\/glubbblog\/#personlogo\",\"inLanguage\":\"de\",\"url\":\"https:\/\/secure.gravatar.com\/avatar\/745e89a5226a55ce3ed5fac4a51dced8?s=96&d=mm&r=g\",\"contentUrl\":\"https:\/\/secure.gravatar.com\/avatar\/745e89a5226a55ce3ed5fac4a51dced8?s=96&d=mm&r=g\",\"caption\":\"Bomber Manolo\"},\"sameAs\":[\"https:\/\/www.n-town.de\"],\"url\":\"https:\/\/www.n-town.de\/glubbblog\/index.php\/archives\/author\/andy\"}]}<\/script>\n<!-- \/ Yoast SEO plugin. -->","yoast_head_json":{"title":"Glubb verpflichtet Jacques Abardonado - Glubb-Blog","robots":{"index":"index","follow":"follow","max-snippet":"max-snippet:-1","max-image-preview":"max-image-preview:large","max-video-preview":"max-video-preview:-1"},"canonical":"https:\/\/www.n-town.de\/glubbblog\/index.php\/archives\/glubb-news\/248-glubb-verpflichtet-jacques-abardonado-ogc-nice.html","og_locale":"de_DE","og_type":"article","og_title":"Glubb verpflichtet Jacques Abardonado - Glubb-Blog","og_description":"fcn.de vermeldet aktuell, dass der 1. FC N\u00fcrnberg auf dem Transfermarkt zugeschlagen hat: Der franz\u00f6sische Innenverteidiger Jacques Abardonado (genannt &#8220;Pancho&#8220;, 29 Jahre, 183 cm, 78 kg) wechselt zur R\u00fcckrunde von OGC Nice (Nizza) in die Noris. Er erh\u00e4lt einen Vertrag f\u00fcr die kommenden zweieinhalb Jahre bis zum Ende der Saison 2009\/2010. \u00dcber die Abl\u00f6semodalit\u00e4ten wurde [&hellip;]","og_url":"https:\/\/www.n-town.de\/glubbblog\/index.php\/archives\/glubb-news\/248-glubb-verpflichtet-jacques-abardonado-ogc-nice.html","og_site_name":"Glubb-Blog","article_publisher":"https:\/\/www.facebook.com\/glubbblog","article_published_time":"2007-12-13T11:28:08+00:00","article_modified_time":"2010-08-20T14:45:10+00:00","og_image":[{"width":500,"height":375,"url":"https:\/\/www.n-town.de\/glubbblog\/wp-content\/uploads\/2020\/06\/img_8003-1.jpg","type":"image\/jpeg"}],"twitter_card":"summary","twitter_creator":"@glubb_blog_de","twitter_site":"@glubb_blog_de","twitter_misc":{"Verfasst von":"Bomber Manolo","Gesch\u00e4tzte Lesezeit":"1\u00a0Minute"},"schema":{"@context":"https:\/\/schema.org","@graph":[{"@type":"WebSite","@id":"https:\/\/www.n-town.de\/glubbblog\/#website","url":"https:\/\/www.n-town.de\/glubbblog\/","name":"Glubb-Blog","description":"Clubfans bei FCN-Ausw\u00e4rtsfahrten und Groundhopping","potentialAction":[{"@type":"SearchAction","target":{"@type":"EntryPoint","urlTemplate":"https:\/\/www.n-town.de\/glubbblog\/?s={search_term_string}"},"query-input":"required name=search_term_string"}],"inLanguage":"de"},{"@type":"WebPage","@id":"https:\/\/www.n-town.de\/glubbblog\/index.php\/archives\/glubb-news\/248-glubb-verpflichtet-jacques-abardonado-ogc-nice.html#webpage","url":"https:\/\/www.n-town.de\/glubbblog\/index.php\/archives\/glubb-news\/248-glubb-verpflichtet-jacques-abardonado-ogc-nice.html","name":"Glubb verpflichtet Jacques Abardonado - Glubb-Blog","isPartOf":{"@id":"https:\/\/www.n-town.de\/glubbblog\/#website"},"datePublished":"2007-12-13T11:28:08+00:00","dateModified":"2010-08-20T14:45:10+00:00","author":{"@id":"https:\/\/www.n-town.de\/glubbblog\/#\/schema\/person\/23822a94b519ca1de591c4492e0e104e"},"breadcrumb":{"@id":"https:\/\/www.n-town.de\/glubbblog\/index.php\/archives\/glubb-news\/248-glubb-verpflichtet-jacques-abardonado-ogc-nice.html#breadcrumb"},"inLanguage":"de","potentialAction":[{"@type":"ReadAction","target":["https:\/\/www.n-town.de\/glubbblog\/index.php\/archives\/glubb-news\/248-glubb-verpflichtet-jacques-abardonado-ogc-nice.html"]}]},{"@type":"BreadcrumbList","@id":"https:\/\/www.n-town.de\/glubbblog\/index.php\/archives\/glubb-news\/248-glubb-verpflichtet-jacques-abardonado-ogc-nice.html#breadcrumb","itemListElement":[{"@type":"ListItem","position":1,"name":"Home","item":"https:\/\/www.n-town.de\/glubbblog"},{"@type":"ListItem","position":2,"name":"Glubb verpflichtet Jacques Abardonado"}]},{"@type":"Person","@id":"https:\/\/www.n-town.de\/glubbblog\/#\/schema\/person\/23822a94b519ca1de591c4492e0e104e","name":"Bomber Manolo","image":{"@type":"ImageObject","@id":"https:\/\/www.n-town.de\/glubbblog\/#personlogo","inLanguage":"de","url":"https:\/\/secure.gravatar.com\/avatar\/745e89a5226a55ce3ed5fac4a51dced8?s=96&d=mm&r=g","contentUrl":"https:\/\/secure.gravatar.com\/avatar\/745e89a5226a55ce3ed5fac4a51dced8?s=96&d=mm&r=g","caption":"Bomber Manolo"},"sameAs":["https:\/\/www.n-town.de"],"url":"https:\/\/www.n-town.de\/glubbblog\/index.php\/archives\/author\/andy"}]}},"_links":{"self":[{"href":"https:\/\/www.n-town.de\/glubbblog\/index.php\/wp-json\/wp\/v2\/posts\/248"}],"collection":[{"href":"https:\/\/www.n-town.de\/glubbblog\/index.php\/wp-json\/wp\/v2\/posts"}],"about":[{"href":"https:\/\/www.n-town.de\/glubbblog\/index.php\/wp-json\/wp\/v2\/types\/post"}],"author":[{"embeddable":true,"href":"https:\/\/www.n-town.de\/glubbblog\/index.php\/wp-json\/wp\/v2\/users\/4"}],"replies":[{"embeddable":true,"href":"https:\/\/www.n-town.de\/glubbblog\/index.php\/wp-json\/wp\/v2\/comments?post=248"}],"version-history":[{"count":2,"href":"https:\/\/www.n-town.de\/glubbblog\/index.php\/wp-json\/wp\/v2\/posts\/248\/revisions"}],"predecessor-version":[{"id":1795,"href":"https:\/\/www.n-town.de\/glubbblog\/index.php\/wp-json\/wp\/v2\/posts\/248\/revisions\/1795"}],"wp:attachment":[{"href":"https:\/\/www.n-town.de\/glubbblog\/index.php\/wp-json\/wp\/v2\/media?parent=248"}],"wp:term":[{"taxonomy":"category","embeddable":true,"href":"https:\/\/www.n-town.de\/glubbblog\/index.php\/wp-json\/wp\/v2\/categories?post=248"},{"taxonomy":"post_tag","embeddable":true,"href":"https:\/\/www.n-town.de\/glubbblog\/index.php\/wp-json\/wp\/v2\/tags?post=248"}],"curies":[{"name":"wp","href":"https:\/\/api.w.org\/{rel}","templated":true}]}}