{"id":288,"date":"2008-02-12T23:34:06","date_gmt":"2008-02-12T22:34:06","guid":{"rendered":"http:\/\/n-town.de\/glubbblog\/index.php\/archives\/glubbfans\/288-danke-hans-meyer-viel-erfolg-thomas-von-heesen.html"},"modified":"2009-12-23T10:43:39","modified_gmt":"2009-12-23T09:43:39","slug":"danke-hans-meyer-viel-erfolg-thomas-von-heesen","status":"publish","type":"post","link":"https:\/\/www.n-town.de\/glubbblog\/index.php\/archives\/glubbfans\/288-danke-hans-meyer-viel-erfolg-thomas-von-heesen.html","title":{"rendered":"Danke Hans Meyer! Viel Erfolg Thomas von Heesen!"},"content":{"rendered":"<p>So, eine Nacht dr\u00fcber (schlecht) geschlafen und einen Arbeitstag verbracht &#8211; doch meine <strong>Meinung <\/strong>hat sich kaum ge\u00e4ndert!<\/p>\n<p><strong>Ehren-Franke Hans Meyer<\/strong><\/p>\n<p>Die Glubbfans &#8220;trauern&#8221; um einen der <strong>erfolgreichsten Clubtrainer<\/strong>, die Fussballfans um einen <strong>Fachmann <\/strong>und alle anderen um einen <strong>pfiffigen Kerl<\/strong>, der immer einen Spruch auf den Lippen hatte. Warum hat man beim FCN einem solch verdienten Trainer solch einen <strong>unr\u00fchmlicher Abgang<\/strong> zugemutet? Grad noch dass man ihn nicht mit einem Arschtritt aus der Hintert\u00fcr bef\u00f6rderte!?<\/p>\n<p><em>Mal sehen, ob nicht eines Tages der verdiente Herr Roth ebenfalls so unr\u00fchmlich gegangen wird!?!<\/em><\/p>\n<p>Wenn sie sich doch alle so gut verstanden haben, warum hat man ihm dann nicht die M\u00f6glichkeit gegeben, selbst zu gehen und <strong>das Gesicht zu wahren<\/strong>? Oder wollte er das etwa nicht? Stattdessen lie\u00df man ihn <strong>Durchhalteparolen <\/strong>in die Mikros fl\u00f6ten &#8211; was jetzt um so <strong>l\u00e4cherlicher <\/strong>klingt. <strong>Das hat ein Trainergott nicht verdient!<\/strong><\/p>\n<p>Und da freut es mich umso mehr, dass es <strong>Meyer <\/strong>in N\u00fcrnberg nicht nur gelang, sch\u00f6n zu spielen, sondern auch <strong>z\u00e4hlbares <\/strong>zu &#8220;holen&#8221;. Damit will ich sagen: An wen der<strong> 14 vom Roth verschlissenen Trainer <\/strong>k\u00f6nnen wir uns erinnern? Na, meine lieben Glubberer, erinnert Ihr Euch noch einen <strong>G\u00fcnther Sebert<\/strong>, einen <strong>Dieter Renner<\/strong>, an einen <strong>Rainer Zobel<\/strong>? (<a href=\"http:\/\/www.fcn.de\/index.php?id=12908\" target=\"_blank\">alle Trainer seit 1963<\/a>)<\/p>\n<p>An einen <strong>Hans Meyer <\/strong>werden wir uns <strong>immer erinnern! <\/strong>Denn er hat Geschichte geschrieben und <strong>KANN <\/strong>nicht vergessen werden! Immer wenn der <a href=\"https:\/\/www.n-town.de\/glubbblog\/index.php\/archives\/dfb-pokal\/114-der-1fc-nuernberg-ist-dfb-pokalsieger-2007.html\" target=\"_blank\">Pokalsieg 2007<\/a> genannt wird, wird auch er genannt! Immer wenn es um die <strong>erste Teilnahme<\/strong> an der <a href=\"http:\/\/n-town.de\/glubbblog\/index.php\/archives\/uefa-cup-ui-cup\/187-welche-gegner-erwarten-uns-in-der-gruppenphase.html\" target=\"_blank\">UEFA-Cup-Gruppenphase<\/a> geht &#8211; UND auch um ein erfolgreiches \u00dcberstehen der selbigen, werden sich alle an den <strong>Hans <\/strong>erinnern! Oder wie <a href=\"http:\/\/www.clubfans.de\/2008\/02\/11\/danke-hans-meyer\/\" target=\"_blank\">Alexander Endl <\/a>schreibt &#8220;<em>Hans Meyer hat dem Club etwas gegeben,(&#8230;) Einen Titel. Aber nicht nur das: Er hat den Fans des 1. FC N\u00fcrnberg Stolz zur\u00fcckgegeben. Das Gef\u00fchl nicht der Depp zu sein(&#8230;)<\/em>&#8220;! Schade, dass man ihn seinen Auftritt in <a href=\"http:\/\/n-town.de\/glubbblog\/index.php\/archives\/uefa-cup-ui-cup\/276-uebertragung-benfica-lissabon-glubb-erst-dsf-dann-zdf.html\" target=\"_blank\">Lissabon <\/a>nicht mehr geg\u00f6nnt hat&#8230;<\/p>\n<p><strong><span style=\"text-decoration: line-through;\">Oleole<\/span> OweOwe FC N\u00fcrnberg<\/strong><\/p>\n<p>Dieses Gef\u00fchl hat uns unser Glubb wieder genommen. Ja, wir sind wieder die Fans vom <strong>Provinzverein<\/strong>! Wie lange es dauert es noch, bis wir wieder Skandale haben (<a href=\"http:\/\/www.google.de\/url?sa=t&amp;ct=res&amp;cd=1&amp;url=http%3A%2F%2Fwww.puc-web.de%2Fjahr2000%2Fs_10_6.htm&amp;ei=9xKyR_S6Jp7GnAOo_bXzDQ&amp;usg=AFQjCNHlSbOeNwYRfWfvu0L5U9h6scwUog&amp;sig2=V7h0Q0yRCl-BiAy56_AOhA\" target=\"_blank\">Ihr seid wie Lepra<\/a>, <a href=\"http:\/\/www.stern.de\/sport-motor\/fussball\/:Bundesliga-Kommentar-Das-Hirn\/575173.html\" target=\"_blank\">mit Pistole Gehirn durchpusten<\/a>, Trainingsger\u00e4te f\u00fcr Schiedsrichter)?<\/p>\n<p><strong>Nein,<\/strong> ich hoffe nicht, dass es so schlimm wird, denn auch dem <strong>Herrn Bader<\/strong> vertraue ich &#8211; aber wir haben das &#8220;<strong>Profihafte<\/strong>&#8221; verloren, \u00fcber das wir uns alle so sehr gefreut haben in der letzten Zeit. <strong>\u00dcberraschende Spielerverpflichtungen<\/strong>, ohne dass die Presse den Transfer vorher kaputt machen konnte, gelassene und wirkungsvolle <strong>Reaktion <\/strong>auf Spieler-Ausraster (Pinola gegen Bayern), usw.! Hoffen wir, dass das <strong>schlechte Benehmen<\/strong> bei der Entlassung von <strong>Hans Meyer<\/strong> ein <strong>Ausrutscher <\/strong>war.<\/p>\n<p>Verwunderlich ist f\u00fcr mich allerdings, dass Pr\u00e4sidium und Aufsichtsrat <strong>einstimmig <\/strong>f\u00fcr einen Rausschmiss votierten!? Das hie\u00dfe ja, neben Michael A. Roth, Martin Bader, Ralf Woy, Siegfried Schneider und Franz Sch\u00e4fer (Pr\u00e4sidium) waren auch noch Klaus Schramm, Dr. Ulrich Maly, Marc Oechler, Lothar Schmau\u00df, Peter Schmitt, Dr. Markus S\u00f6der, Prof. Dr. Klaus L. W\u00fcbbenhorst gegen <strong>unseren Hans<\/strong>? Oder wollte man nur Geschlossenheit zeigen? Und vor allem, wer war der <strong>Maulwurf<\/strong>, der schon gegen Mittag die Presse mit Infos versorgte? Mu\u00dfte Meyer wirklich <strong>aus der Presse<\/strong> erfahren, dass er bald gefeuert wird?!<\/p>\n<p><strong>Ganz schlechter Stil<\/strong> &#8211; vor allem bekommt ja sowas der Nachfolger immer mit&#8230; na der wird schon wissen, auf was er sich da eingelassen hat!<\/p>\n<p><strong>Willkommen Thomas von Heesen!<\/strong><\/p>\n<p>So, genug gejammert! Wie sagte Dragoslav Stepanovi?? &#8220;<a href=\"http:\/\/www.berlinonline.de\/berliner-zeitung\/archiv\/.bin\/dump.fcgi\/2000\/0607\/sport\/0100\/index.html\" target=\"_blank\">Lebbe geht weiter<\/a>&#8220;! Mit von Heesen kommt nun ein Trainer, der als Spieler beim <strong>Hamburger SV <\/strong>und bei <strong>Arminia Bielefeld<\/strong> t\u00e4tig war und vor allem mit dem HSV einige <strong>Erfolge <\/strong>feiern konnte (<a href=\"http:\/\/www.fussballdaten.de\/spieler\/heesenthomasvon\/\" target=\"_blank\">2x Meister, 1x Pokalsieger, 1x UEFA-Cup-Finale, 1x Europapokalsieger der Landesmeister<\/a>). Aber auch als Trainer lie\u00df er aufhorchen, als er den &#8220;sicheren&#8221; Abstiegskandidaten Bielefeld in der letzten Saison teilweise bis auf den 5. Platz f\u00fchrte &#8211; leider gings dann <a href=\"http:\/\/www.fussballdaten.de\/vereine\/arminiabielefeld\/2007\/\" target=\"_blank\">zu Beginn der R\u00fcckrunde steil bergab<\/a>, was dann am 21. Spieltag zum <strong>Rauswurf <\/strong>f\u00fchrte! Wie w\u00fcrde Delling sagen: &#8220;Duplizit\u00e4t der Ereignisse&#8221;!<\/p>\n<p>F\u00fcr mich ist Thomas von Heesen zum <strong>Erfolg gezwungen<\/strong> &#8211; aber er hat ja schon angek\u00fcndigt, mit in die 2. Liga zu gehen. Dass die Vereinsf\u00fchrung nun von einem &#8220;<a href=\"http:\/\/www.fcn.de\/index.php?id=16566\" target=\"_blank\">Wunschkandidaten<\/a>&#8221; spricht kann ich nicht nachvollziehen!<\/p>\n<p>Trotzalledem w\u00fcnschen wir dem neuen Trainer nat\u00fcrlich <strong>viel Gl\u00fcck<\/strong>! M\u00f6ge er die n\u00f6tigen Punkte f\u00fcr den <strong>Klassenerhalt <\/strong>f\u00fcr uns holen, und vielleicht ein paar mehr! Und wenn <strong>Roth <\/strong>wieder verstummt und <strong>Bader <\/strong>weiter so souver\u00e4n seinen Job erledigt, sind wir <strong>Glubberer <\/strong>doch schon zufrieden &#8211; wir sind wieder gen\u00fcgsam geworden, trotzdem:<\/p>\n<p><strong>Es ist und bleibt unser Glubb, wer uns letzendlich den Erfolg bringt ist ziemlich egal!!<\/strong><\/p>\n<p><strong>Danke Hans Meyer f\u00fcr die geilen Augenblicke!<\/strong><\/p>\n<p>Lesenswert:<\/p>\n<ul>\n<li><a href=\"http:\/\/www.clubfans.de\/2008\/02\/11\/danke-hans-meyer\/\" target=\"_blank\">Danke Hans Meyer<\/a> (clubfans.de)<\/li>\n<li><a href=\"http:\/\/www.readers-edition.de\/2008\/02\/12\/statt-denkmal-urlaub-fuer-hans-meyer\/\" target=\"_blank\">Statt Denkmal: Urlaub f\u00fcr Hans Meyer<\/a> (readers-edition.de)<\/li>\n<li><a href=\"http:\/\/www.bylog.de\/2008\/02\/12\/nurnbergs-konig-hans-meyer-entthront-franken-bestatigen-extrem-miesen-stil\/\" target=\"_blank\">N\u00fcrnbergs K\u00f6nig Hans Meyer entthront &#8211; Franken best\u00e4tigen extrem miesen Stil <\/a>(&#8220;<em>Was f\u00fcr ein undankbares, stilloses Pack<\/em>&#8220;)<\/li>\n<li><a href=\"http:\/\/www.bundesliga-blog.de\/hans-im-pech\/\" target=\"_blank\">Hans im Pech<\/a> (bundesliga-blog.de)<\/li>\n<li>Clubpiraten Lichtenfels sagen auch <a href=\"http:\/\/www.clubpiraten.de\/86122.html\" target=\"_blank\">Danke<\/a>!<\/li>\n<\/ul>\n","protected":false},"excerpt":{"rendered":"<p>So, eine Nacht dr\u00fcber (schlecht) geschlafen und einen Arbeitstag verbracht &#8211; doch meine Meinung hat sich kaum ge\u00e4ndert! Ehren-Franke Hans Meyer Die Glubbfans &#8220;trauern&#8221; um einen der erfolgreichsten Clubtrainer, die Fussballfans um einen Fachmann und alle anderen um einen pfiffigen Kerl, der immer einen Spruch auf den Lippen hatte. Warum hat man beim FCN einem [&hellip;]<\/p>\n","protected":false},"author":4,"featured_media":0,"comment_status":"open","ping_status":"open","sticky":false,"template":"","format":"standard","meta":{"spay_email":""},"categories":[13],"tags":[150,26,88,187],"jetpack_featured_media_url":"","yoast_head":"<!-- This site is optimized with the Yoast SEO plugin v18.3 - https:\/\/yoast.com\/wordpress\/plugins\/seo\/ -->\n<title>Danke Hans Meyer! Viel Erfolg Thomas von Heesen! - Glubb-Blog<\/title>\n<meta name=\"robots\" content=\"index, follow, max-snippet:-1, max-image-preview:large, max-video-preview:-1\" \/>\n<link rel=\"canonical\" href=\"https:\/\/www.n-town.de\/glubbblog\/index.php\/archives\/glubbfans\/288-danke-hans-meyer-viel-erfolg-thomas-von-heesen.html\" \/>\n<meta property=\"og:locale\" content=\"de_DE\" \/>\n<meta property=\"og:type\" content=\"article\" \/>\n<meta property=\"og:title\" content=\"Danke Hans Meyer! Viel Erfolg Thomas von Heesen! - Glubb-Blog\" \/>\n<meta property=\"og:description\" content=\"So, eine Nacht dr\u00fcber (schlecht) geschlafen und einen Arbeitstag verbracht &#8211; doch meine Meinung hat sich kaum ge\u00e4ndert! Ehren-Franke Hans Meyer Die Glubbfans &#8220;trauern&#8221; um einen der erfolgreichsten Clubtrainer, die Fussballfans um einen Fachmann und alle anderen um einen pfiffigen Kerl, der immer einen Spruch auf den Lippen hatte. Warum hat man beim FCN einem [&hellip;]\" \/>\n<meta property=\"og:url\" content=\"https:\/\/www.n-town.de\/glubbblog\/index.php\/archives\/glubbfans\/288-danke-hans-meyer-viel-erfolg-thomas-von-heesen.html\" \/>\n<meta property=\"og:site_name\" content=\"Glubb-Blog\" \/>\n<meta property=\"article:publisher\" content=\"https:\/\/www.facebook.com\/glubbblog\" \/>\n<meta property=\"article:published_time\" content=\"2008-02-12T22:34:06+00:00\" \/>\n<meta property=\"article:modified_time\" content=\"2009-12-23T09:43:39+00:00\" \/>\n<meta property=\"og:image\" content=\"https:\/\/www.n-town.de\/glubbblog\/wp-content\/uploads\/2020\/06\/img_8003-1.jpg\" \/>\n\t<meta property=\"og:image:width\" content=\"500\" \/>\n\t<meta property=\"og:image:height\" content=\"375\" \/>\n\t<meta property=\"og:image:type\" content=\"image\/jpeg\" \/>\n<meta name=\"twitter:card\" content=\"summary\" \/>\n<meta name=\"twitter:creator\" content=\"@glubb_blog_de\" \/>\n<meta name=\"twitter:site\" content=\"@glubb_blog_de\" \/>\n<meta name=\"twitter:label1\" content=\"Verfasst von\" \/>\n\t<meta name=\"twitter:data1\" content=\"Bomber Manolo\" \/>\n\t<meta name=\"twitter:label2\" content=\"Gesch\u00e4tzte Lesezeit\" \/>\n\t<meta name=\"twitter:data2\" content=\"4\u00a0Minuten\" \/>\n<script type=\"application\/ld+json\" class=\"yoast-schema-graph\">{\"@context\":\"https:\/\/schema.org\",\"@graph\":[{\"@type\":\"WebSite\",\"@id\":\"https:\/\/www.n-town.de\/glubbblog\/#website\",\"url\":\"https:\/\/www.n-town.de\/glubbblog\/\",\"name\":\"Glubb-Blog\",\"description\":\"Clubfans bei FCN-Ausw\u00e4rtsfahrten und Groundhopping\",\"potentialAction\":[{\"@type\":\"SearchAction\",\"target\":{\"@type\":\"EntryPoint\",\"urlTemplate\":\"https:\/\/www.n-town.de\/glubbblog\/?s={search_term_string}\"},\"query-input\":\"required name=search_term_string\"}],\"inLanguage\":\"de\"},{\"@type\":\"WebPage\",\"@id\":\"https:\/\/www.n-town.de\/glubbblog\/index.php\/archives\/glubbfans\/288-danke-hans-meyer-viel-erfolg-thomas-von-heesen.html#webpage\",\"url\":\"https:\/\/www.n-town.de\/glubbblog\/index.php\/archives\/glubbfans\/288-danke-hans-meyer-viel-erfolg-thomas-von-heesen.html\",\"name\":\"Danke Hans Meyer! Viel Erfolg Thomas von Heesen! - Glubb-Blog\",\"isPartOf\":{\"@id\":\"https:\/\/www.n-town.de\/glubbblog\/#website\"},\"datePublished\":\"2008-02-12T22:34:06+00:00\",\"dateModified\":\"2009-12-23T09:43:39+00:00\",\"author\":{\"@id\":\"https:\/\/www.n-town.de\/glubbblog\/#\/schema\/person\/23822a94b519ca1de591c4492e0e104e\"},\"breadcrumb\":{\"@id\":\"https:\/\/www.n-town.de\/glubbblog\/index.php\/archives\/glubbfans\/288-danke-hans-meyer-viel-erfolg-thomas-von-heesen.html#breadcrumb\"},\"inLanguage\":\"de\",\"potentialAction\":[{\"@type\":\"ReadAction\",\"target\":[\"https:\/\/www.n-town.de\/glubbblog\/index.php\/archives\/glubbfans\/288-danke-hans-meyer-viel-erfolg-thomas-von-heesen.html\"]}]},{\"@type\":\"BreadcrumbList\",\"@id\":\"https:\/\/www.n-town.de\/glubbblog\/index.php\/archives\/glubbfans\/288-danke-hans-meyer-viel-erfolg-thomas-von-heesen.html#breadcrumb\",\"itemListElement\":[{\"@type\":\"ListItem\",\"position\":1,\"name\":\"Home\",\"item\":\"https:\/\/www.n-town.de\/glubbblog\"},{\"@type\":\"ListItem\",\"position\":2,\"name\":\"Danke Hans Meyer! Viel Erfolg Thomas von Heesen!\"}]},{\"@type\":\"Person\",\"@id\":\"https:\/\/www.n-town.de\/glubbblog\/#\/schema\/person\/23822a94b519ca1de591c4492e0e104e\",\"name\":\"Bomber Manolo\",\"image\":{\"@type\":\"ImageObject\",\"@id\":\"https:\/\/www.n-town.de\/glubbblog\/#personlogo\",\"inLanguage\":\"de\",\"url\":\"https:\/\/secure.gravatar.com\/avatar\/745e89a5226a55ce3ed5fac4a51dced8?s=96&d=mm&r=g\",\"contentUrl\":\"https:\/\/secure.gravatar.com\/avatar\/745e89a5226a55ce3ed5fac4a51dced8?s=96&d=mm&r=g\",\"caption\":\"Bomber Manolo\"},\"sameAs\":[\"https:\/\/www.n-town.de\"],\"url\":\"https:\/\/www.n-town.de\/glubbblog\/index.php\/archives\/author\/andy\"}]}<\/script>\n<!-- \/ Yoast SEO plugin. -->","yoast_head_json":{"title":"Danke Hans Meyer! Viel Erfolg Thomas von Heesen! - Glubb-Blog","robots":{"index":"index","follow":"follow","max-snippet":"max-snippet:-1","max-image-preview":"max-image-preview:large","max-video-preview":"max-video-preview:-1"},"canonical":"https:\/\/www.n-town.de\/glubbblog\/index.php\/archives\/glubbfans\/288-danke-hans-meyer-viel-erfolg-thomas-von-heesen.html","og_locale":"de_DE","og_type":"article","og_title":"Danke Hans Meyer! Viel Erfolg Thomas von Heesen! - Glubb-Blog","og_description":"So, eine Nacht dr\u00fcber (schlecht) geschlafen und einen Arbeitstag verbracht &#8211; doch meine Meinung hat sich kaum ge\u00e4ndert! Ehren-Franke Hans Meyer Die Glubbfans &#8220;trauern&#8221; um einen der erfolgreichsten Clubtrainer, die Fussballfans um einen Fachmann und alle anderen um einen pfiffigen Kerl, der immer einen Spruch auf den Lippen hatte. Warum hat man beim FCN einem [&hellip;]","og_url":"https:\/\/www.n-town.de\/glubbblog\/index.php\/archives\/glubbfans\/288-danke-hans-meyer-viel-erfolg-thomas-von-heesen.html","og_site_name":"Glubb-Blog","article_publisher":"https:\/\/www.facebook.com\/glubbblog","article_published_time":"2008-02-12T22:34:06+00:00","article_modified_time":"2009-12-23T09:43:39+00:00","og_image":[{"width":500,"height":375,"url":"https:\/\/www.n-town.de\/glubbblog\/wp-content\/uploads\/2020\/06\/img_8003-1.jpg","type":"image\/jpeg"}],"twitter_card":"summary","twitter_creator":"@glubb_blog_de","twitter_site":"@glubb_blog_de","twitter_misc":{"Verfasst von":"Bomber Manolo","Gesch\u00e4tzte Lesezeit":"4\u00a0Minuten"},"schema":{"@context":"https:\/\/schema.org","@graph":[{"@type":"WebSite","@id":"https:\/\/www.n-town.de\/glubbblog\/#website","url":"https:\/\/www.n-town.de\/glubbblog\/","name":"Glubb-Blog","description":"Clubfans bei FCN-Ausw\u00e4rtsfahrten und Groundhopping","potentialAction":[{"@type":"SearchAction","target":{"@type":"EntryPoint","urlTemplate":"https:\/\/www.n-town.de\/glubbblog\/?s={search_term_string}"},"query-input":"required name=search_term_string"}],"inLanguage":"de"},{"@type":"WebPage","@id":"https:\/\/www.n-town.de\/glubbblog\/index.php\/archives\/glubbfans\/288-danke-hans-meyer-viel-erfolg-thomas-von-heesen.html#webpage","url":"https:\/\/www.n-town.de\/glubbblog\/index.php\/archives\/glubbfans\/288-danke-hans-meyer-viel-erfolg-thomas-von-heesen.html","name":"Danke Hans Meyer! Viel Erfolg Thomas von Heesen! - Glubb-Blog","isPartOf":{"@id":"https:\/\/www.n-town.de\/glubbblog\/#website"},"datePublished":"2008-02-12T22:34:06+00:00","dateModified":"2009-12-23T09:43:39+00:00","author":{"@id":"https:\/\/www.n-town.de\/glubbblog\/#\/schema\/person\/23822a94b519ca1de591c4492e0e104e"},"breadcrumb":{"@id":"https:\/\/www.n-town.de\/glubbblog\/index.php\/archives\/glubbfans\/288-danke-hans-meyer-viel-erfolg-thomas-von-heesen.html#breadcrumb"},"inLanguage":"de","potentialAction":[{"@type":"ReadAction","target":["https:\/\/www.n-town.de\/glubbblog\/index.php\/archives\/glubbfans\/288-danke-hans-meyer-viel-erfolg-thomas-von-heesen.html"]}]},{"@type":"BreadcrumbList","@id":"https:\/\/www.n-town.de\/glubbblog\/index.php\/archives\/glubbfans\/288-danke-hans-meyer-viel-erfolg-thomas-von-heesen.html#breadcrumb","itemListElement":[{"@type":"ListItem","position":1,"name":"Home","item":"https:\/\/www.n-town.de\/glubbblog"},{"@type":"ListItem","position":2,"name":"Danke Hans Meyer! Viel Erfolg Thomas von Heesen!"}]},{"@type":"Person","@id":"https:\/\/www.n-town.de\/glubbblog\/#\/schema\/person\/23822a94b519ca1de591c4492e0e104e","name":"Bomber Manolo","image":{"@type":"ImageObject","@id":"https:\/\/www.n-town.de\/glubbblog\/#personlogo","inLanguage":"de","url":"https:\/\/secure.gravatar.com\/avatar\/745e89a5226a55ce3ed5fac4a51dced8?s=96&d=mm&r=g","contentUrl":"https:\/\/secure.gravatar.com\/avatar\/745e89a5226a55ce3ed5fac4a51dced8?s=96&d=mm&r=g","caption":"Bomber Manolo"},"sameAs":["https:\/\/www.n-town.de"],"url":"https:\/\/www.n-town.de\/glubbblog\/index.php\/archives\/author\/andy"}]}},"_links":{"self":[{"href":"https:\/\/www.n-town.de\/glubbblog\/index.php\/wp-json\/wp\/v2\/posts\/288"}],"collection":[{"href":"https:\/\/www.n-town.de\/glubbblog\/index.php\/wp-json\/wp\/v2\/posts"}],"about":[{"href":"https:\/\/www.n-town.de\/glubbblog\/index.php\/wp-json\/wp\/v2\/types\/post"}],"author":[{"embeddable":true,"href":"https:\/\/www.n-town.de\/glubbblog\/index.php\/wp-json\/wp\/v2\/users\/4"}],"replies":[{"embeddable":true,"href":"https:\/\/www.n-town.de\/glubbblog\/index.php\/wp-json\/wp\/v2\/comments?post=288"}],"version-history":[{"count":3,"href":"https:\/\/www.n-town.de\/glubbblog\/index.php\/wp-json\/wp\/v2\/posts\/288\/revisions"}],"predecessor-version":[{"id":1332,"href":"https:\/\/www.n-town.de\/glubbblog\/index.php\/wp-json\/wp\/v2\/posts\/288\/revisions\/1332"}],"wp:attachment":[{"href":"https:\/\/www.n-town.de\/glubbblog\/index.php\/wp-json\/wp\/v2\/media?parent=288"}],"wp:term":[{"taxonomy":"category","embeddable":true,"href":"https:\/\/www.n-town.de\/glubbblog\/index.php\/wp-json\/wp\/v2\/categories?post=288"},{"taxonomy":"post_tag","embeddable":true,"href":"https:\/\/www.n-town.de\/glubbblog\/index.php\/wp-json\/wp\/v2\/tags?post=288"}],"curies":[{"name":"wp","href":"https:\/\/api.w.org\/{rel}","templated":true}]}}