{"id":301,"date":"2008-02-20T10:45:26","date_gmt":"2008-02-20T09:45:26","guid":{"rendered":"http:\/\/n-town.de\/glubbblog\/index.php\/archives\/glubbfans\/301-offener-brief-wegen-der-ausschreitungen-in-lissabon.html"},"modified":"2009-03-01T19:29:14","modified_gmt":"2009-03-01T18:29:14","slug":"offener-brief-wegen-der-ausschreitungen-in-lissabon","status":"publish","type":"post","link":"https:\/\/www.n-town.de\/glubbblog\/index.php\/archives\/glubbfans\/301-offener-brief-wegen-der-ausschreitungen-in-lissabon.html","title":{"rendered":"Offener Brief wegen der Ausschreitungen in Lissabon"},"content":{"rendered":"<p>Am 18.02. wurde an alle Fanclubs des FCN ein <strong>offener Brief<\/strong> verteilt, in dem sich <strong>Alfred Schillinger<\/strong> vom Fanclub <em>Clubfanatics Berg Oberpfalz <\/em>\u00fcber <a href=\"http:\/\/n-town.de\/glubbblog\/index.php\/archives\/glubb-live\/297-polizei-stuermt-unreren-block.html\" target=\"_blank\">die Ausschreitungen<\/a> im <a href=\"http:\/\/n-town.de\/glubbblog\/index.php\/archives\/uefa-cup-ui-cup\/300-bilder-vom-01-gegen-benfica-lissabon-im-estadio-da-luz.html\" target=\"_blank\">Estadio da Luz in Lissabon<\/a> beklagt. Abschriften des Briefes gingen auch an den <strong>1.FC N\u00fcrnberg<\/strong>, die <strong>Ultras N\u00fcrnberg<\/strong>, die <strong>NZ <\/strong>und die <strong>NN<\/strong>! Ich stelle den Brief <strong>v\u00f6llig wertfrei<\/strong> hier zur Verf\u00fcgung und <strong>bitte um Euere Meinung!<\/strong><\/p>\n<blockquote><p><em>Hallo alle zusammen,<\/em><\/p>\n<p><em>wir waren mit unserem Fanclub Clubfanatics Berg Oberpfalz in Lissabon und haben uns verbunden mit einer 3-Tages Reise die Stadt angesehen und anschlie\u00dfend das Fu\u00dfballspiel im Stadion angesehen.<\/em><\/p>\n<p><em>Diese \u00fcberaus gastfreundlichen Portugiesen haben uns hervorragend empfangen und wir hatten keine Probleme, selbst dann nicht als wir mit Fankleidung durch die Stadt gelaufen sind, wir wurden nur positiv wahrgenommen und auch angesprochen.<\/em><\/p>\n<p><em>Zu meiner Person einige Worte: Ich bin seit fast 30 Jahren FCN Fan mit Herz und Seele, 44 Jahre alt, seit 6 Jahren auch Vorstand unseres Fanclubs und habe eine Frau und Zwillingsjungs im Alter von 12 Jahren die ebenfalls FCN verr\u00fcckt sind und auch mit mir Dauerkarten im Block 6 haben.<\/em><\/p>\n<p><em>Um nochmals auf das Spiel in Lissabon zur\u00fcckzublicken mit Wut und Zorn auf unsere so genannten \u201eFans\u201c der Ultras N\u00fcrnberg:<\/em><\/p>\n<p><em>Warum haben diese Chaoten im  Stadion ein solches Chaos veranstaltet??????<\/em><\/p>\n<p><em>Es kann nicht angehen, dass wir nach 25 Jahren mit unserem FCN wieder auf europ\u00e4ischer B\u00fchne mitspielen und sich diese halbw\u00fcchsigen und halbstarken Chaoten auf diese Art und Weise pr\u00e4sentieren.<\/em><\/p>\n<p><em>Seit Jahren verfolge ich diese Entwicklung, speziell die der Ultras deren Gewaltbereitschaft enorm hoch ist und die nur um Krawalle zu sch\u00fcren in Stadien auftauchen,  als Fans will ich diese Gruppierung nicht bezeichnen. Es kann und darf nicht angehen, dass der FCN und vor allem die treuen und friedlichen Fans, Ihren guten Ruf aufs Spiel setzen wegen dieser Handvoll volltrunkener und unter Drogen stehender Halbw\u00fcchsiger. Diese Leute haben in keinem Stadion etwas verloren und sollen sich mit Ihren gewaltt\u00e4tigen Ausbr\u00fcchen fernhalten von solchen Massenveranstaltungen.<\/em><\/p>\n<p><em>Die Gastfreundschaft der Portugiesen wurde aufs gr\u00f6bste verunglimpft, gedankt wurde der freundliche Empfang mit der Demolierung des Stadions und herumfliegenden Sitzschalen.<\/em><\/p>\n<p><em>Meine Forderung an die Verantwortlichen des FCN:<\/em><\/p>\n<ul>\n<li><em>Um mit meinen Kindern auch k\u00fcnftig ohne Angst Fu\u00dfballspiele im Stadion genie\u00dfen zu k\u00f6nnen und unseren FCN anzufeuern muss diese Gruppierung  (Ultras) schnellstens als Fanvereinigung pro FCN verschwinden, verbietet diese Gruppierung und verbietet Ihnen den Zutritt in die Stadien unter den Namen FCN. Leider muss ich hier den ungeliebten FCB zitieren der die Schickeria auch verboten hat, diese beiden Gruppierungen (Ultras und Schickeria) sind nur gewaltbereite Chaoten die Ihre Aggressionen ausleben wollen und daf\u00fcr Fu\u00dfballstadien ben\u00fctzen. Unsere Ultras sind keinen deut besser in Ihrer Gewaltbereitschaft.<\/em><\/li>\n<li><em>Um k\u00fcnftig solche \u00dcbergriffe zu vermeiden, muss eine Meldepflicht f\u00fcr die bekannten Chaoten (einige dieser gewaltt\u00e4tigen Schreih\u00e4lse sind ja bekannt und haben seit langen beim FCN Stadionverbot)  polizeilich erteilt werden, diese Meldepflicht ist m\u00f6glich bei uns, die Personen m\u00fcssen sich bei der Polizei in N\u00fcrnberg melden am Tag des Ausw\u00e4rtsspiels zum Zeitpunkt des Spiels.<\/em><\/li>\n<\/ul>\n<p><em>Um meine Forderungen, mit denen ich \u00fcbrigens nicht alleine dastehe und rein als Sportfreund und Anh\u00e4nger des FCN geradestehe und nicht als Fanclubvorsitzender, Nachdruck zu verleihen, bitte ich alle Vorst\u00e4nde der FCN Fanclubs uns in dieser Angelegenheit zu unterst\u00fctzen bevor wir bei uns italiensche Verh\u00e4ltnisse vorfinden (die \u201enormalen\u201c Fans gehen aus Angst vor \u00dcbergriffen nicht mehr in Stadien), wir sind auf dem besten Weg dazu.<\/em><\/p>\n<p><em>Ich bitte alle, denen am FCN etwas liegt und auch weiterhin friedlich Spiele im Stadion verfolgen wollen, mir eine kurze Mail zuzusenden damit ich gemeinsam mit euch den Ausschluss der  Ultras vorantreiben kann und endlich auch diesen Personen das Handwerk zu legen.<\/em><\/p>\n<p><em>Vielen Dank f\u00fcr Eure Unterst\u00fctzung im Voraus.<\/em><\/p><\/blockquote>\n<p>Ich <strong>pers\u00f6nlich <\/strong>kann nicht sagen, was da abgegangen ist, bzw. was der <strong>Ausl\u00f6ser <\/strong>war! Ich versp\u00fcrte <strong>Angst <\/strong>um meine <strong>Gesundheit <\/strong>und fand die <strong>Randale <\/strong>mit <strong>fliegenden Sitzschalen<\/strong> f\u00fcr Glubbfans absolut <strong>unw\u00fcrdig<\/strong>! Aber auch ich wei\u00df, wie <strong>provozierend <\/strong>sich die <strong>Polizei <\/strong>bisweilen verh\u00e4lt! Auch fand ich es danach auch jammer-schade, dass die Ultras den bis dahin <strong>tollen Support eingestellt<\/strong> haben!<\/p>\n<p>Haben wir jetzt auch ein &#8220;<a href=\"http:\/\/n-town.de\/glubbblog\/index.php\/archives\/allgemein\/82-internetseite-der-schickeria-muenchen-offline.html\" target=\"_blank\" title=\"erteilt dieser Fangruppierung ab sofort ein bundesweites Stadionverbot, sowie Hausverbot in der AllianzArena und an der S\u00e4bener Stra\u00dfe\">Schickeria-Problem<\/a>&#8220;? Gibt es mehrere solcher Beschwerden? Wie wird die <strong>Presse <\/strong>reagieren? Und vorallem der 1.FCN? Oder kann man das getrost als <strong>Einzelfall <\/strong>abtun? <strong>Was denkt Ihr?<\/strong><\/p>\n","protected":false},"excerpt":{"rendered":"<p>Am 18.02. wurde an alle Fanclubs des FCN ein offener Brief verteilt, in dem sich Alfred Schillinger vom Fanclub Clubfanatics Berg Oberpfalz \u00fcber die Ausschreitungen im Estadio da Luz in Lissabon beklagt. Abschriften des Briefes gingen auch an den 1.FC N\u00fcrnberg, die Ultras N\u00fcrnberg, die NZ und die NN! Ich stelle den Brief v\u00f6llig wertfrei [&hellip;]<\/p>\n","protected":false},"author":4,"featured_media":0,"comment_status":"open","ping_status":"open","sticky":false,"template":"","format":"standard","meta":{"spay_email":""},"categories":[13],"tags":[93,81,109,155],"jetpack_featured_media_url":"","yoast_head":"<!-- This site is optimized with the Yoast SEO plugin v18.3 - https:\/\/yoast.com\/wordpress\/plugins\/seo\/ -->\n<title>Offener Brief wegen der Ausschreitungen in Lissabon - Glubb-Blog<\/title>\n<meta name=\"robots\" content=\"index, follow, max-snippet:-1, max-image-preview:large, max-video-preview:-1\" \/>\n<link rel=\"canonical\" href=\"https:\/\/www.n-town.de\/glubbblog\/index.php\/archives\/glubbfans\/301-offener-brief-wegen-der-ausschreitungen-in-lissabon.html\" \/>\n<meta property=\"og:locale\" content=\"de_DE\" \/>\n<meta property=\"og:type\" content=\"article\" \/>\n<meta property=\"og:title\" content=\"Offener Brief wegen der Ausschreitungen in Lissabon - Glubb-Blog\" \/>\n<meta property=\"og:description\" content=\"Am 18.02. wurde an alle Fanclubs des FCN ein offener Brief verteilt, in dem sich Alfred Schillinger vom Fanclub Clubfanatics Berg Oberpfalz \u00fcber die Ausschreitungen im Estadio da Luz in Lissabon beklagt. Abschriften des Briefes gingen auch an den 1.FC N\u00fcrnberg, die Ultras N\u00fcrnberg, die NZ und die NN! Ich stelle den Brief v\u00f6llig wertfrei [&hellip;]\" \/>\n<meta property=\"og:url\" content=\"https:\/\/www.n-town.de\/glubbblog\/index.php\/archives\/glubbfans\/301-offener-brief-wegen-der-ausschreitungen-in-lissabon.html\" \/>\n<meta property=\"og:site_name\" content=\"Glubb-Blog\" \/>\n<meta property=\"article:publisher\" content=\"https:\/\/www.facebook.com\/glubbblog\" \/>\n<meta property=\"article:published_time\" content=\"2008-02-20T09:45:26+00:00\" \/>\n<meta property=\"article:modified_time\" content=\"2009-03-01T18:29:14+00:00\" \/>\n<meta property=\"og:image\" content=\"https:\/\/www.n-town.de\/glubbblog\/wp-content\/uploads\/2020\/06\/img_8003-1.jpg\" \/>\n\t<meta property=\"og:image:width\" content=\"500\" \/>\n\t<meta property=\"og:image:height\" content=\"375\" \/>\n\t<meta property=\"og:image:type\" content=\"image\/jpeg\" \/>\n<meta name=\"twitter:card\" content=\"summary\" \/>\n<meta name=\"twitter:creator\" content=\"@glubb_blog_de\" \/>\n<meta name=\"twitter:site\" content=\"@glubb_blog_de\" \/>\n<meta name=\"twitter:label1\" content=\"Verfasst von\" \/>\n\t<meta name=\"twitter:data1\" content=\"Bomber Manolo\" \/>\n\t<meta name=\"twitter:label2\" content=\"Gesch\u00e4tzte Lesezeit\" \/>\n\t<meta name=\"twitter:data2\" content=\"4\u00a0Minuten\" \/>\n<script type=\"application\/ld+json\" class=\"yoast-schema-graph\">{\"@context\":\"https:\/\/schema.org\",\"@graph\":[{\"@type\":\"WebSite\",\"@id\":\"https:\/\/www.n-town.de\/glubbblog\/#website\",\"url\":\"https:\/\/www.n-town.de\/glubbblog\/\",\"name\":\"Glubb-Blog\",\"description\":\"Clubfans bei FCN-Ausw\u00e4rtsfahrten und Groundhopping\",\"potentialAction\":[{\"@type\":\"SearchAction\",\"target\":{\"@type\":\"EntryPoint\",\"urlTemplate\":\"https:\/\/www.n-town.de\/glubbblog\/?s={search_term_string}\"},\"query-input\":\"required name=search_term_string\"}],\"inLanguage\":\"de\"},{\"@type\":\"WebPage\",\"@id\":\"https:\/\/www.n-town.de\/glubbblog\/index.php\/archives\/glubbfans\/301-offener-brief-wegen-der-ausschreitungen-in-lissabon.html#webpage\",\"url\":\"https:\/\/www.n-town.de\/glubbblog\/index.php\/archives\/glubbfans\/301-offener-brief-wegen-der-ausschreitungen-in-lissabon.html\",\"name\":\"Offener Brief wegen der Ausschreitungen in Lissabon - Glubb-Blog\",\"isPartOf\":{\"@id\":\"https:\/\/www.n-town.de\/glubbblog\/#website\"},\"datePublished\":\"2008-02-20T09:45:26+00:00\",\"dateModified\":\"2009-03-01T18:29:14+00:00\",\"author\":{\"@id\":\"https:\/\/www.n-town.de\/glubbblog\/#\/schema\/person\/23822a94b519ca1de591c4492e0e104e\"},\"breadcrumb\":{\"@id\":\"https:\/\/www.n-town.de\/glubbblog\/index.php\/archives\/glubbfans\/301-offener-brief-wegen-der-ausschreitungen-in-lissabon.html#breadcrumb\"},\"inLanguage\":\"de\",\"potentialAction\":[{\"@type\":\"ReadAction\",\"target\":[\"https:\/\/www.n-town.de\/glubbblog\/index.php\/archives\/glubbfans\/301-offener-brief-wegen-der-ausschreitungen-in-lissabon.html\"]}]},{\"@type\":\"BreadcrumbList\",\"@id\":\"https:\/\/www.n-town.de\/glubbblog\/index.php\/archives\/glubbfans\/301-offener-brief-wegen-der-ausschreitungen-in-lissabon.html#breadcrumb\",\"itemListElement\":[{\"@type\":\"ListItem\",\"position\":1,\"name\":\"Home\",\"item\":\"https:\/\/www.n-town.de\/glubbblog\"},{\"@type\":\"ListItem\",\"position\":2,\"name\":\"Offener Brief wegen der Ausschreitungen in Lissabon\"}]},{\"@type\":\"Person\",\"@id\":\"https:\/\/www.n-town.de\/glubbblog\/#\/schema\/person\/23822a94b519ca1de591c4492e0e104e\",\"name\":\"Bomber Manolo\",\"image\":{\"@type\":\"ImageObject\",\"@id\":\"https:\/\/www.n-town.de\/glubbblog\/#personlogo\",\"inLanguage\":\"de\",\"url\":\"https:\/\/secure.gravatar.com\/avatar\/745e89a5226a55ce3ed5fac4a51dced8?s=96&d=mm&r=g\",\"contentUrl\":\"https:\/\/secure.gravatar.com\/avatar\/745e89a5226a55ce3ed5fac4a51dced8?s=96&d=mm&r=g\",\"caption\":\"Bomber Manolo\"},\"sameAs\":[\"https:\/\/www.n-town.de\"],\"url\":\"https:\/\/www.n-town.de\/glubbblog\/index.php\/archives\/author\/andy\"}]}<\/script>\n<!-- \/ Yoast SEO plugin. -->","yoast_head_json":{"title":"Offener Brief wegen der Ausschreitungen in Lissabon - Glubb-Blog","robots":{"index":"index","follow":"follow","max-snippet":"max-snippet:-1","max-image-preview":"max-image-preview:large","max-video-preview":"max-video-preview:-1"},"canonical":"https:\/\/www.n-town.de\/glubbblog\/index.php\/archives\/glubbfans\/301-offener-brief-wegen-der-ausschreitungen-in-lissabon.html","og_locale":"de_DE","og_type":"article","og_title":"Offener Brief wegen der Ausschreitungen in Lissabon - Glubb-Blog","og_description":"Am 18.02. wurde an alle Fanclubs des FCN ein offener Brief verteilt, in dem sich Alfred Schillinger vom Fanclub Clubfanatics Berg Oberpfalz \u00fcber die Ausschreitungen im Estadio da Luz in Lissabon beklagt. Abschriften des Briefes gingen auch an den 1.FC N\u00fcrnberg, die Ultras N\u00fcrnberg, die NZ und die NN! Ich stelle den Brief v\u00f6llig wertfrei [&hellip;]","og_url":"https:\/\/www.n-town.de\/glubbblog\/index.php\/archives\/glubbfans\/301-offener-brief-wegen-der-ausschreitungen-in-lissabon.html","og_site_name":"Glubb-Blog","article_publisher":"https:\/\/www.facebook.com\/glubbblog","article_published_time":"2008-02-20T09:45:26+00:00","article_modified_time":"2009-03-01T18:29:14+00:00","og_image":[{"width":500,"height":375,"url":"https:\/\/www.n-town.de\/glubbblog\/wp-content\/uploads\/2020\/06\/img_8003-1.jpg","type":"image\/jpeg"}],"twitter_card":"summary","twitter_creator":"@glubb_blog_de","twitter_site":"@glubb_blog_de","twitter_misc":{"Verfasst von":"Bomber Manolo","Gesch\u00e4tzte Lesezeit":"4\u00a0Minuten"},"schema":{"@context":"https:\/\/schema.org","@graph":[{"@type":"WebSite","@id":"https:\/\/www.n-town.de\/glubbblog\/#website","url":"https:\/\/www.n-town.de\/glubbblog\/","name":"Glubb-Blog","description":"Clubfans bei FCN-Ausw\u00e4rtsfahrten und Groundhopping","potentialAction":[{"@type":"SearchAction","target":{"@type":"EntryPoint","urlTemplate":"https:\/\/www.n-town.de\/glubbblog\/?s={search_term_string}"},"query-input":"required name=search_term_string"}],"inLanguage":"de"},{"@type":"WebPage","@id":"https:\/\/www.n-town.de\/glubbblog\/index.php\/archives\/glubbfans\/301-offener-brief-wegen-der-ausschreitungen-in-lissabon.html#webpage","url":"https:\/\/www.n-town.de\/glubbblog\/index.php\/archives\/glubbfans\/301-offener-brief-wegen-der-ausschreitungen-in-lissabon.html","name":"Offener Brief wegen der Ausschreitungen in Lissabon - Glubb-Blog","isPartOf":{"@id":"https:\/\/www.n-town.de\/glubbblog\/#website"},"datePublished":"2008-02-20T09:45:26+00:00","dateModified":"2009-03-01T18:29:14+00:00","author":{"@id":"https:\/\/www.n-town.de\/glubbblog\/#\/schema\/person\/23822a94b519ca1de591c4492e0e104e"},"breadcrumb":{"@id":"https:\/\/www.n-town.de\/glubbblog\/index.php\/archives\/glubbfans\/301-offener-brief-wegen-der-ausschreitungen-in-lissabon.html#breadcrumb"},"inLanguage":"de","potentialAction":[{"@type":"ReadAction","target":["https:\/\/www.n-town.de\/glubbblog\/index.php\/archives\/glubbfans\/301-offener-brief-wegen-der-ausschreitungen-in-lissabon.html"]}]},{"@type":"BreadcrumbList","@id":"https:\/\/www.n-town.de\/glubbblog\/index.php\/archives\/glubbfans\/301-offener-brief-wegen-der-ausschreitungen-in-lissabon.html#breadcrumb","itemListElement":[{"@type":"ListItem","position":1,"name":"Home","item":"https:\/\/www.n-town.de\/glubbblog"},{"@type":"ListItem","position":2,"name":"Offener Brief wegen der Ausschreitungen in Lissabon"}]},{"@type":"Person","@id":"https:\/\/www.n-town.de\/glubbblog\/#\/schema\/person\/23822a94b519ca1de591c4492e0e104e","name":"Bomber Manolo","image":{"@type":"ImageObject","@id":"https:\/\/www.n-town.de\/glubbblog\/#personlogo","inLanguage":"de","url":"https:\/\/secure.gravatar.com\/avatar\/745e89a5226a55ce3ed5fac4a51dced8?s=96&d=mm&r=g","contentUrl":"https:\/\/secure.gravatar.com\/avatar\/745e89a5226a55ce3ed5fac4a51dced8?s=96&d=mm&r=g","caption":"Bomber Manolo"},"sameAs":["https:\/\/www.n-town.de"],"url":"https:\/\/www.n-town.de\/glubbblog\/index.php\/archives\/author\/andy"}]}},"_links":{"self":[{"href":"https:\/\/www.n-town.de\/glubbblog\/index.php\/wp-json\/wp\/v2\/posts\/301"}],"collection":[{"href":"https:\/\/www.n-town.de\/glubbblog\/index.php\/wp-json\/wp\/v2\/posts"}],"about":[{"href":"https:\/\/www.n-town.de\/glubbblog\/index.php\/wp-json\/wp\/v2\/types\/post"}],"author":[{"embeddable":true,"href":"https:\/\/www.n-town.de\/glubbblog\/index.php\/wp-json\/wp\/v2\/users\/4"}],"replies":[{"embeddable":true,"href":"https:\/\/www.n-town.de\/glubbblog\/index.php\/wp-json\/wp\/v2\/comments?post=301"}],"version-history":[{"count":0,"href":"https:\/\/www.n-town.de\/glubbblog\/index.php\/wp-json\/wp\/v2\/posts\/301\/revisions"}],"wp:attachment":[{"href":"https:\/\/www.n-town.de\/glubbblog\/index.php\/wp-json\/wp\/v2\/media?parent=301"}],"wp:term":[{"taxonomy":"category","embeddable":true,"href":"https:\/\/www.n-town.de\/glubbblog\/index.php\/wp-json\/wp\/v2\/categories?post=301"},{"taxonomy":"post_tag","embeddable":true,"href":"https:\/\/www.n-town.de\/glubbblog\/index.php\/wp-json\/wp\/v2\/tags?post=301"}],"curies":[{"name":"wp","href":"https:\/\/api.w.org\/{rel}","templated":true}]}}