{"id":337,"date":"2008-04-09T11:36:01","date_gmt":"2008-04-09T09:36:01","guid":{"rendered":"http:\/\/n-town.de\/glubbblog\/index.php\/archives\/glubbfans\/337-basti-grau-wir-sind-eine-rot-schwarze-familie.html"},"modified":"2009-11-11T18:03:27","modified_gmt":"2009-11-11T17:03:27","slug":"basti-grau-wir-sind-eine-rot-schwarze-familie","status":"publish","type":"post","link":"https:\/\/www.n-town.de\/glubbblog\/index.php\/archives\/glubbfans\/337-basti-grau-wir-sind-eine-rot-schwarze-familie.html","title":{"rendered":"Basti Grau: Wir sind eine Rot-Schwarze Familie!"},"content":{"rendered":"<p>Nach dem &#8220;Eklat&#8221; w\u00e4hrend des Bochum-Spiels und dem &#8220;<a href=\"http:\/\/n-town.de\/glubbblog\/index.php\/archives\/glubbfans\/334-bringen-uns-die-boeller-chaoten-um-den-sieg.html\" target=\"_blank\">Skandal von Frankfurt<\/a>&#8221; richtet sich <a href=\"http:\/\/n-town.de\/glubbblog\/index.php\/archives\/glubbfans\/327-podiumsdiskussion-ultras-stellen-sich-bezirk-7.html\" target=\"_blank\"><strong>Sebastian Grau<\/strong><\/a> mit einem <strong>offenen Brief an die Nordkurve<\/strong>, die <strong>Fans des 1. FC N\u00fcrnberg<\/strong>.<\/p>\n<p>Ich habe den <a href=\"http:\/\/n-town.de\/glubbblog\/index.php\/archives\/glubbfans\/323-hercus-offener-brief-an-die-mannschaft.html\" target=\"_blank\">offenen Brief von Hercu<\/a> ver\u00f6ffentlicht, dann ver\u00f6ffentliche ich den vom &#8220;<strong>Basti am Zaun<\/strong>&#8221; erst recht:<\/p>\n<blockquote><p><strong><em>&#8220;Wir sind eine Rot-Schwarze Familie!&#8221; <\/em><\/strong><\/p>\n<p><em>In den letzten Tagen f\u00e4llt es mir sehr schwer, den gr\u00f6\u00dften Moment meines Lebens wieder vor Augen zu holen&#8230;<\/em><\/p>\n<p><em>Dieser eine Moment hat alles ver\u00e4ndert an was ich geglaubt habe&#8230; Er hat mich aus dem Leben gerissen, mich v\u00f6llig vereinnahmt. Er hat mich \u00fcberrannt. \u00fcberw\u00e4ltigt!<\/em><\/p>\n<p><em>Dieses eine Tor! <a href=\"http:\/\/n-town.de\/glubbblog\/index.php\/archives\/glubb-news\/122-jan-kristiansen-pokalknaller-ist-tor-des-monats.html\" target=\"_blank\">Dieses magische 3 zu 2&#8230;!<\/a><\/em><\/p>\n<p><em>Wenn es einen Gott gibt, dann war er an diesem Tage bei uns.<\/em><\/p>\n<p><em>Die Sekunden nachdem der Ball im Netz lag haben sich auf ewig in meinen Kopf eingebrannt&#8230; Tausende lagen sich in den Armen&#8230; Ich glaube, dass zu diesem Zeitpunkt kein Fleckchen Erde auf diesem Planeten existierte, in dem mehr positive Energie und Freude zu finden waren.<\/em><\/p>\n<p><em>Fast ein Jahr sp\u00e4ter liegt jedoch alles in Tr\u00fcmmern&#8230; Alles wovon wir getr\u00e4umt und an denen manche seit Dekaden gearbeitet haben steht am Scheideweg&#8230;<\/em><\/p>\n<p><em>Und ich? Ich sah unt\u00e4tig zu! So wie viele andere&#8230;..<\/em><\/p>\n<p><em>Die Kurve existiert anscheinend nur noch architektonisch. Es wird von Gr\u00e4ben geredet. Von verschiedenen Ansichten. Von Gewalt &#8211; in welcher Form auch immer. Von guten und schlechten FANS. Sogar von guten und schlechten ULTRAS. Dabei haben die meisten \u00fcberhaupt nicht verstanden, dass sich hinter jedem Fan oder Ultra auch nur ein Mensch befindet.<\/em><\/p>\n<p><em>Ich bin es leid, mir immer dieses Gerede anzuh\u00f6ren, dieses Gel\u00e4ster von welcher Seite auch immer! Mir gehen diese Anfeindungen gegen\u00fcber dem Fan-Verband auf die Nerven! Ja sie haben Fehler gemacht und machen sie auch heute noch!<\/em><\/p>\n<p><em>Mir gehen die Quertreiber auf die Nerven, die UN94 immer den schwarzen Peter zuschieben wollen ohne selbst auch nur einen Finger zu r\u00fchren. Und ja, auch meine Gruppe hat Fehler gemacht, macht sie auch heute noch! Gro\u00dfe wie kleine!<br \/>\nMenschen! Das wohl fehlerhafteste Wesen auf diese Planeten!<\/em><\/p>\n<p><em>Ich will auf die Vorkommnisse in Frankfurt wirklich nicht n\u00e4her eingehen, nur soviel: dass das Handeln einiger sehr wohl un\u00fcberlegt und dumm war! Und dass die gesamte wunderbare Ultrakultur dadurch ins Abseits geschossen wird. Und mit ihr das Ansehen aller anderen Fans. Daf\u00fcr sch\u00e4me ich mich wirklich in diesen Tagen&#8230;<\/em><\/p>\n<p><em>Ich sch\u00e4me mich aber auch daf\u00fcr, dass IHR alle vergesst, dass ihr euch diese Momente nicht wieder vor Augen f\u00fchrt, an denen wir alle eines waren: Der 1.FC N\u00fcrnberg! Und das sind wir &#8230;. ob manche das wollen oder nicht!<\/em><\/p>\n<p><em>Ich bin Clubfan von klein auf&#8230; habe bei Abstiegen geweint und habe im Finalzug fast den Verstand verloren vor Freude!<\/em><\/p>\n<p><em>Und du? Ist es nicht \u00e4hnlich, ist es nicht sogar das gleiche&#8230;? Was unterscheidet uns also? Wie oder was ich singe? Ob ich schwarze oder rote Klamotten trage? Da komm ich wirklich nicht mehr mit&#8230; Nein, Nein meine Freunde&#8230;<\/em><\/p>\n<p><em>Wisst ihr&#8230;. Ich steh jetzt mit einer Handvoll Freunden seit einem Jahr vor dem Stadion und habe das alles nicht live erleben d\u00fcrfen&#8230; aber ich war lange genug da drinnen, um zu wissen wie wichtig EUCH das alles ist, was in unseren heiligen Hallen der Nordkurve passiert! Also mir ist es jedenfalls sehr wichtig&#8230; und ich werde alles daf\u00fcr tun, dass wir uns alle wieder in den Armen liegen k\u00f6nnen! Weil darauf kommt es doch an im Leben&#8230;. Oder sehe ich das falsch?<\/em><\/p>\n<p><em>Und jetzt kommt dieses Spiel am Freitag&#8230;<\/em><\/p>\n<p><em>Ein Schicksalsspiel&#8230; Auf dem Feld sowie in der Kurve! Kameras werden auf die Nordkurve gerichtet sein und nur darauf warten, dass ein fehlgeleiteter Ultra oder Fan einen Fehler macht und das ganze wieder eskaliert.<\/em><\/p>\n<p><em>Lasst uns am Freitag allen zeigen, dass wir mehr sind als Gutmenschen oder Chaoten, n\u00e4mlich eine <strong>Rot-Schwarze Familie<\/strong>, die ohne einander einfach nicht kann! Dass wir zusammenhalten, wenn es drauf ankommt! Das wir den Streit nicht vergessen, aber wichtigere Dinge in den Vordergrund r\u00fccken! Und DAS haben wir in letzter Zeit alle vergessen!!!<\/em><\/p>\n<p><em>Ich appelliere an jeden, der diese Zeilen liest: Am Freitag geht es um den FCN&#8230; <strong>es geht um UNS!<\/strong><\/em><\/p>\n<p><em>Lasst uns gemeinsam singen, gemeinsam feiern und gemeinsam weinen, dann brauchen wir uns nichts vorwerfen lassen! Tragt das weiter an alle die ihr kennt! An alle, f\u00fcr die der FCN mehr ist als ein Fu\u00dfballverein!<\/em><\/p>\n<p><em>Ich hoffe ihr seid dabei am Freitag und auf der Richtigen Seite. Auf der des 1.FC N\u00fcrnberg!<\/em><\/p>\n<p><em>&#8230;.ich f\u00fcr meinen Teil werde es sein<\/em><\/p>\n<p><em><strong><a href=\"http:\/\/n-town.de\/glubbblog\/wp-photos\/thumb.20080426-174550-1.jpg\" target=\"_blank\">Sebastian Grau<\/a><br \/>\nN\u00fcrnberg, der 08.04.08<\/strong><\/em><\/p><\/blockquote>\n<p><strong>Quellen:<\/strong> <a href=\"http:\/\/www.sc-n.de\/news\/index.php?action=bericht&amp;nummer=12557\" target=\"_blank\">Supporters-Club N\u00fcrnberg<\/a> und <a href=\"http:\/\/www.faszination-nordkurve.de\/news\/sebastian_080408.html\" target=\"_blank\">faszination-nordkurve.de<\/a><\/p>\n<p>Ein guter Brief! <strong>WIR sind die Kurve, WIR sind der Club!<\/strong><\/p>\n<p><strong>Wir feierten gemeinsam in Berlin, also feuern wir gemeinsam unser Team an!<\/strong><\/p>\n<p>Wie ist Euere Meinung?<\/p>\n","protected":false},"excerpt":{"rendered":"<p>Nach dem &#8220;Eklat&#8221; w\u00e4hrend des Bochum-Spiels und dem &#8220;Skandal von Frankfurt&#8221; richtet sich Sebastian Grau mit einem offenen Brief an die Nordkurve, die Fans des 1. FC N\u00fcrnberg. Ich habe den offenen Brief von Hercu ver\u00f6ffentlicht, dann ver\u00f6ffentliche ich den vom &#8220;Basti am Zaun&#8221; erst recht: &#8220;Wir sind eine Rot-Schwarze Familie!&#8221; In den letzten Tagen [&hellip;]<\/p>\n","protected":false},"author":4,"featured_media":0,"comment_status":"open","ping_status":"open","sticky":false,"template":"","format":"standard","meta":{"spay_email":""},"categories":[13],"tags":[85,70],"jetpack_featured_media_url":"","yoast_head":"<!-- This site is optimized with the Yoast SEO plugin v18.3 - https:\/\/yoast.com\/wordpress\/plugins\/seo\/ -->\n<title>Basti Grau: Wir sind eine Rot-Schwarze Familie! - Glubb-Blog<\/title>\n<meta name=\"robots\" content=\"index, follow, max-snippet:-1, max-image-preview:large, max-video-preview:-1\" \/>\n<link rel=\"canonical\" href=\"https:\/\/www.n-town.de\/glubbblog\/index.php\/archives\/glubbfans\/337-basti-grau-wir-sind-eine-rot-schwarze-familie.html\" \/>\n<meta property=\"og:locale\" content=\"de_DE\" \/>\n<meta property=\"og:type\" content=\"article\" \/>\n<meta property=\"og:title\" content=\"Basti Grau: Wir sind eine Rot-Schwarze Familie! - Glubb-Blog\" \/>\n<meta property=\"og:description\" content=\"Nach dem &#8220;Eklat&#8221; w\u00e4hrend des Bochum-Spiels und dem &#8220;Skandal von Frankfurt&#8221; richtet sich Sebastian Grau mit einem offenen Brief an die Nordkurve, die Fans des 1. FC N\u00fcrnberg. Ich habe den offenen Brief von Hercu ver\u00f6ffentlicht, dann ver\u00f6ffentliche ich den vom &#8220;Basti am Zaun&#8221; erst recht: &#8220;Wir sind eine Rot-Schwarze Familie!&#8221; In den letzten Tagen [&hellip;]\" \/>\n<meta property=\"og:url\" content=\"https:\/\/www.n-town.de\/glubbblog\/index.php\/archives\/glubbfans\/337-basti-grau-wir-sind-eine-rot-schwarze-familie.html\" \/>\n<meta property=\"og:site_name\" content=\"Glubb-Blog\" \/>\n<meta property=\"article:publisher\" content=\"https:\/\/www.facebook.com\/glubbblog\" \/>\n<meta property=\"article:published_time\" content=\"2008-04-09T09:36:01+00:00\" \/>\n<meta property=\"article:modified_time\" content=\"2009-11-11T17:03:27+00:00\" \/>\n<meta property=\"og:image\" content=\"https:\/\/www.n-town.de\/glubbblog\/wp-content\/uploads\/2020\/06\/img_8003-1.jpg\" \/>\n\t<meta property=\"og:image:width\" content=\"500\" \/>\n\t<meta property=\"og:image:height\" content=\"375\" \/>\n\t<meta property=\"og:image:type\" content=\"image\/jpeg\" \/>\n<meta name=\"twitter:card\" content=\"summary\" \/>\n<meta name=\"twitter:creator\" content=\"@glubb_blog_de\" \/>\n<meta name=\"twitter:site\" content=\"@glubb_blog_de\" \/>\n<meta name=\"twitter:label1\" content=\"Verfasst von\" \/>\n\t<meta name=\"twitter:data1\" content=\"Bomber Manolo\" \/>\n\t<meta name=\"twitter:label2\" content=\"Gesch\u00e4tzte Lesezeit\" \/>\n\t<meta name=\"twitter:data2\" content=\"4\u00a0Minuten\" \/>\n<script type=\"application\/ld+json\" class=\"yoast-schema-graph\">{\"@context\":\"https:\/\/schema.org\",\"@graph\":[{\"@type\":\"WebSite\",\"@id\":\"https:\/\/www.n-town.de\/glubbblog\/#website\",\"url\":\"https:\/\/www.n-town.de\/glubbblog\/\",\"name\":\"Glubb-Blog\",\"description\":\"Clubfans bei FCN-Ausw\u00e4rtsfahrten und Groundhopping\",\"potentialAction\":[{\"@type\":\"SearchAction\",\"target\":{\"@type\":\"EntryPoint\",\"urlTemplate\":\"https:\/\/www.n-town.de\/glubbblog\/?s={search_term_string}\"},\"query-input\":\"required name=search_term_string\"}],\"inLanguage\":\"de\"},{\"@type\":\"WebPage\",\"@id\":\"https:\/\/www.n-town.de\/glubbblog\/index.php\/archives\/glubbfans\/337-basti-grau-wir-sind-eine-rot-schwarze-familie.html#webpage\",\"url\":\"https:\/\/www.n-town.de\/glubbblog\/index.php\/archives\/glubbfans\/337-basti-grau-wir-sind-eine-rot-schwarze-familie.html\",\"name\":\"Basti Grau: Wir sind eine Rot-Schwarze Familie! - Glubb-Blog\",\"isPartOf\":{\"@id\":\"https:\/\/www.n-town.de\/glubbblog\/#website\"},\"datePublished\":\"2008-04-09T09:36:01+00:00\",\"dateModified\":\"2009-11-11T17:03:27+00:00\",\"author\":{\"@id\":\"https:\/\/www.n-town.de\/glubbblog\/#\/schema\/person\/23822a94b519ca1de591c4492e0e104e\"},\"breadcrumb\":{\"@id\":\"https:\/\/www.n-town.de\/glubbblog\/index.php\/archives\/glubbfans\/337-basti-grau-wir-sind-eine-rot-schwarze-familie.html#breadcrumb\"},\"inLanguage\":\"de\",\"potentialAction\":[{\"@type\":\"ReadAction\",\"target\":[\"https:\/\/www.n-town.de\/glubbblog\/index.php\/archives\/glubbfans\/337-basti-grau-wir-sind-eine-rot-schwarze-familie.html\"]}]},{\"@type\":\"BreadcrumbList\",\"@id\":\"https:\/\/www.n-town.de\/glubbblog\/index.php\/archives\/glubbfans\/337-basti-grau-wir-sind-eine-rot-schwarze-familie.html#breadcrumb\",\"itemListElement\":[{\"@type\":\"ListItem\",\"position\":1,\"name\":\"Home\",\"item\":\"https:\/\/www.n-town.de\/glubbblog\"},{\"@type\":\"ListItem\",\"position\":2,\"name\":\"Basti Grau: Wir sind eine Rot-Schwarze Familie!\"}]},{\"@type\":\"Person\",\"@id\":\"https:\/\/www.n-town.de\/glubbblog\/#\/schema\/person\/23822a94b519ca1de591c4492e0e104e\",\"name\":\"Bomber Manolo\",\"image\":{\"@type\":\"ImageObject\",\"@id\":\"https:\/\/www.n-town.de\/glubbblog\/#personlogo\",\"inLanguage\":\"de\",\"url\":\"https:\/\/secure.gravatar.com\/avatar\/745e89a5226a55ce3ed5fac4a51dced8?s=96&d=mm&r=g\",\"contentUrl\":\"https:\/\/secure.gravatar.com\/avatar\/745e89a5226a55ce3ed5fac4a51dced8?s=96&d=mm&r=g\",\"caption\":\"Bomber Manolo\"},\"sameAs\":[\"https:\/\/www.n-town.de\"],\"url\":\"https:\/\/www.n-town.de\/glubbblog\/index.php\/archives\/author\/andy\"}]}<\/script>\n<!-- \/ Yoast SEO plugin. -->","yoast_head_json":{"title":"Basti Grau: Wir sind eine Rot-Schwarze Familie! - Glubb-Blog","robots":{"index":"index","follow":"follow","max-snippet":"max-snippet:-1","max-image-preview":"max-image-preview:large","max-video-preview":"max-video-preview:-1"},"canonical":"https:\/\/www.n-town.de\/glubbblog\/index.php\/archives\/glubbfans\/337-basti-grau-wir-sind-eine-rot-schwarze-familie.html","og_locale":"de_DE","og_type":"article","og_title":"Basti Grau: Wir sind eine Rot-Schwarze Familie! - Glubb-Blog","og_description":"Nach dem &#8220;Eklat&#8221; w\u00e4hrend des Bochum-Spiels und dem &#8220;Skandal von Frankfurt&#8221; richtet sich Sebastian Grau mit einem offenen Brief an die Nordkurve, die Fans des 1. FC N\u00fcrnberg. Ich habe den offenen Brief von Hercu ver\u00f6ffentlicht, dann ver\u00f6ffentliche ich den vom &#8220;Basti am Zaun&#8221; erst recht: &#8220;Wir sind eine Rot-Schwarze Familie!&#8221; In den letzten Tagen [&hellip;]","og_url":"https:\/\/www.n-town.de\/glubbblog\/index.php\/archives\/glubbfans\/337-basti-grau-wir-sind-eine-rot-schwarze-familie.html","og_site_name":"Glubb-Blog","article_publisher":"https:\/\/www.facebook.com\/glubbblog","article_published_time":"2008-04-09T09:36:01+00:00","article_modified_time":"2009-11-11T17:03:27+00:00","og_image":[{"width":500,"height":375,"url":"https:\/\/www.n-town.de\/glubbblog\/wp-content\/uploads\/2020\/06\/img_8003-1.jpg","type":"image\/jpeg"}],"twitter_card":"summary","twitter_creator":"@glubb_blog_de","twitter_site":"@glubb_blog_de","twitter_misc":{"Verfasst von":"Bomber Manolo","Gesch\u00e4tzte Lesezeit":"4\u00a0Minuten"},"schema":{"@context":"https:\/\/schema.org","@graph":[{"@type":"WebSite","@id":"https:\/\/www.n-town.de\/glubbblog\/#website","url":"https:\/\/www.n-town.de\/glubbblog\/","name":"Glubb-Blog","description":"Clubfans bei FCN-Ausw\u00e4rtsfahrten und Groundhopping","potentialAction":[{"@type":"SearchAction","target":{"@type":"EntryPoint","urlTemplate":"https:\/\/www.n-town.de\/glubbblog\/?s={search_term_string}"},"query-input":"required name=search_term_string"}],"inLanguage":"de"},{"@type":"WebPage","@id":"https:\/\/www.n-town.de\/glubbblog\/index.php\/archives\/glubbfans\/337-basti-grau-wir-sind-eine-rot-schwarze-familie.html#webpage","url":"https:\/\/www.n-town.de\/glubbblog\/index.php\/archives\/glubbfans\/337-basti-grau-wir-sind-eine-rot-schwarze-familie.html","name":"Basti Grau: Wir sind eine Rot-Schwarze Familie! - Glubb-Blog","isPartOf":{"@id":"https:\/\/www.n-town.de\/glubbblog\/#website"},"datePublished":"2008-04-09T09:36:01+00:00","dateModified":"2009-11-11T17:03:27+00:00","author":{"@id":"https:\/\/www.n-town.de\/glubbblog\/#\/schema\/person\/23822a94b519ca1de591c4492e0e104e"},"breadcrumb":{"@id":"https:\/\/www.n-town.de\/glubbblog\/index.php\/archives\/glubbfans\/337-basti-grau-wir-sind-eine-rot-schwarze-familie.html#breadcrumb"},"inLanguage":"de","potentialAction":[{"@type":"ReadAction","target":["https:\/\/www.n-town.de\/glubbblog\/index.php\/archives\/glubbfans\/337-basti-grau-wir-sind-eine-rot-schwarze-familie.html"]}]},{"@type":"BreadcrumbList","@id":"https:\/\/www.n-town.de\/glubbblog\/index.php\/archives\/glubbfans\/337-basti-grau-wir-sind-eine-rot-schwarze-familie.html#breadcrumb","itemListElement":[{"@type":"ListItem","position":1,"name":"Home","item":"https:\/\/www.n-town.de\/glubbblog"},{"@type":"ListItem","position":2,"name":"Basti Grau: Wir sind eine Rot-Schwarze Familie!"}]},{"@type":"Person","@id":"https:\/\/www.n-town.de\/glubbblog\/#\/schema\/person\/23822a94b519ca1de591c4492e0e104e","name":"Bomber Manolo","image":{"@type":"ImageObject","@id":"https:\/\/www.n-town.de\/glubbblog\/#personlogo","inLanguage":"de","url":"https:\/\/secure.gravatar.com\/avatar\/745e89a5226a55ce3ed5fac4a51dced8?s=96&d=mm&r=g","contentUrl":"https:\/\/secure.gravatar.com\/avatar\/745e89a5226a55ce3ed5fac4a51dced8?s=96&d=mm&r=g","caption":"Bomber Manolo"},"sameAs":["https:\/\/www.n-town.de"],"url":"https:\/\/www.n-town.de\/glubbblog\/index.php\/archives\/author\/andy"}]}},"_links":{"self":[{"href":"https:\/\/www.n-town.de\/glubbblog\/index.php\/wp-json\/wp\/v2\/posts\/337"}],"collection":[{"href":"https:\/\/www.n-town.de\/glubbblog\/index.php\/wp-json\/wp\/v2\/posts"}],"about":[{"href":"https:\/\/www.n-town.de\/glubbblog\/index.php\/wp-json\/wp\/v2\/types\/post"}],"author":[{"embeddable":true,"href":"https:\/\/www.n-town.de\/glubbblog\/index.php\/wp-json\/wp\/v2\/users\/4"}],"replies":[{"embeddable":true,"href":"https:\/\/www.n-town.de\/glubbblog\/index.php\/wp-json\/wp\/v2\/comments?post=337"}],"version-history":[{"count":0,"href":"https:\/\/www.n-town.de\/glubbblog\/index.php\/wp-json\/wp\/v2\/posts\/337\/revisions"}],"wp:attachment":[{"href":"https:\/\/www.n-town.de\/glubbblog\/index.php\/wp-json\/wp\/v2\/media?parent=337"}],"wp:term":[{"taxonomy":"category","embeddable":true,"href":"https:\/\/www.n-town.de\/glubbblog\/index.php\/wp-json\/wp\/v2\/categories?post=337"},{"taxonomy":"post_tag","embeddable":true,"href":"https:\/\/www.n-town.de\/glubbblog\/index.php\/wp-json\/wp\/v2\/tags?post=337"}],"curies":[{"name":"wp","href":"https:\/\/api.w.org\/{rel}","templated":true}]}}