{"id":339,"date":"2008-04-10T09:23:45","date_gmt":"2008-04-10T07:23:45","guid":{"rendered":"http:\/\/n-town.de\/glubbblog\/index.php\/archives\/glubbfans\/339-mitteilung-der-ultras-nuernberg-an-die-fans-des-1-fc-nuernberg.html"},"modified":"2017-07-03T15:53:01","modified_gmt":"2017-07-03T13:53:01","slug":"mitteilung-der-ultras-nuernberg-an-die-fans-des-1-fc-nuernberg","status":"publish","type":"post","link":"https:\/\/www.n-town.de\/glubbblog\/index.php\/archives\/glubbfans\/339-mitteilung-der-ultras-nuernberg-an-die-fans-des-1-fc-nuernberg.html","title":{"rendered":"Mitteilung der Ultras N\u00fcrnberg an die Fans des 1. FC N\u00fcrnberg"},"content":{"rendered":"<p>Nach den <strong>Wortmeldungen <\/strong>von <a href=\"http:\/\/n-town.de\/glubbblog\/index.php\/archives\/glubbfans\/337-basti-grau-wir-sind-eine-rot-schwarze-familie.html\" target=\"_blank\" rel=\"noopener noreferrer\">Basti Grau<\/a> und <a href=\"http:\/\/n-town.de\/glubbblog\/index.php\/archives\/glubbfans\/338-heino-hassler-das-allerletzte-was-wir-jetzt-brauchen-ist-eine-fan-demo.html\" target=\"_blank\" rel=\"noopener noreferrer\">Heino Hassler<\/a> haben die <a href=\"http:\/\/www.ultras-nuernberg.de\/\" target=\"_blank\" rel=\"noopener noreferrer\">Ultras N\u00fcrnberg (UN94)<\/a> das <strong>Treffen mit den Verantwortlichen des 1.FC N\u00fcrnberg<\/strong> abgewartet und nun auch eine <strong>Stellungnahme <\/strong>zu den <a href=\"http:\/\/n-town.de\/glubbblog\/index.php\/archives\/glubbfans\/334-bringen-uns-die-boeller-chaoten-um-den-sieg.html\" target=\"_blank\" rel=\"noopener noreferrer\">Ereignissen von Frankfurt<\/a> abgegeben:<\/p>\n<blockquote><p><em><strong>Mitteilung an die Fans des 1. FC N\u00fcrnberg<\/strong><\/em><\/p>\n<p><em>Die Freude \u00fcber den wichtigen <a href=\"http:\/\/n-town.de\/glubbblog\/index.php\/archives\/glubb-live\/333-sieg-in-frankfurt.html\" target=\"_blank\" rel=\"noopener noreferrer\">Sieg in Frankfurt <\/a>wurde von einer Spielunterbrechung nach drei B\u00f6ller-Explosionen und einem Fackelwurf aus dem N\u00fcrnberger Fanblock \u00fcberschattet. <strong>ULTRAS N\u00dcRNBERG bedauert diese Vorf\u00e4lle <\/strong>und die daraus resultierenden Konsequenzen zutiefst.<\/em><\/p>\n<p><em>Nach den Ereignissen von Frankfurt sehen wir es als einen Akt der Vernunft an uns klar von der Verwendung von Pyrotechnik in Bundesliga-Stadien <strong>zu distanzieren<\/strong>. Die beim Einsatz von B\u00f6llern, Fackeln oder \u00e4hnlichem drohenden sportlichen Konsequenzen, wie Punktabz\u00fcge oder Platzsperren f\u00fcr den 1. FC N\u00fcrnberg, kann kein Glubberer wollen. Daher wird der <strong>Gebrauch von Feuerwerksk\u00f6rpern<\/strong> in unseren eigenen Reihen <strong>nicht geduldet<\/strong>.<\/em><\/p>\n<p><em>Zudem <strong>verpflichtet uns das hohe Ma\u00df an Verantwortung<\/strong> f\u00fcr die Nordkurve N\u00fcrnberg von jetzt an wesentlich gr\u00f6\u00dfere Anstrengungen zu unternehmen um das Benutzen von pyrotechnischen Artikeln durch Glubbfans im Vorfeld zu unterbinden. In Frankfurt haben wir es vers\u00e4umt rechtzeitig auf die Kurve einzuwirken, um das Abfeuern der B\u00f6ller und der Bengalfackel zu verhindern. Wir sind uns bewusst, dass wir in solchen F\u00e4llen zuk\u00fcnftig schneller und konsequenter handeln m\u00fcssen.<\/em><\/p>\n<p><em><strong>ULTRAS N\u00dcRNBERG<\/strong> bittet dabei um die Mithilfe aller Fans des 1. FC N\u00fcrnberg: Verzichtet auf B\u00f6ller, Fackeln und Rauchpulver! Die Erfahrungen aus Frankfurt haben eindeutig gezeigt, dass der daraus resultierende Schaden nicht zu rechtfertigen ist. Kein Verst\u00e4ndnis haben wir aber auch f\u00fcr die <strong>pauschalen Schuldzuweisungen<\/strong>, die von vielen Medien gegen\u00fcber unserer Gruppe ausgesprochen wurden. Die erfolgten Vorverurteilungen sind f\u00fcr uns nicht akzeptabel, denn sie haben die \u00f6ffentliche Meinung in eine falsche Richtung gelenkt. Wir <strong>verteidigen <\/strong>hierbei auch vehement unsere <strong>Wiener Freunde von den ULTRAS RAPID<\/strong>, die als friedliche G\u00e4ste zusammen mit uns in Frankfurt waren, um <strong>den 1. FC N\u00fcrnberg zu unterst\u00fctzen<\/strong>. Trotzdem wurden sie von den Medien teilweise f\u00fcr die Detonationen der Knallk\u00f6rper verantwortlich gemacht. In den n\u00e4chsten Wochen werden die N\u00fcrnberger Fans unter besonderer Beobachtung stehen. Dies erfordert von uns allen ein diszipliniertes Auftreten. Es ist wichtig jetzt wieder den alte Zusammenhalt zu erreichen und Provokationen untereinander zu unterlassen. Dies gilt ganz speziell f\u00fcr das wichtige Spiel gegen den VfL Wolfsburg am Freitag! Die Nordkurve muss schnellstens wieder zur <strong>gewohnten St\u00e4rke<\/strong> zur\u00fcckfinden. <strong>Uns alle in der Kurve verbinden die Farben Rot und Schwarz<\/strong>. Die Liebe zum 1.FCN ist das Fundament f\u00fcr <strong>gegenseitigen Respekt<\/strong>. Nur wenn wir hierf\u00fcr wieder ein Bewusstsein schaffen, werden wir jetzt und in Zukunft als Kurve f\u00fcr den Glubb eine Verst\u00e4rkung sein.<\/em><\/p>\n<p><em><strong>N\u00fcrnberg, 10. April 2008<br \/>\nULTRAS N\u00dcRNBERG 1994<\/strong><\/em><\/p>\n<p><em><strong>Anmerkung:<\/strong><br \/>\nWir haben mit der Ver\u00f6ffentlichung dieser Mitteilung bewusst bis zum heutigen Tag gewartet. Uns ist bekannt, dass viele Fans eher eine Stellungnahme von ULTRAS N\u00dcRNBERG erwartet haben. Vor dem gestern stattgefundenen Gespr\u00e4ch mit der Gesch\u00e4ftsf\u00fchrung des 1. FC N\u00fcrnberg wollten wir uns jedoch nicht ausf\u00fchrlich in der \u00d6ffentlichkeit \u00e4u\u00dfern. Das Treffen verlief aus unserer Sicht <strong>sehr positiv<\/strong>. Es ist erfreulich, dass sich die Gesch\u00e4ftsf\u00fchrung sehr differenziert mit der Thematik auseinandersetzt und sich sowohl in der \u00d6ffentlichkeit als auch uns gegen\u00fcber korrekt verh\u00e4lt.<\/em><\/p>\n<p><em><a href=\"http:\/\/www.faszination-nordkurve.de\/news\/Stellungnahme_Frankfurt_UN94.pdf\" target=\"_blank\" rel=\"noopener noreferrer\">PDF Download bei faszination-nordkurve.de<\/a><\/em><\/p><\/blockquote>\n<p><strong>Sehr gut! <\/strong>Die <strong>F\u00fchrung der Ultras<\/strong> hat so reagiert, wie ich es mir <strong>erhofft <\/strong>habe, als ich am vergangenen Sonntag <a href=\"http:\/\/n-town.de\/glubbblog\/index.php\/archives\/glubbfans\/334-bringen-uns-die-boeller-chaoten-um-den-sieg.html\" target=\"_blank\" rel=\"noopener noreferrer\">meinen Bericht <\/a>verfasste! Ich zitiere mich selbst: \ud83d\ude09<\/p>\n<blockquote><p><em>Ich meine die Ultras m\u00fcssen nun erneut ein Zeichen setzen und sich klar von den Krawallmachern distanzieren! Dar\u00fcberhinaus muss aber intern auf die Sacher reagiert werden, vielleicht sind die Schuldigen sogar bekannt. Denn T\u00e4ter haben offensichtlich die N\u00e4he der Ultras gesucht.<\/em><\/p>\n<p>Die Ultras wollten eine gro\u00dfe und bedeutende Organisation sein, dann m\u00fcssen sie nun auch mit den Problemen einer gro\u00dfen und bedeutenden Organisation fertig werden.<\/p><\/blockquote>\n<p>Die <strong>Ultras <\/strong>\u00fcbernehmen diese <strong>Verantwortung<\/strong>, darum steht nun einer <strong>positiven Entwicklung der Kurve<\/strong> nichts mehr im Wege! <strong>Respekt<\/strong>!<\/p>\n","protected":false},"excerpt":{"rendered":"<p>Nach den Wortmeldungen von Basti Grau und Heino Hassler haben die Ultras N\u00fcrnberg (UN94) das Treffen mit den Verantwortlichen des 1.FC N\u00fcrnberg abgewartet und nun auch eine Stellungnahme zu den Ereignissen von Frankfurt abgegeben: Mitteilung an die Fans des 1. FC N\u00fcrnberg Die Freude \u00fcber den wichtigen Sieg in Frankfurt wurde von einer Spielunterbrechung nach [&hellip;]<\/p>\n","protected":false},"author":4,"featured_media":0,"comment_status":"open","ping_status":"open","sticky":false,"template":"","format":"standard","meta":{"spay_email":""},"categories":[13],"tags":[357,70,71],"jetpack_featured_media_url":"","yoast_head":"<!-- This site is optimized with the Yoast SEO plugin v18.3 - https:\/\/yoast.com\/wordpress\/plugins\/seo\/ -->\n<title>Mitteilung der Ultras N\u00fcrnberg an die Fans des 1. FC N\u00fcrnberg - Glubb-Blog<\/title>\n<meta name=\"robots\" content=\"index, follow, max-snippet:-1, max-image-preview:large, max-video-preview:-1\" \/>\n<link rel=\"canonical\" href=\"https:\/\/www.n-town.de\/glubbblog\/index.php\/archives\/glubbfans\/339-mitteilung-der-ultras-nuernberg-an-die-fans-des-1-fc-nuernberg.html\" \/>\n<meta property=\"og:locale\" content=\"de_DE\" \/>\n<meta property=\"og:type\" content=\"article\" \/>\n<meta property=\"og:title\" content=\"Mitteilung der Ultras N\u00fcrnberg an die Fans des 1. FC N\u00fcrnberg - Glubb-Blog\" \/>\n<meta property=\"og:description\" content=\"Nach den Wortmeldungen von Basti Grau und Heino Hassler haben die Ultras N\u00fcrnberg (UN94) das Treffen mit den Verantwortlichen des 1.FC N\u00fcrnberg abgewartet und nun auch eine Stellungnahme zu den Ereignissen von Frankfurt abgegeben: Mitteilung an die Fans des 1. FC N\u00fcrnberg Die Freude \u00fcber den wichtigen Sieg in Frankfurt wurde von einer Spielunterbrechung nach [&hellip;]\" \/>\n<meta property=\"og:url\" content=\"https:\/\/www.n-town.de\/glubbblog\/index.php\/archives\/glubbfans\/339-mitteilung-der-ultras-nuernberg-an-die-fans-des-1-fc-nuernberg.html\" \/>\n<meta property=\"og:site_name\" content=\"Glubb-Blog\" \/>\n<meta property=\"article:publisher\" content=\"https:\/\/www.facebook.com\/glubbblog\" \/>\n<meta property=\"article:published_time\" content=\"2008-04-10T07:23:45+00:00\" \/>\n<meta property=\"article:modified_time\" content=\"2017-07-03T13:53:01+00:00\" \/>\n<meta property=\"og:image\" content=\"https:\/\/www.n-town.de\/glubbblog\/wp-content\/uploads\/2020\/06\/img_8003-1.jpg\" \/>\n\t<meta property=\"og:image:width\" content=\"500\" \/>\n\t<meta property=\"og:image:height\" content=\"375\" \/>\n\t<meta property=\"og:image:type\" content=\"image\/jpeg\" \/>\n<meta name=\"twitter:card\" content=\"summary\" \/>\n<meta name=\"twitter:creator\" content=\"@glubb_blog_de\" \/>\n<meta name=\"twitter:site\" content=\"@glubb_blog_de\" \/>\n<meta name=\"twitter:label1\" content=\"Verfasst von\" \/>\n\t<meta name=\"twitter:data1\" content=\"Bomber Manolo\" \/>\n\t<meta name=\"twitter:label2\" content=\"Gesch\u00e4tzte Lesezeit\" \/>\n\t<meta name=\"twitter:data2\" content=\"3\u00a0Minuten\" \/>\n<script type=\"application\/ld+json\" class=\"yoast-schema-graph\">{\"@context\":\"https:\/\/schema.org\",\"@graph\":[{\"@type\":\"WebSite\",\"@id\":\"https:\/\/www.n-town.de\/glubbblog\/#website\",\"url\":\"https:\/\/www.n-town.de\/glubbblog\/\",\"name\":\"Glubb-Blog\",\"description\":\"Clubfans bei FCN-Ausw\u00e4rtsfahrten und Groundhopping\",\"potentialAction\":[{\"@type\":\"SearchAction\",\"target\":{\"@type\":\"EntryPoint\",\"urlTemplate\":\"https:\/\/www.n-town.de\/glubbblog\/?s={search_term_string}\"},\"query-input\":\"required name=search_term_string\"}],\"inLanguage\":\"de\"},{\"@type\":\"WebPage\",\"@id\":\"https:\/\/www.n-town.de\/glubbblog\/index.php\/archives\/glubbfans\/339-mitteilung-der-ultras-nuernberg-an-die-fans-des-1-fc-nuernberg.html#webpage\",\"url\":\"https:\/\/www.n-town.de\/glubbblog\/index.php\/archives\/glubbfans\/339-mitteilung-der-ultras-nuernberg-an-die-fans-des-1-fc-nuernberg.html\",\"name\":\"Mitteilung der Ultras N\u00fcrnberg an die Fans des 1. FC N\u00fcrnberg - Glubb-Blog\",\"isPartOf\":{\"@id\":\"https:\/\/www.n-town.de\/glubbblog\/#website\"},\"datePublished\":\"2008-04-10T07:23:45+00:00\",\"dateModified\":\"2017-07-03T13:53:01+00:00\",\"author\":{\"@id\":\"https:\/\/www.n-town.de\/glubbblog\/#\/schema\/person\/23822a94b519ca1de591c4492e0e104e\"},\"breadcrumb\":{\"@id\":\"https:\/\/www.n-town.de\/glubbblog\/index.php\/archives\/glubbfans\/339-mitteilung-der-ultras-nuernberg-an-die-fans-des-1-fc-nuernberg.html#breadcrumb\"},\"inLanguage\":\"de\",\"potentialAction\":[{\"@type\":\"ReadAction\",\"target\":[\"https:\/\/www.n-town.de\/glubbblog\/index.php\/archives\/glubbfans\/339-mitteilung-der-ultras-nuernberg-an-die-fans-des-1-fc-nuernberg.html\"]}]},{\"@type\":\"BreadcrumbList\",\"@id\":\"https:\/\/www.n-town.de\/glubbblog\/index.php\/archives\/glubbfans\/339-mitteilung-der-ultras-nuernberg-an-die-fans-des-1-fc-nuernberg.html#breadcrumb\",\"itemListElement\":[{\"@type\":\"ListItem\",\"position\":1,\"name\":\"Home\",\"item\":\"https:\/\/www.n-town.de\/glubbblog\"},{\"@type\":\"ListItem\",\"position\":2,\"name\":\"Mitteilung der Ultras N\u00fcrnberg an die Fans des 1. FC N\u00fcrnberg\"}]},{\"@type\":\"Person\",\"@id\":\"https:\/\/www.n-town.de\/glubbblog\/#\/schema\/person\/23822a94b519ca1de591c4492e0e104e\",\"name\":\"Bomber Manolo\",\"image\":{\"@type\":\"ImageObject\",\"@id\":\"https:\/\/www.n-town.de\/glubbblog\/#personlogo\",\"inLanguage\":\"de\",\"url\":\"https:\/\/secure.gravatar.com\/avatar\/745e89a5226a55ce3ed5fac4a51dced8?s=96&d=mm&r=g\",\"contentUrl\":\"https:\/\/secure.gravatar.com\/avatar\/745e89a5226a55ce3ed5fac4a51dced8?s=96&d=mm&r=g\",\"caption\":\"Bomber Manolo\"},\"sameAs\":[\"https:\/\/www.n-town.de\"],\"url\":\"https:\/\/www.n-town.de\/glubbblog\/index.php\/archives\/author\/andy\"}]}<\/script>\n<!-- \/ Yoast SEO plugin. -->","yoast_head_json":{"title":"Mitteilung der Ultras N\u00fcrnberg an die Fans des 1. FC N\u00fcrnberg - Glubb-Blog","robots":{"index":"index","follow":"follow","max-snippet":"max-snippet:-1","max-image-preview":"max-image-preview:large","max-video-preview":"max-video-preview:-1"},"canonical":"https:\/\/www.n-town.de\/glubbblog\/index.php\/archives\/glubbfans\/339-mitteilung-der-ultras-nuernberg-an-die-fans-des-1-fc-nuernberg.html","og_locale":"de_DE","og_type":"article","og_title":"Mitteilung der Ultras N\u00fcrnberg an die Fans des 1. FC N\u00fcrnberg - Glubb-Blog","og_description":"Nach den Wortmeldungen von Basti Grau und Heino Hassler haben die Ultras N\u00fcrnberg (UN94) das Treffen mit den Verantwortlichen des 1.FC N\u00fcrnberg abgewartet und nun auch eine Stellungnahme zu den Ereignissen von Frankfurt abgegeben: Mitteilung an die Fans des 1. FC N\u00fcrnberg Die Freude \u00fcber den wichtigen Sieg in Frankfurt wurde von einer Spielunterbrechung nach [&hellip;]","og_url":"https:\/\/www.n-town.de\/glubbblog\/index.php\/archives\/glubbfans\/339-mitteilung-der-ultras-nuernberg-an-die-fans-des-1-fc-nuernberg.html","og_site_name":"Glubb-Blog","article_publisher":"https:\/\/www.facebook.com\/glubbblog","article_published_time":"2008-04-10T07:23:45+00:00","article_modified_time":"2017-07-03T13:53:01+00:00","og_image":[{"width":500,"height":375,"url":"https:\/\/www.n-town.de\/glubbblog\/wp-content\/uploads\/2020\/06\/img_8003-1.jpg","type":"image\/jpeg"}],"twitter_card":"summary","twitter_creator":"@glubb_blog_de","twitter_site":"@glubb_blog_de","twitter_misc":{"Verfasst von":"Bomber Manolo","Gesch\u00e4tzte Lesezeit":"3\u00a0Minuten"},"schema":{"@context":"https:\/\/schema.org","@graph":[{"@type":"WebSite","@id":"https:\/\/www.n-town.de\/glubbblog\/#website","url":"https:\/\/www.n-town.de\/glubbblog\/","name":"Glubb-Blog","description":"Clubfans bei FCN-Ausw\u00e4rtsfahrten und Groundhopping","potentialAction":[{"@type":"SearchAction","target":{"@type":"EntryPoint","urlTemplate":"https:\/\/www.n-town.de\/glubbblog\/?s={search_term_string}"},"query-input":"required name=search_term_string"}],"inLanguage":"de"},{"@type":"WebPage","@id":"https:\/\/www.n-town.de\/glubbblog\/index.php\/archives\/glubbfans\/339-mitteilung-der-ultras-nuernberg-an-die-fans-des-1-fc-nuernberg.html#webpage","url":"https:\/\/www.n-town.de\/glubbblog\/index.php\/archives\/glubbfans\/339-mitteilung-der-ultras-nuernberg-an-die-fans-des-1-fc-nuernberg.html","name":"Mitteilung der Ultras N\u00fcrnberg an die Fans des 1. FC N\u00fcrnberg - Glubb-Blog","isPartOf":{"@id":"https:\/\/www.n-town.de\/glubbblog\/#website"},"datePublished":"2008-04-10T07:23:45+00:00","dateModified":"2017-07-03T13:53:01+00:00","author":{"@id":"https:\/\/www.n-town.de\/glubbblog\/#\/schema\/person\/23822a94b519ca1de591c4492e0e104e"},"breadcrumb":{"@id":"https:\/\/www.n-town.de\/glubbblog\/index.php\/archives\/glubbfans\/339-mitteilung-der-ultras-nuernberg-an-die-fans-des-1-fc-nuernberg.html#breadcrumb"},"inLanguage":"de","potentialAction":[{"@type":"ReadAction","target":["https:\/\/www.n-town.de\/glubbblog\/index.php\/archives\/glubbfans\/339-mitteilung-der-ultras-nuernberg-an-die-fans-des-1-fc-nuernberg.html"]}]},{"@type":"BreadcrumbList","@id":"https:\/\/www.n-town.de\/glubbblog\/index.php\/archives\/glubbfans\/339-mitteilung-der-ultras-nuernberg-an-die-fans-des-1-fc-nuernberg.html#breadcrumb","itemListElement":[{"@type":"ListItem","position":1,"name":"Home","item":"https:\/\/www.n-town.de\/glubbblog"},{"@type":"ListItem","position":2,"name":"Mitteilung der Ultras N\u00fcrnberg an die Fans des 1. FC N\u00fcrnberg"}]},{"@type":"Person","@id":"https:\/\/www.n-town.de\/glubbblog\/#\/schema\/person\/23822a94b519ca1de591c4492e0e104e","name":"Bomber Manolo","image":{"@type":"ImageObject","@id":"https:\/\/www.n-town.de\/glubbblog\/#personlogo","inLanguage":"de","url":"https:\/\/secure.gravatar.com\/avatar\/745e89a5226a55ce3ed5fac4a51dced8?s=96&d=mm&r=g","contentUrl":"https:\/\/secure.gravatar.com\/avatar\/745e89a5226a55ce3ed5fac4a51dced8?s=96&d=mm&r=g","caption":"Bomber Manolo"},"sameAs":["https:\/\/www.n-town.de"],"url":"https:\/\/www.n-town.de\/glubbblog\/index.php\/archives\/author\/andy"}]}},"_links":{"self":[{"href":"https:\/\/www.n-town.de\/glubbblog\/index.php\/wp-json\/wp\/v2\/posts\/339"}],"collection":[{"href":"https:\/\/www.n-town.de\/glubbblog\/index.php\/wp-json\/wp\/v2\/posts"}],"about":[{"href":"https:\/\/www.n-town.de\/glubbblog\/index.php\/wp-json\/wp\/v2\/types\/post"}],"author":[{"embeddable":true,"href":"https:\/\/www.n-town.de\/glubbblog\/index.php\/wp-json\/wp\/v2\/users\/4"}],"replies":[{"embeddable":true,"href":"https:\/\/www.n-town.de\/glubbblog\/index.php\/wp-json\/wp\/v2\/comments?post=339"}],"version-history":[{"count":1,"href":"https:\/\/www.n-town.de\/glubbblog\/index.php\/wp-json\/wp\/v2\/posts\/339\/revisions"}],"predecessor-version":[{"id":8361,"href":"https:\/\/www.n-town.de\/glubbblog\/index.php\/wp-json\/wp\/v2\/posts\/339\/revisions\/8361"}],"wp:attachment":[{"href":"https:\/\/www.n-town.de\/glubbblog\/index.php\/wp-json\/wp\/v2\/media?parent=339"}],"wp:term":[{"taxonomy":"category","embeddable":true,"href":"https:\/\/www.n-town.de\/glubbblog\/index.php\/wp-json\/wp\/v2\/categories?post=339"},{"taxonomy":"post_tag","embeddable":true,"href":"https:\/\/www.n-town.de\/glubbblog\/index.php\/wp-json\/wp\/v2\/tags?post=339"}],"curies":[{"name":"wp","href":"https:\/\/api.w.org\/{rel}","templated":true}]}}