{"id":3554,"date":"2012-04-18T17:56:28","date_gmt":"2012-04-18T15:56:28","guid":{"rendered":"http:\/\/www.n-town.de\/glubbblog\/?p=3554"},"modified":"2013-04-18T14:34:42","modified_gmt":"2013-04-18T12:34:42","slug":"gratulation-an-greuther-furth-das-frankenderby-wird-erstklassig","status":"publish","type":"post","link":"https:\/\/www.n-town.de\/glubbblog\/index.php\/archives\/glubbfans\/3554-gratulation-an-greuther-furth-das-frankenderby-wird-erstklassig.html","title":{"rendered":"Gratulation an Greuther F\u00fcrth: Das Frankenderby wird erstklassig!"},"content":{"rendered":"<p><img loading=\"lazy\" class=\"alignleft\" src=\"https:\/\/www.n-town.de\/glubbblog\/images\/Fuerth2009_07.jpg\" alt=\"\" width=\"300\" height=\"225\" \/>Gratulation ins &#8220;Gloosschermv\u00e4ddl&#8221;: Die SpVgg Greuther F\u00fcrth steht als 52. Bundesligist so gut wie fest! Wohlgemerkt &#8220;<em>Gratulation<\/em>&#8220;, nicht &#8220;<em>Gl\u00fcckwunsch<\/em>&#8220;! \ud83d\ude09 Durch die Niederlage des Tabellendritten Fortuna D\u00fcsseldorf am Montag in Dresden ist dem Kleeblatt der Aufstieg nur noch theoretisch zu nehmen!<\/p>\n<p>Und hier sind wir gleich schon bei Parallelen zum 1.FC N\u00fcrnberg: Seit dem <a href=\"https:\/\/www.n-town.de\/glubbblog\/index.php\/archives\/glubb-live\/3540-kaiserslautern-fcn-02-das-konnte-es-gewesen-sein.html\" target=\"_blank\">\u00fcberzeugenden 2:0-Sieg in Kaiserslautern<\/a> am vergangenen Wochenende hat dieser n\u00e4mlich genauso wie F\u00fcrth 9 Punkte Vorsprung vor dem Dritten\/Drittletzen und auch noch das viel bessere Torverh\u00e4ltnis! Also gehen hier die beiden bedeutendsten Fussballvertreter Frankens fast schon Hand in Hand.<\/p>\n<p>Auch ist der Aufstieg der Teebeutel f\u00fcr die Region und im Besonderen f\u00fcr die Stadt F\u00fcrth ein gro\u00dfer Imagegewinn. Die Greuther werden nun dadurch auch noch schneller zu dem geplanten Stadionneubau kommen, als sie das als Dauerzweitligist (&#8220;<em>Das fr\u00e4nkische Fortuna K\u00f6ln<\/em>&#8220;) geschafft h\u00e4tten. Ohnehin scheint das Jahr 2013 das <strong>Jahr der Franken<\/strong> zu werden: Denn zu den drei Erstligisten im Basketball (Bamberg, W\u00fcrzburg, Bayreuth) von heute, gesellen sich dann zwei Erstligisten in der bedeutendsten Sportart Fussball, der <a href=\"http:\/\/www.nordbayern.de\/nuernberger-zeitung\/nz-sport\/nhtc-hat-den-aufstieg-vor-augen-1.1994876\" target=\"_blank\">NHTC wird wohl in die erste Liga aufsteigen<\/a> und die <a href=\"http:\/\/www.partei-fuer-franken.de\" target=\"_blank\">Partei f\u00fcr Franken<\/a> tritt zur Landtagswahl an. Na da r\u00fchrt sich doch was! \ud83d\ude42<\/p>\n<p>Sportlich werden die F\u00fcrther sicherlich aufhorchen lassen und wer wei\u00df, vielleicht reihen Sie sich ein bei den Mini-Vereinen wie Freiburg oder Mainz? Aber ich will mal nicht den Teufel an die Wand malen!<\/p>\n<p><strong>Meine Meinung zum F\u00fcrther Aufstieg<\/strong><\/p>\n<p><a href=\"https:\/\/www.n-town.de\/glubbblog\/wp-content\/uploads\/2012\/04\/Aufstieg_Fuehrt_Kleeblatt.jpg\"><img loading=\"lazy\" class=\"alignleft size-medium wp-image-3587\" title=\"Aufstieg_Fuehrt_Kleeblatt\" src=\"https:\/\/www.n-town.de\/glubbblog\/wp-content\/uploads\/2012\/04\/Aufstieg_Fuehrt_Kleeblatt-225x300.jpg\" alt=\"\" width=\"225\" height=\"300\" srcset=\"https:\/\/www.n-town.de\/glubbblog\/wp-content\/uploads\/2012\/04\/Aufstieg_Fuehrt_Kleeblatt-225x300.jpg 225w, https:\/\/www.n-town.de\/glubbblog\/wp-content\/uploads\/2012\/04\/Aufstieg_Fuehrt_Kleeblatt.jpg 375w\" sizes=\"(max-width: 225px) 100vw, 225px\" \/><\/a>Obwohl ich <a href=\"http:\/\/www.bayern-wolln-mer.net\" target=\"_blank\">fr\u00e4nkisch erregt<\/a> bin, hab ich doch als Glubberer etwas ein Problem damit, mich mit feiernden F\u00fcrthern zu freuen (Foto vom P\u00f6tzham). Ist ein bisschen so wie mit den Bayern in der Champions League. \ud83d\ude09 Jeder F\u00fcrther, der jetzt mit den Augen rollt, soll sich mal erinnern, wie es ihm <a href=\"https:\/\/www.n-town.de\/glubbblog\/index.php\/archives\/dfb-pokal\/114-der-1fc-nuernberg-ist-dfb-pokalsieger-2007.html\" target=\"_blank\">2007 erging, als N\u00fcrnberg Pokalsieger<\/a> wurde! Sportlich ist es den Kleebl\u00e4ttern absolut zu g\u00f6nnen, weil sie mit &#8220;keinen Mitteln&#8221; jedes Jahr aufs neue einen Aderlass zu verkraften hatten und trotzdem immer wieder ein Team kreierten, das jedes Jahr aufs neue &#8220;<em>fast aufgestiegen<\/em>&#8221; w\u00e4re! Au\u00dferdem spiele ich lieber gegen F\u00fcrth als gegen so ein Retortenbaby wie Hoffenheim oder so einen l\u00e4cherlichen Werksklub wie VW Wolfsburg! Schade nur f\u00fcr die gr\u00fcnen, dass der Aufstieg nicht w\u00e4hrend eines eigenen Spiels geschafft wurde, denn so gibt es nur komische Bilder in der Zeitung, wie z.B. Spieler in Lederjacken, die im Dunkeln mit Sektflaschen hantieren. Mein &#8220;Lieblingsbild&#8221; ist aber der rotb\u00e4ckige B\u00fcrgermeister Jung mit Weizenglas auf der Titelseite &#8211; tz&#8230; \ud83d\ude09<\/p>\n<p>Zum Positiven muss ich aber noch sagen, dass diese Idee, die gesamte Saison unter den Makel &#8220;<a href=\"https:\/\/www.n-town.de\/glubbblog\/index.php\/archives\/bundesliga\/15-faerdder-das-wird-wieder-nix.html\" target=\"_blank\">unaufsteigbar<\/a>&#8221; zu stellen, ein echt kluger Schachzug war. \u00dcbertragen auf unseren Glubb m\u00fcsste man T-Shirts mit &#8220;Der Glubb is a Depp&#8221;-Tour rausbringen! Vielleicht werden wir dann Meister? \ud83d\ude09<\/p>\n<p><a href=\"https:\/\/www.n-town.de\/glubbblog\/index.php\/archives\/fcn\/5580-das-256-frankenderby-steht-an-die-wahre-mutter-aller-derbys.html\" target=\"_blank\"><strong>Die Mutter aller Derbys kehrt zur\u00fcck!<\/strong><\/a><\/p>\n<p>In erster Linie freue ich mich aber, dass das Frankenderby erstklassig wird, denn: <strong>Wo ganz Deutschland auf Schalke gegen Dortmund schaut, hat auch N\u00fcrnberg gegen F\u00fcrth seinen Platz verdient!<\/strong><\/p>\n<p><strong>Meine Meinung zu Greuther F\u00fcrth<\/strong><\/p>\n<p>Ich habs hier ja sch\u00f6n \u00f6fter betont: <em>Mir sind 5 F\u00fcrther lieber als ein M\u00fcnchner<\/em>! Aber was ich absolut nicht ausstehen kann, ist dass sich die Kleebl\u00e4ttler nur \u00fcber ihren Hass auf N\u00fcrnberg definieren!<br \/>\nSo war ich als junger Kerl \u00f6fter mal in Vestenbergsgreuth bei Spielen (vor der Fusion u.a. im Pokal gegen Wolfsburg) und so auch beim Spiel gegen F\u00fcrth. Und da sangen die F\u00dc-Fans nach einem Spiel in der Bayernliga &#8220;wir hassen den FCN&#8221;? Drei Ligen unter meinem Glubb? Was sind denn das f\u00fcr welche, dachte ich. Jahre sp\u00e4ter mit meiner damaligen Freundin im Ronhof beim <a href=\"http:\/\/www.fussballdaten.de\/dfb\/2004\/viertelfinale\/fuerth-bremen\/\" target=\"_blank\">Pokalspiel Greuther gegen Werder Bremen<\/a>. Pl\u00f6tzlich singen die &#8220;ohne N\u00fcrnberg fahr&#8217;n wir nach Berlin&#8221;? Was hatte denn das mit N\u00fcrnberg zu tun?<br \/>\nAls wir ins Pokalfinale kamen, haben wir &#8220;<a href=\"http:\/\/n-town.de\/glubbblog\/index.php\/archives\/allgemein\/39-erste-runde-bukarest-zweite-runde-rom-in-kopenhagen-schellt-das-telefon.html\" target=\"_blank\">Europapokal<\/a>&#8221; gesungen und &#8220;wir fahren nach Berlin&#8221;! Aber uns doch nicht mit den Bayern oder gar mit F\u00fcrth besch\u00e4ftigt?! Aber gut, bei uns gibt es auch Leute, die das ganze Jahr mit &#8220;Anti F\u00dc&#8221; rumlaufen, naja.<\/p>\n<p>Alles in Allem freu ich mich riesig auf die neue Saison und der Glubb hat nun 2 Derbys um das <a href=\"https:\/\/www.n-town.de\/glubbblog\/index.php\/archives\/dfb-pokal\/3195-dfb-pokal-fcn-greuther-furth-01-so-spielt-man-ein-derby.html\" target=\"_blank\">Pokalaus von 2011<\/a> vergessen zu machen! <a href=\"https:\/\/www.n-town.de\/glubbblog\/index.php\/archives\/bundesliga\/3471-restprogramm-der-abstiegs-geier-kreist-auch-uber-nurnberg.html\" target=\"_blank\">Dieser Klassenerhalt war wirklich extrem wichtig<\/a>, sonst h\u00e4tten uns die F\u00fcrther schon \u00fcberholt! So bleiben wir aber die Nr.1 in Franken, selbst wenn die Greuther doch mal vor uns in der Tabelle stehen sollten. Die N\u00fcrnberger Zeitung r\u00e4tselt schon, wem man denn in <a href=\"http:\/\/blog.nz-online.de\/senf\/2012\/04\/17\/wen-stellen-wir-nach-oben\/\" target=\"_blank\">Zukunft dann den Aufmacher g\u00f6nnen sollte<\/a>? So wie es der Bayerische Rundfunk mit dem FCB macht: Eine Nr.1 ausw\u00e4hlen, egal ob jemand anderes erfolgreicher ist? Ich w\u00e4re ja f\u00fcr die Tabellensituation, da ich mir das vom BR w\u00fcnschen w\u00fcrde! <a href=\"http:\/\/blog.nz-online.de\/senf\/2012\/04\/17\/wen-stellen-wir-nach-oben\/\" target=\"_blank\">Hier kann man mitdiskutieren<\/a>!<\/p>\n<p>Tja, das is etz dann doch ganz sch\u00f6n viel geworden &#8211; was denkt Ihr \u00fcber diesen Aufstieg?<\/p>\n","protected":false},"excerpt":{"rendered":"<p>Gratulation ins &#8220;Gloosschermv\u00e4ddl&#8221;: Die SpVgg Greuther F\u00fcrth steht als 52. Bundesligist so gut wie fest! Wohlgemerkt &#8220;Gratulation&#8220;, nicht &#8220;Gl\u00fcckwunsch&#8220;! \ud83d\ude09 Durch die Niederlage des Tabellendritten Fortuna D\u00fcsseldorf am Montag in Dresden ist dem Kleeblatt der Aufstieg nur noch theoretisch zu nehmen! Und hier sind wir gleich schon bei Parallelen zum 1.FC N\u00fcrnberg: Seit dem \u00fcberzeugenden [&hellip;]<\/p>\n","protected":false},"author":4,"featured_media":0,"comment_status":"open","ping_status":"open","sticky":false,"template":"","format":"standard","meta":{"spay_email":""},"categories":[13],"tags":[291,218,140,23,262,162,75],"jetpack_featured_media_url":"","yoast_head":"<!-- This site is optimized with the Yoast SEO plugin v18.3 - https:\/\/yoast.com\/wordpress\/plugins\/seo\/ -->\n<title>Gratulation an Greuther F\u00fcrth: Das Frankenderby wird erstklassig! - Glubb-Blog<\/title>\n<meta name=\"robots\" content=\"index, follow, max-snippet:-1, max-image-preview:large, max-video-preview:-1\" \/>\n<link rel=\"canonical\" href=\"https:\/\/www.n-town.de\/glubbblog\/index.php\/archives\/glubbfans\/3554-gratulation-an-greuther-furth-das-frankenderby-wird-erstklassig.html\" \/>\n<meta property=\"og:locale\" content=\"de_DE\" \/>\n<meta property=\"og:type\" content=\"article\" \/>\n<meta property=\"og:title\" content=\"Gratulation an Greuther F\u00fcrth: Das Frankenderby wird erstklassig! - Glubb-Blog\" \/>\n<meta property=\"og:description\" content=\"Gratulation ins &#8220;Gloosschermv\u00e4ddl&#8221;: Die SpVgg Greuther F\u00fcrth steht als 52. Bundesligist so gut wie fest! Wohlgemerkt &#8220;Gratulation&#8220;, nicht &#8220;Gl\u00fcckwunsch&#8220;! \ud83d\ude09 Durch die Niederlage des Tabellendritten Fortuna D\u00fcsseldorf am Montag in Dresden ist dem Kleeblatt der Aufstieg nur noch theoretisch zu nehmen! Und hier sind wir gleich schon bei Parallelen zum 1.FC N\u00fcrnberg: Seit dem \u00fcberzeugenden [&hellip;]\" \/>\n<meta property=\"og:url\" content=\"https:\/\/www.n-town.de\/glubbblog\/index.php\/archives\/glubbfans\/3554-gratulation-an-greuther-furth-das-frankenderby-wird-erstklassig.html\" \/>\n<meta property=\"og:site_name\" content=\"Glubb-Blog\" \/>\n<meta property=\"article:publisher\" content=\"https:\/\/www.facebook.com\/glubbblog\" \/>\n<meta property=\"article:published_time\" content=\"2012-04-18T15:56:28+00:00\" \/>\n<meta property=\"article:modified_time\" content=\"2013-04-18T12:34:42+00:00\" \/>\n<meta property=\"og:image\" content=\"https:\/\/www.n-town.de\/glubbblog\/images\/Fuerth2009_07.jpg\" \/>\n<meta name=\"twitter:card\" content=\"summary\" \/>\n<meta name=\"twitter:creator\" content=\"@glubb_blog_de\" \/>\n<meta name=\"twitter:site\" content=\"@glubb_blog_de\" \/>\n<meta name=\"twitter:label1\" content=\"Verfasst von\" \/>\n\t<meta name=\"twitter:data1\" content=\"Bomber Manolo\" \/>\n\t<meta name=\"twitter:label2\" content=\"Gesch\u00e4tzte Lesezeit\" \/>\n\t<meta name=\"twitter:data2\" content=\"4\u00a0Minuten\" \/>\n<script type=\"application\/ld+json\" class=\"yoast-schema-graph\">{\"@context\":\"https:\/\/schema.org\",\"@graph\":[{\"@type\":\"WebSite\",\"@id\":\"https:\/\/www.n-town.de\/glubbblog\/#website\",\"url\":\"https:\/\/www.n-town.de\/glubbblog\/\",\"name\":\"Glubb-Blog\",\"description\":\"Clubfans bei FCN-Ausw\u00e4rtsfahrten und Groundhopping\",\"potentialAction\":[{\"@type\":\"SearchAction\",\"target\":{\"@type\":\"EntryPoint\",\"urlTemplate\":\"https:\/\/www.n-town.de\/glubbblog\/?s={search_term_string}\"},\"query-input\":\"required name=search_term_string\"}],\"inLanguage\":\"de\"},{\"@type\":\"ImageObject\",\"@id\":\"https:\/\/www.n-town.de\/glubbblog\/index.php\/archives\/glubbfans\/3554-gratulation-an-greuther-furth-das-frankenderby-wird-erstklassig.html#primaryimage\",\"inLanguage\":\"de\",\"url\":\"https:\/\/www.n-town.de\/glubbblog\/images\/Fuerth2009_07.jpg\",\"contentUrl\":\"https:\/\/www.n-town.de\/glubbblog\/images\/Fuerth2009_07.jpg\"},{\"@type\":\"WebPage\",\"@id\":\"https:\/\/www.n-town.de\/glubbblog\/index.php\/archives\/glubbfans\/3554-gratulation-an-greuther-furth-das-frankenderby-wird-erstklassig.html#webpage\",\"url\":\"https:\/\/www.n-town.de\/glubbblog\/index.php\/archives\/glubbfans\/3554-gratulation-an-greuther-furth-das-frankenderby-wird-erstklassig.html\",\"name\":\"Gratulation an Greuther F\u00fcrth: Das Frankenderby wird erstklassig! - Glubb-Blog\",\"isPartOf\":{\"@id\":\"https:\/\/www.n-town.de\/glubbblog\/#website\"},\"primaryImageOfPage\":{\"@id\":\"https:\/\/www.n-town.de\/glubbblog\/index.php\/archives\/glubbfans\/3554-gratulation-an-greuther-furth-das-frankenderby-wird-erstklassig.html#primaryimage\"},\"datePublished\":\"2012-04-18T15:56:28+00:00\",\"dateModified\":\"2013-04-18T12:34:42+00:00\",\"author\":{\"@id\":\"https:\/\/www.n-town.de\/glubbblog\/#\/schema\/person\/23822a94b519ca1de591c4492e0e104e\"},\"breadcrumb\":{\"@id\":\"https:\/\/www.n-town.de\/glubbblog\/index.php\/archives\/glubbfans\/3554-gratulation-an-greuther-furth-das-frankenderby-wird-erstklassig.html#breadcrumb\"},\"inLanguage\":\"de\",\"potentialAction\":[{\"@type\":\"ReadAction\",\"target\":[\"https:\/\/www.n-town.de\/glubbblog\/index.php\/archives\/glubbfans\/3554-gratulation-an-greuther-furth-das-frankenderby-wird-erstklassig.html\"]}]},{\"@type\":\"BreadcrumbList\",\"@id\":\"https:\/\/www.n-town.de\/glubbblog\/index.php\/archives\/glubbfans\/3554-gratulation-an-greuther-furth-das-frankenderby-wird-erstklassig.html#breadcrumb\",\"itemListElement\":[{\"@type\":\"ListItem\",\"position\":1,\"name\":\"Home\",\"item\":\"https:\/\/www.n-town.de\/glubbblog\"},{\"@type\":\"ListItem\",\"position\":2,\"name\":\"Gratulation an Greuther F\u00fcrth: Das Frankenderby wird erstklassig!\"}]},{\"@type\":\"Person\",\"@id\":\"https:\/\/www.n-town.de\/glubbblog\/#\/schema\/person\/23822a94b519ca1de591c4492e0e104e\",\"name\":\"Bomber Manolo\",\"image\":{\"@type\":\"ImageObject\",\"@id\":\"https:\/\/www.n-town.de\/glubbblog\/#personlogo\",\"inLanguage\":\"de\",\"url\":\"https:\/\/secure.gravatar.com\/avatar\/745e89a5226a55ce3ed5fac4a51dced8?s=96&d=mm&r=g\",\"contentUrl\":\"https:\/\/secure.gravatar.com\/avatar\/745e89a5226a55ce3ed5fac4a51dced8?s=96&d=mm&r=g\",\"caption\":\"Bomber Manolo\"},\"sameAs\":[\"https:\/\/www.n-town.de\"],\"url\":\"https:\/\/www.n-town.de\/glubbblog\/index.php\/archives\/author\/andy\"}]}<\/script>\n<!-- \/ Yoast SEO plugin. -->","yoast_head_json":{"title":"Gratulation an Greuther F\u00fcrth: Das Frankenderby wird erstklassig! - Glubb-Blog","robots":{"index":"index","follow":"follow","max-snippet":"max-snippet:-1","max-image-preview":"max-image-preview:large","max-video-preview":"max-video-preview:-1"},"canonical":"https:\/\/www.n-town.de\/glubbblog\/index.php\/archives\/glubbfans\/3554-gratulation-an-greuther-furth-das-frankenderby-wird-erstklassig.html","og_locale":"de_DE","og_type":"article","og_title":"Gratulation an Greuther F\u00fcrth: Das Frankenderby wird erstklassig! - Glubb-Blog","og_description":"Gratulation ins &#8220;Gloosschermv\u00e4ddl&#8221;: Die SpVgg Greuther F\u00fcrth steht als 52. Bundesligist so gut wie fest! Wohlgemerkt &#8220;Gratulation&#8220;, nicht &#8220;Gl\u00fcckwunsch&#8220;! \ud83d\ude09 Durch die Niederlage des Tabellendritten Fortuna D\u00fcsseldorf am Montag in Dresden ist dem Kleeblatt der Aufstieg nur noch theoretisch zu nehmen! Und hier sind wir gleich schon bei Parallelen zum 1.FC N\u00fcrnberg: Seit dem \u00fcberzeugenden [&hellip;]","og_url":"https:\/\/www.n-town.de\/glubbblog\/index.php\/archives\/glubbfans\/3554-gratulation-an-greuther-furth-das-frankenderby-wird-erstklassig.html","og_site_name":"Glubb-Blog","article_publisher":"https:\/\/www.facebook.com\/glubbblog","article_published_time":"2012-04-18T15:56:28+00:00","article_modified_time":"2013-04-18T12:34:42+00:00","og_image":[{"url":"https:\/\/www.n-town.de\/glubbblog\/images\/Fuerth2009_07.jpg"}],"twitter_card":"summary","twitter_creator":"@glubb_blog_de","twitter_site":"@glubb_blog_de","twitter_misc":{"Verfasst von":"Bomber Manolo","Gesch\u00e4tzte Lesezeit":"4\u00a0Minuten"},"schema":{"@context":"https:\/\/schema.org","@graph":[{"@type":"WebSite","@id":"https:\/\/www.n-town.de\/glubbblog\/#website","url":"https:\/\/www.n-town.de\/glubbblog\/","name":"Glubb-Blog","description":"Clubfans bei FCN-Ausw\u00e4rtsfahrten und Groundhopping","potentialAction":[{"@type":"SearchAction","target":{"@type":"EntryPoint","urlTemplate":"https:\/\/www.n-town.de\/glubbblog\/?s={search_term_string}"},"query-input":"required name=search_term_string"}],"inLanguage":"de"},{"@type":"ImageObject","@id":"https:\/\/www.n-town.de\/glubbblog\/index.php\/archives\/glubbfans\/3554-gratulation-an-greuther-furth-das-frankenderby-wird-erstklassig.html#primaryimage","inLanguage":"de","url":"https:\/\/www.n-town.de\/glubbblog\/images\/Fuerth2009_07.jpg","contentUrl":"https:\/\/www.n-town.de\/glubbblog\/images\/Fuerth2009_07.jpg"},{"@type":"WebPage","@id":"https:\/\/www.n-town.de\/glubbblog\/index.php\/archives\/glubbfans\/3554-gratulation-an-greuther-furth-das-frankenderby-wird-erstklassig.html#webpage","url":"https:\/\/www.n-town.de\/glubbblog\/index.php\/archives\/glubbfans\/3554-gratulation-an-greuther-furth-das-frankenderby-wird-erstklassig.html","name":"Gratulation an Greuther F\u00fcrth: Das Frankenderby wird erstklassig! - Glubb-Blog","isPartOf":{"@id":"https:\/\/www.n-town.de\/glubbblog\/#website"},"primaryImageOfPage":{"@id":"https:\/\/www.n-town.de\/glubbblog\/index.php\/archives\/glubbfans\/3554-gratulation-an-greuther-furth-das-frankenderby-wird-erstklassig.html#primaryimage"},"datePublished":"2012-04-18T15:56:28+00:00","dateModified":"2013-04-18T12:34:42+00:00","author":{"@id":"https:\/\/www.n-town.de\/glubbblog\/#\/schema\/person\/23822a94b519ca1de591c4492e0e104e"},"breadcrumb":{"@id":"https:\/\/www.n-town.de\/glubbblog\/index.php\/archives\/glubbfans\/3554-gratulation-an-greuther-furth-das-frankenderby-wird-erstklassig.html#breadcrumb"},"inLanguage":"de","potentialAction":[{"@type":"ReadAction","target":["https:\/\/www.n-town.de\/glubbblog\/index.php\/archives\/glubbfans\/3554-gratulation-an-greuther-furth-das-frankenderby-wird-erstklassig.html"]}]},{"@type":"BreadcrumbList","@id":"https:\/\/www.n-town.de\/glubbblog\/index.php\/archives\/glubbfans\/3554-gratulation-an-greuther-furth-das-frankenderby-wird-erstklassig.html#breadcrumb","itemListElement":[{"@type":"ListItem","position":1,"name":"Home","item":"https:\/\/www.n-town.de\/glubbblog"},{"@type":"ListItem","position":2,"name":"Gratulation an Greuther F\u00fcrth: Das Frankenderby wird erstklassig!"}]},{"@type":"Person","@id":"https:\/\/www.n-town.de\/glubbblog\/#\/schema\/person\/23822a94b519ca1de591c4492e0e104e","name":"Bomber Manolo","image":{"@type":"ImageObject","@id":"https:\/\/www.n-town.de\/glubbblog\/#personlogo","inLanguage":"de","url":"https:\/\/secure.gravatar.com\/avatar\/745e89a5226a55ce3ed5fac4a51dced8?s=96&d=mm&r=g","contentUrl":"https:\/\/secure.gravatar.com\/avatar\/745e89a5226a55ce3ed5fac4a51dced8?s=96&d=mm&r=g","caption":"Bomber Manolo"},"sameAs":["https:\/\/www.n-town.de"],"url":"https:\/\/www.n-town.de\/glubbblog\/index.php\/archives\/author\/andy"}]}},"_links":{"self":[{"href":"https:\/\/www.n-town.de\/glubbblog\/index.php\/wp-json\/wp\/v2\/posts\/3554"}],"collection":[{"href":"https:\/\/www.n-town.de\/glubbblog\/index.php\/wp-json\/wp\/v2\/posts"}],"about":[{"href":"https:\/\/www.n-town.de\/glubbblog\/index.php\/wp-json\/wp\/v2\/types\/post"}],"author":[{"embeddable":true,"href":"https:\/\/www.n-town.de\/glubbblog\/index.php\/wp-json\/wp\/v2\/users\/4"}],"replies":[{"embeddable":true,"href":"https:\/\/www.n-town.de\/glubbblog\/index.php\/wp-json\/wp\/v2\/comments?post=3554"}],"version-history":[{"count":12,"href":"https:\/\/www.n-town.de\/glubbblog\/index.php\/wp-json\/wp\/v2\/posts\/3554\/revisions"}],"predecessor-version":[{"id":3561,"href":"https:\/\/www.n-town.de\/glubbblog\/index.php\/wp-json\/wp\/v2\/posts\/3554\/revisions\/3561"}],"wp:attachment":[{"href":"https:\/\/www.n-town.de\/glubbblog\/index.php\/wp-json\/wp\/v2\/media?parent=3554"}],"wp:term":[{"taxonomy":"category","embeddable":true,"href":"https:\/\/www.n-town.de\/glubbblog\/index.php\/wp-json\/wp\/v2\/categories?post=3554"},{"taxonomy":"post_tag","embeddable":true,"href":"https:\/\/www.n-town.de\/glubbblog\/index.php\/wp-json\/wp\/v2\/tags?post=3554"}],"curies":[{"name":"wp","href":"https:\/\/api.w.org\/{rel}","templated":true}]}}