{"id":3634,"date":"2012-06-06T19:09:37","date_gmt":"2012-06-06T17:09:37","guid":{"rendered":"http:\/\/www.n-town.de\/glubbblog\/?p=3634"},"modified":"2012-06-06T19:09:37","modified_gmt":"2012-06-06T17:09:37","slug":"low-uber-nurnberg-zum-beginn-der-euro-2012","status":"publish","type":"post","link":"https:\/\/www.n-town.de\/glubbblog\/index.php\/archives\/em\/3634-low-uber-nurnberg-zum-beginn-der-euro-2012.html","title":{"rendered":"L\u00f6w \u00fcber N\u00fcrnberg zum Beginn der Euro 2012"},"content":{"rendered":"<p>Jogi L\u00f6w hat \u00fcber N\u00fcrnberg gesprochen &#8211; echt jetzt, ohne Spass! Zwar h\u00e4tte er auch sagen k\u00f6nnen &#8220;wir spielen da nicht gegen irgendwelche Deppen&#8221;, aber er sagte &#8220;<a href=\"http:\/\/www.kicker.de\/news\/fussball\/em\/startseite\/569968\/artikel_loew_das-ist-der-hoechste-level.html\" target=\"_blank\">Die EM hat schon noch ein anderes Niveau. Wir spielen &#8211; bei allem Respekt &#8211; nicht gegen Hoffenheim, N\u00fcrnberg und so weiter. Wir spielen gegen die Top Ten der Welt, gegen Spanien, den aktuellen Welt- und Europameister. Das ist der h\u00f6chste Level<\/a>&#8220;! Kommt f\u00fcr ihn aufs selbe raus&#8230;<\/p>\n<p>Nun, w\u00e4hrend Clubfans-United jubelt <a href=\"http:\/\/www.clubfans-united.de\/2012\/06\/05\/er-hat-nuernberg-gesagt\/\" target=\"_blank\">Er hat \u201cN\u00fcrnberg\u201d gesagt<\/a>, finde ich, dass das wieder wundersch\u00f6n zeigt, welchen Stellenwert unser Glubb beim lieben Herrn L\u00f6w hat: Wir sind Mittelma\u00df und f\u00fcr ihn &#8220;h\u00f6gschd&#8221; unattraktiv. Gut, f\u00fcr uns Alt-Glubberer ist &#8220;Mittelma\u00df&#8221; eine Steigerung von &#8220;Absteiger&#8221; und das ist toll. Doch finde ich es sehr traurig, dass unser Jugendkurs gerade von dem Mann nicht honoriert wird, der an deutschen Talenten Interesse haben sollte! Und ausserdem, warum Andi K\u00f6pke nix zu dem Thema sagt?<\/p>\n<p>Extrem auff\u00e4llig war es zu Beginn der vergangenen Saison, als ein G\u00fcndogan nach zwei Testspielen (!) f\u00fcr Dortmund ins Nationalteam berufen wurde, obwohl er davor eine ganze Saison tolle Leistung gezeigt hat &#8211; nur eben im weinroten Clubdress. Bevor L\u00f6w nun mit dem Neu-Leverkusner Phillip Wollscheid das gleiche macht (an dieser Stelle: Gratulation zum Nationalspieler!), hat er sich entschlossen, Tacheles zu reden!<\/p>\n<p>Gerne w\u00fcrde ich es ja mal sehen, dass ein Scheich oder sonst ein Magnat Schweinsteiger und Lahm nach N\u00fcrnberg holen w\u00fcrde &#8211; denke L\u00f6w w\u00fcrde als Nationalcoach zur\u00fccktreten! \ud83d\ude09<\/p>\n<p>Wobei, sehen wir es einfach so: Mittelma\u00df, wie oben erw\u00e4hnt, ist nicht &#8220;Abstiegskandidat&#8221;! Zwar gef\u00e4llt es mir nicht, mit Hoppenheim in einem Zug genannt zu werden, aber in dem Fall kann ich damit leben.<\/p>\n<p>Leider ist aber ausser Tomas Pekhart (f\u00fcr Tschechien) kein anderer N\u00fcrnberger Akteur bei der Euro 2012 aktiv. Wobei Pekharts Aktien durch den m\u00f6glichen Ausfall von Milan Baros gestiegen sein d\u00fcrften. Ohnehin wird er schon zu den <a href=\"http:\/\/www.fr-online.de\/fotostrecken-sport,1473472,16106858.html\" target=\"_blank\">16 Talenten der EM<\/a> gez\u00e4hlt! Hoffen wir, dass er gesund wieder kommt und sich erst in der kommenden Saison und den 4 Derbys Treffer m\u00e4\u00dfig austobt! \ud83d\ude09<\/p>\n<p><strong>Werden wir Europameister?<\/strong><\/p>\n<p>Jetzt ist es wieder an der Zeit, sich wie ein Bayernfan zu benehmen: 2:0-Siege sind mittelm\u00e4\u00dfig, alles andere als der Titelgewinn kommt f\u00fcr uns nicht in Frage! &#8220;2nd place is the first losser&#8221;, heisst es so sch\u00f6n. Wobei in diesem Zusammenhang die NN richtig fragt: <a href=\"http:\/\/www.nordbayern.de\/nuernberger-zeitung\/nz-news\/kann-man-mit-den-vize-bayern-europameister-werden-1.2120379\" target=\"_blank\">Kann man mit den Vize-Bayern Europameister werden?<\/a> \ud83d\ude42<\/p>\n<p><strong>Was sind Eure Erwartungen an die Euro 2012?<\/strong><\/p>\n<p>Ich finde, dass die EM f\u00fcr uns ein Jahr zu sp\u00e4t kommt! Im letzten Jahr h\u00e4tten wir sie alle vernichtet, doch jetzt sind wir irgendwie auf dem absteigenden Ast und andere Nationen sehe ich vor uns. Aber schon klar, wir sind eine Turniermannschaft! 1990 sind wir \u00fcberhaupt nur \u00fcber die Relegation nach Italien gekommen und wurden Weltmeister! Warten wirs ab, ich tippe auf Spanien (wie au\u00dfergew\u00f6hnlich) und auf Italien, denn der Wettskandal gibt denen wie 2006 den richtigen Ansporn!<\/p>\n<p>Apropos wie ein Bayernfan f\u00fchlen: <strong>Ich glaube wir werden ZWEITER!!<\/strong> \ud83d\ude09<\/p>\n<p>Was sind Eure Erwartungen an die Euro 2012?<\/p>\n","protected":false},"excerpt":{"rendered":"<p>Jogi L\u00f6w hat \u00fcber N\u00fcrnberg gesprochen &#8211; echt jetzt, ohne Spass! Zwar h\u00e4tte er auch sagen k\u00f6nnen &#8220;wir spielen da nicht gegen irgendwelche Deppen&#8221;, aber er sagte &#8220;Die EM hat schon noch ein anderes Niveau. Wir spielen &#8211; bei allem Respekt &#8211; nicht gegen Hoffenheim, N\u00fcrnberg und so weiter. Wir spielen gegen die Top Ten [&hellip;]<\/p>\n","protected":false},"author":4,"featured_media":0,"comment_status":"open","ping_status":"open","sticky":false,"template":"","format":"standard","meta":{"spay_email":""},"categories":[14],"tags":[276],"jetpack_featured_media_url":"","yoast_head":"<!-- This site is optimized with the Yoast SEO plugin v18.3 - https:\/\/yoast.com\/wordpress\/plugins\/seo\/ -->\n<title>L\u00f6w \u00fcber N\u00fcrnberg zum Beginn der Euro 2012 - Glubb-Blog<\/title>\n<meta name=\"robots\" content=\"index, follow, max-snippet:-1, max-image-preview:large, max-video-preview:-1\" \/>\n<link rel=\"canonical\" href=\"https:\/\/www.n-town.de\/glubbblog\/index.php\/archives\/em\/3634-low-uber-nurnberg-zum-beginn-der-euro-2012.html\" \/>\n<meta property=\"og:locale\" content=\"de_DE\" \/>\n<meta property=\"og:type\" content=\"article\" \/>\n<meta property=\"og:title\" content=\"L\u00f6w \u00fcber N\u00fcrnberg zum Beginn der Euro 2012 - Glubb-Blog\" \/>\n<meta property=\"og:description\" content=\"Jogi L\u00f6w hat \u00fcber N\u00fcrnberg gesprochen &#8211; echt jetzt, ohne Spass! Zwar h\u00e4tte er auch sagen k\u00f6nnen &#8220;wir spielen da nicht gegen irgendwelche Deppen&#8221;, aber er sagte &#8220;Die EM hat schon noch ein anderes Niveau. Wir spielen &#8211; bei allem Respekt &#8211; nicht gegen Hoffenheim, N\u00fcrnberg und so weiter. Wir spielen gegen die Top Ten [&hellip;]\" \/>\n<meta property=\"og:url\" content=\"https:\/\/www.n-town.de\/glubbblog\/index.php\/archives\/em\/3634-low-uber-nurnberg-zum-beginn-der-euro-2012.html\" \/>\n<meta property=\"og:site_name\" content=\"Glubb-Blog\" \/>\n<meta property=\"article:publisher\" content=\"https:\/\/www.facebook.com\/glubbblog\" \/>\n<meta property=\"article:published_time\" content=\"2012-06-06T17:09:37+00:00\" \/>\n<meta property=\"og:image\" content=\"https:\/\/www.n-town.de\/glubbblog\/wp-content\/uploads\/2020\/06\/img_8003-1.jpg\" \/>\n\t<meta property=\"og:image:width\" content=\"500\" \/>\n\t<meta property=\"og:image:height\" content=\"375\" \/>\n\t<meta property=\"og:image:type\" content=\"image\/jpeg\" \/>\n<meta name=\"twitter:card\" content=\"summary\" \/>\n<meta name=\"twitter:creator\" content=\"@glubb_blog_de\" \/>\n<meta name=\"twitter:site\" content=\"@glubb_blog_de\" \/>\n<meta name=\"twitter:label1\" content=\"Verfasst von\" \/>\n\t<meta name=\"twitter:data1\" content=\"Bomber Manolo\" \/>\n\t<meta name=\"twitter:label2\" content=\"Gesch\u00e4tzte Lesezeit\" \/>\n\t<meta name=\"twitter:data2\" content=\"3\u00a0Minuten\" \/>\n<script type=\"application\/ld+json\" class=\"yoast-schema-graph\">{\"@context\":\"https:\/\/schema.org\",\"@graph\":[{\"@type\":\"WebSite\",\"@id\":\"https:\/\/www.n-town.de\/glubbblog\/#website\",\"url\":\"https:\/\/www.n-town.de\/glubbblog\/\",\"name\":\"Glubb-Blog\",\"description\":\"Clubfans bei FCN-Ausw\u00e4rtsfahrten und Groundhopping\",\"potentialAction\":[{\"@type\":\"SearchAction\",\"target\":{\"@type\":\"EntryPoint\",\"urlTemplate\":\"https:\/\/www.n-town.de\/glubbblog\/?s={search_term_string}\"},\"query-input\":\"required name=search_term_string\"}],\"inLanguage\":\"de\"},{\"@type\":\"WebPage\",\"@id\":\"https:\/\/www.n-town.de\/glubbblog\/index.php\/archives\/em\/3634-low-uber-nurnberg-zum-beginn-der-euro-2012.html#webpage\",\"url\":\"https:\/\/www.n-town.de\/glubbblog\/index.php\/archives\/em\/3634-low-uber-nurnberg-zum-beginn-der-euro-2012.html\",\"name\":\"L\u00f6w \u00fcber N\u00fcrnberg zum Beginn der Euro 2012 - Glubb-Blog\",\"isPartOf\":{\"@id\":\"https:\/\/www.n-town.de\/glubbblog\/#website\"},\"datePublished\":\"2012-06-06T17:09:37+00:00\",\"dateModified\":\"2012-06-06T17:09:37+00:00\",\"author\":{\"@id\":\"https:\/\/www.n-town.de\/glubbblog\/#\/schema\/person\/23822a94b519ca1de591c4492e0e104e\"},\"breadcrumb\":{\"@id\":\"https:\/\/www.n-town.de\/glubbblog\/index.php\/archives\/em\/3634-low-uber-nurnberg-zum-beginn-der-euro-2012.html#breadcrumb\"},\"inLanguage\":\"de\",\"potentialAction\":[{\"@type\":\"ReadAction\",\"target\":[\"https:\/\/www.n-town.de\/glubbblog\/index.php\/archives\/em\/3634-low-uber-nurnberg-zum-beginn-der-euro-2012.html\"]}]},{\"@type\":\"BreadcrumbList\",\"@id\":\"https:\/\/www.n-town.de\/glubbblog\/index.php\/archives\/em\/3634-low-uber-nurnberg-zum-beginn-der-euro-2012.html#breadcrumb\",\"itemListElement\":[{\"@type\":\"ListItem\",\"position\":1,\"name\":\"Home\",\"item\":\"https:\/\/www.n-town.de\/glubbblog\"},{\"@type\":\"ListItem\",\"position\":2,\"name\":\"L\u00f6w \u00fcber N\u00fcrnberg zum Beginn der Euro 2012\"}]},{\"@type\":\"Person\",\"@id\":\"https:\/\/www.n-town.de\/glubbblog\/#\/schema\/person\/23822a94b519ca1de591c4492e0e104e\",\"name\":\"Bomber Manolo\",\"image\":{\"@type\":\"ImageObject\",\"@id\":\"https:\/\/www.n-town.de\/glubbblog\/#personlogo\",\"inLanguage\":\"de\",\"url\":\"https:\/\/secure.gravatar.com\/avatar\/745e89a5226a55ce3ed5fac4a51dced8?s=96&d=mm&r=g\",\"contentUrl\":\"https:\/\/secure.gravatar.com\/avatar\/745e89a5226a55ce3ed5fac4a51dced8?s=96&d=mm&r=g\",\"caption\":\"Bomber Manolo\"},\"sameAs\":[\"https:\/\/www.n-town.de\"],\"url\":\"https:\/\/www.n-town.de\/glubbblog\/index.php\/archives\/author\/andy\"}]}<\/script>\n<!-- \/ Yoast SEO plugin. -->","yoast_head_json":{"title":"L\u00f6w \u00fcber N\u00fcrnberg zum Beginn der Euro 2012 - Glubb-Blog","robots":{"index":"index","follow":"follow","max-snippet":"max-snippet:-1","max-image-preview":"max-image-preview:large","max-video-preview":"max-video-preview:-1"},"canonical":"https:\/\/www.n-town.de\/glubbblog\/index.php\/archives\/em\/3634-low-uber-nurnberg-zum-beginn-der-euro-2012.html","og_locale":"de_DE","og_type":"article","og_title":"L\u00f6w \u00fcber N\u00fcrnberg zum Beginn der Euro 2012 - Glubb-Blog","og_description":"Jogi L\u00f6w hat \u00fcber N\u00fcrnberg gesprochen &#8211; echt jetzt, ohne Spass! Zwar h\u00e4tte er auch sagen k\u00f6nnen &#8220;wir spielen da nicht gegen irgendwelche Deppen&#8221;, aber er sagte &#8220;Die EM hat schon noch ein anderes Niveau. Wir spielen &#8211; bei allem Respekt &#8211; nicht gegen Hoffenheim, N\u00fcrnberg und so weiter. Wir spielen gegen die Top Ten [&hellip;]","og_url":"https:\/\/www.n-town.de\/glubbblog\/index.php\/archives\/em\/3634-low-uber-nurnberg-zum-beginn-der-euro-2012.html","og_site_name":"Glubb-Blog","article_publisher":"https:\/\/www.facebook.com\/glubbblog","article_published_time":"2012-06-06T17:09:37+00:00","og_image":[{"width":500,"height":375,"url":"https:\/\/www.n-town.de\/glubbblog\/wp-content\/uploads\/2020\/06\/img_8003-1.jpg","type":"image\/jpeg"}],"twitter_card":"summary","twitter_creator":"@glubb_blog_de","twitter_site":"@glubb_blog_de","twitter_misc":{"Verfasst von":"Bomber Manolo","Gesch\u00e4tzte Lesezeit":"3\u00a0Minuten"},"schema":{"@context":"https:\/\/schema.org","@graph":[{"@type":"WebSite","@id":"https:\/\/www.n-town.de\/glubbblog\/#website","url":"https:\/\/www.n-town.de\/glubbblog\/","name":"Glubb-Blog","description":"Clubfans bei FCN-Ausw\u00e4rtsfahrten und Groundhopping","potentialAction":[{"@type":"SearchAction","target":{"@type":"EntryPoint","urlTemplate":"https:\/\/www.n-town.de\/glubbblog\/?s={search_term_string}"},"query-input":"required name=search_term_string"}],"inLanguage":"de"},{"@type":"WebPage","@id":"https:\/\/www.n-town.de\/glubbblog\/index.php\/archives\/em\/3634-low-uber-nurnberg-zum-beginn-der-euro-2012.html#webpage","url":"https:\/\/www.n-town.de\/glubbblog\/index.php\/archives\/em\/3634-low-uber-nurnberg-zum-beginn-der-euro-2012.html","name":"L\u00f6w \u00fcber N\u00fcrnberg zum Beginn der Euro 2012 - Glubb-Blog","isPartOf":{"@id":"https:\/\/www.n-town.de\/glubbblog\/#website"},"datePublished":"2012-06-06T17:09:37+00:00","dateModified":"2012-06-06T17:09:37+00:00","author":{"@id":"https:\/\/www.n-town.de\/glubbblog\/#\/schema\/person\/23822a94b519ca1de591c4492e0e104e"},"breadcrumb":{"@id":"https:\/\/www.n-town.de\/glubbblog\/index.php\/archives\/em\/3634-low-uber-nurnberg-zum-beginn-der-euro-2012.html#breadcrumb"},"inLanguage":"de","potentialAction":[{"@type":"ReadAction","target":["https:\/\/www.n-town.de\/glubbblog\/index.php\/archives\/em\/3634-low-uber-nurnberg-zum-beginn-der-euro-2012.html"]}]},{"@type":"BreadcrumbList","@id":"https:\/\/www.n-town.de\/glubbblog\/index.php\/archives\/em\/3634-low-uber-nurnberg-zum-beginn-der-euro-2012.html#breadcrumb","itemListElement":[{"@type":"ListItem","position":1,"name":"Home","item":"https:\/\/www.n-town.de\/glubbblog"},{"@type":"ListItem","position":2,"name":"L\u00f6w \u00fcber N\u00fcrnberg zum Beginn der Euro 2012"}]},{"@type":"Person","@id":"https:\/\/www.n-town.de\/glubbblog\/#\/schema\/person\/23822a94b519ca1de591c4492e0e104e","name":"Bomber Manolo","image":{"@type":"ImageObject","@id":"https:\/\/www.n-town.de\/glubbblog\/#personlogo","inLanguage":"de","url":"https:\/\/secure.gravatar.com\/avatar\/745e89a5226a55ce3ed5fac4a51dced8?s=96&d=mm&r=g","contentUrl":"https:\/\/secure.gravatar.com\/avatar\/745e89a5226a55ce3ed5fac4a51dced8?s=96&d=mm&r=g","caption":"Bomber Manolo"},"sameAs":["https:\/\/www.n-town.de"],"url":"https:\/\/www.n-town.de\/glubbblog\/index.php\/archives\/author\/andy"}]}},"_links":{"self":[{"href":"https:\/\/www.n-town.de\/glubbblog\/index.php\/wp-json\/wp\/v2\/posts\/3634"}],"collection":[{"href":"https:\/\/www.n-town.de\/glubbblog\/index.php\/wp-json\/wp\/v2\/posts"}],"about":[{"href":"https:\/\/www.n-town.de\/glubbblog\/index.php\/wp-json\/wp\/v2\/types\/post"}],"author":[{"embeddable":true,"href":"https:\/\/www.n-town.de\/glubbblog\/index.php\/wp-json\/wp\/v2\/users\/4"}],"replies":[{"embeddable":true,"href":"https:\/\/www.n-town.de\/glubbblog\/index.php\/wp-json\/wp\/v2\/comments?post=3634"}],"version-history":[{"count":7,"href":"https:\/\/www.n-town.de\/glubbblog\/index.php\/wp-json\/wp\/v2\/posts\/3634\/revisions"}],"predecessor-version":[{"id":3656,"href":"https:\/\/www.n-town.de\/glubbblog\/index.php\/wp-json\/wp\/v2\/posts\/3634\/revisions\/3656"}],"wp:attachment":[{"href":"https:\/\/www.n-town.de\/glubbblog\/index.php\/wp-json\/wp\/v2\/media?parent=3634"}],"wp:term":[{"taxonomy":"category","embeddable":true,"href":"https:\/\/www.n-town.de\/glubbblog\/index.php\/wp-json\/wp\/v2\/categories?post=3634"},{"taxonomy":"post_tag","embeddable":true,"href":"https:\/\/www.n-town.de\/glubbblog\/index.php\/wp-json\/wp\/v2\/tags?post=3634"}],"curies":[{"name":"wp","href":"https:\/\/api.w.org\/{rel}","templated":true}]}}