{"id":406,"date":"2008-08-05T15:26:35","date_gmt":"2008-08-05T13:26:35","guid":{"rendered":"http:\/\/www.n-town.de\/index.php\/archives\/glubb-news\/406-ivan-saenko-fcn-dynamo-kiew-transfer-club.html"},"modified":"2009-02-26T09:31:35","modified_gmt":"2009-02-26T08:31:35","slug":"ivan-saenko-fcn-dynamo-kiew-transfer-club","status":"publish","type":"post","link":"https:\/\/www.n-town.de\/glubbblog\/index.php\/archives\/glubb-news\/406-ivan-saenko-fcn-dynamo-kiew-transfer-club.html","title":{"rendered":"Saenko nun zu Dynamo Kiew?"},"content":{"rendered":"<p>Kaum war er kurz da, ist er auch schon wieder weg!<\/p>\n<p>Unser (ehemaliger) Fl\u00fcgelflitzer <strong>Ivan Saenko<\/strong> ist am Montag wieder nach Russland aufgebrochen um konkret \u00fcber seine Vertragsmodalit\u00e4ten zu verhandeln. Nachdem Spartak Moskau kein konkretes Angebot unterbreitet hat, steht Saenko nun <strong>kurz vor dem Absprung zu Dynamo Kiew<\/strong> und somit zur\u00fcck in sein Heimatland. Kurioserweise w\u00fcrde Dynamo Kiew bei einem Weiterkommen in der Champions League Qualifikation (2:1 wurde das Hinspiel gegen Drogheda United aus Irland gewonnen) gegen Spartak Moskau spielen, gegen den erkl\u00e4rten Lieblingsverein von Saenko.<br \/>\nNach Berichten des <a href=\"http:\/\/www.kicker.de\/news\/fussball\/2bundesliga\/startseite\/artikel\/381511\/\" target=\"http:\/\/www.kicker.de\/news\/fussball\/2bundesliga\/startseite\/artikel\/381511\/\">Kicker<\/a> konnten sich Dynamo Kiew und der Club bereits \u00fcber die Transfermodalit\u00e4ten einigen. Demnach sollen angeblich <strong>2,5 Millionen Euro<\/strong> f\u00fcr den vor drei Jahren aus Karlsruhe kommenden St\u00fcrmer \u00fcberwiesen werden; bei einem Einzug in die Champions League soll der Club sogar noch einen Nachschlag erhalten.<\/p>\n<p>Das ganze Hick Hack um Saenko n\u00e4hert sich somit anscheinend dem Ende und ich bin erleichtert, dass er bald weg ist! <strong>Denn meiner Meinung nach sollte man auf keinen Fall einen Spieler behalten, der eigentlich keine Lust auf die zweite Liga hat.<\/strong> <strong>Hier spart sich der Club das teure Gehalt und die Sicherheit, einen m\u00f6glichen Querspieler von dem Projekt \u201esofortiger Wiederaufstieg\u201c fern zu halten! <\/strong><\/p>\n<p>Zur Erinnerung an Saenko\u2019s besseren Zeiten, <a href=\"http:\/\/www.fcn.de\/fileadmin\/fcn\/red\/saison_06\/downloads\/audio_video\/fcn_fcb_saenko.mpg\" target=\"Tor zum 1:0 gegen die Bayern 2007\"><font color=\"#ff0000\">hier<\/font><\/a> die damalige Rundfunk\u00fcbertragung von Mathias Zeck bei seinem <strong>1:0 Treffer gegen Bayern M\u00fcnchen vom 02.02.2007<\/strong> (Endstand 3:0).<\/p>\n<p><strong>\u201c\u00d0\u00bf\u00d0\u00be\u00d0\u00ba\u00d0\u00b0 Saenko!\u201d<\/strong><\/p>\n<p><strong><u>Update<\/u><\/strong>: Passend dazu der <strong>Kommentar<\/strong> aus der <strong>AZ <\/strong>&#8220;<a href=\"http:\/\/www.supporters-club.de\/news\/index.php?action=bericht&amp;nummer=13993\" target=\"_blank\">Lieber Ivan Saenko! Als Sie 2005 zum 1.FC N\u00fcrnberg&#8230;<\/a>&#8220;<\/p>\n","protected":false},"excerpt":{"rendered":"<p>Kaum war er kurz da, ist er auch schon wieder weg! Unser (ehemaliger) Fl\u00fcgelflitzer Ivan Saenko ist am Montag wieder nach Russland aufgebrochen um konkret \u00fcber seine Vertragsmodalit\u00e4ten zu verhandeln. Nachdem Spartak Moskau kein konkretes Angebot unterbreitet hat, steht Saenko nun kurz vor dem Absprung zu Dynamo Kiew und somit zur\u00fcck in sein Heimatland. Kurioserweise [&hellip;]<\/p>\n","protected":false},"author":2,"featured_media":0,"comment_status":"open","ping_status":"open","sticky":false,"template":"","format":"standard","meta":{"spay_email":""},"categories":[10,8,6],"tags":[57],"jetpack_featured_media_url":"","yoast_head":"<!-- This site is optimized with the Yoast SEO plugin v18.3 - https:\/\/yoast.com\/wordpress\/plugins\/seo\/ -->\n<title>Saenko nun zu Dynamo Kiew? - Glubb-Blog<\/title>\n<meta name=\"robots\" content=\"index, follow, max-snippet:-1, max-image-preview:large, max-video-preview:-1\" \/>\n<link rel=\"canonical\" href=\"https:\/\/www.n-town.de\/glubbblog\/index.php\/archives\/glubb-news\/406-ivan-saenko-fcn-dynamo-kiew-transfer-club.html\" \/>\n<meta property=\"og:locale\" content=\"de_DE\" \/>\n<meta property=\"og:type\" content=\"article\" \/>\n<meta property=\"og:title\" content=\"Saenko nun zu Dynamo Kiew? - Glubb-Blog\" \/>\n<meta property=\"og:description\" content=\"Kaum war er kurz da, ist er auch schon wieder weg! Unser (ehemaliger) Fl\u00fcgelflitzer Ivan Saenko ist am Montag wieder nach Russland aufgebrochen um konkret \u00fcber seine Vertragsmodalit\u00e4ten zu verhandeln. Nachdem Spartak Moskau kein konkretes Angebot unterbreitet hat, steht Saenko nun kurz vor dem Absprung zu Dynamo Kiew und somit zur\u00fcck in sein Heimatland. Kurioserweise [&hellip;]\" \/>\n<meta property=\"og:url\" content=\"https:\/\/www.n-town.de\/glubbblog\/index.php\/archives\/glubb-news\/406-ivan-saenko-fcn-dynamo-kiew-transfer-club.html\" \/>\n<meta property=\"og:site_name\" content=\"Glubb-Blog\" \/>\n<meta property=\"article:publisher\" content=\"https:\/\/www.facebook.com\/glubbblog\" \/>\n<meta property=\"article:published_time\" content=\"2008-08-05T13:26:35+00:00\" \/>\n<meta property=\"article:modified_time\" content=\"2009-02-26T08:31:35+00:00\" \/>\n<meta property=\"og:image\" content=\"https:\/\/www.n-town.de\/glubbblog\/wp-content\/uploads\/2020\/06\/img_8003-1.jpg\" \/>\n\t<meta property=\"og:image:width\" content=\"500\" \/>\n\t<meta property=\"og:image:height\" content=\"375\" \/>\n\t<meta property=\"og:image:type\" content=\"image\/jpeg\" \/>\n<meta name=\"twitter:card\" content=\"summary\" \/>\n<meta name=\"twitter:creator\" content=\"@AMeier75\" \/>\n<meta name=\"twitter:site\" content=\"@glubb_blog_de\" \/>\n<meta name=\"twitter:label1\" content=\"Verfasst von\" \/>\n\t<meta name=\"twitter:data1\" content=\"Fahnenmeier\" \/>\n\t<meta name=\"twitter:label2\" content=\"Gesch\u00e4tzte Lesezeit\" \/>\n\t<meta name=\"twitter:data2\" content=\"1\u00a0Minute\" \/>\n<script type=\"application\/ld+json\" class=\"yoast-schema-graph\">{\"@context\":\"https:\/\/schema.org\",\"@graph\":[{\"@type\":\"WebSite\",\"@id\":\"https:\/\/www.n-town.de\/glubbblog\/#website\",\"url\":\"https:\/\/www.n-town.de\/glubbblog\/\",\"name\":\"Glubb-Blog\",\"description\":\"Clubfans bei FCN-Ausw\u00e4rtsfahrten und Groundhopping\",\"potentialAction\":[{\"@type\":\"SearchAction\",\"target\":{\"@type\":\"EntryPoint\",\"urlTemplate\":\"https:\/\/www.n-town.de\/glubbblog\/?s={search_term_string}\"},\"query-input\":\"required name=search_term_string\"}],\"inLanguage\":\"de\"},{\"@type\":\"WebPage\",\"@id\":\"https:\/\/www.n-town.de\/glubbblog\/index.php\/archives\/glubb-news\/406-ivan-saenko-fcn-dynamo-kiew-transfer-club.html#webpage\",\"url\":\"https:\/\/www.n-town.de\/glubbblog\/index.php\/archives\/glubb-news\/406-ivan-saenko-fcn-dynamo-kiew-transfer-club.html\",\"name\":\"Saenko nun zu Dynamo Kiew? - Glubb-Blog\",\"isPartOf\":{\"@id\":\"https:\/\/www.n-town.de\/glubbblog\/#website\"},\"datePublished\":\"2008-08-05T13:26:35+00:00\",\"dateModified\":\"2009-02-26T08:31:35+00:00\",\"author\":{\"@id\":\"https:\/\/www.n-town.de\/glubbblog\/#\/schema\/person\/0730f2b743465f47ecf84354eaed19f8\"},\"breadcrumb\":{\"@id\":\"https:\/\/www.n-town.de\/glubbblog\/index.php\/archives\/glubb-news\/406-ivan-saenko-fcn-dynamo-kiew-transfer-club.html#breadcrumb\"},\"inLanguage\":\"de\",\"potentialAction\":[{\"@type\":\"ReadAction\",\"target\":[\"https:\/\/www.n-town.de\/glubbblog\/index.php\/archives\/glubb-news\/406-ivan-saenko-fcn-dynamo-kiew-transfer-club.html\"]}]},{\"@type\":\"BreadcrumbList\",\"@id\":\"https:\/\/www.n-town.de\/glubbblog\/index.php\/archives\/glubb-news\/406-ivan-saenko-fcn-dynamo-kiew-transfer-club.html#breadcrumb\",\"itemListElement\":[{\"@type\":\"ListItem\",\"position\":1,\"name\":\"Home\",\"item\":\"https:\/\/www.n-town.de\/glubbblog\"},{\"@type\":\"ListItem\",\"position\":2,\"name\":\"Saenko nun zu Dynamo Kiew?\"}]},{\"@type\":\"Person\",\"@id\":\"https:\/\/www.n-town.de\/glubbblog\/#\/schema\/person\/0730f2b743465f47ecf84354eaed19f8\",\"name\":\"Fahnenmeier\",\"image\":{\"@type\":\"ImageObject\",\"@id\":\"https:\/\/www.n-town.de\/glubbblog\/#personlogo\",\"inLanguage\":\"de\",\"url\":\"https:\/\/secure.gravatar.com\/avatar\/2f80f346ba6600e950290ffeb48c6936?s=96&d=mm&r=g\",\"contentUrl\":\"https:\/\/secure.gravatar.com\/avatar\/2f80f346ba6600e950290ffeb48c6936?s=96&d=mm&r=g\",\"caption\":\"Fahnenmeier\"},\"sameAs\":[\"http:\/\/www.glubb-blog.de\",\"https:\/\/twitter.com\/AMeier75\"],\"url\":\"https:\/\/www.n-town.de\/glubbblog\/index.php\/archives\/author\/fahnenmeier\"}]}<\/script>\n<!-- \/ Yoast SEO plugin. -->","yoast_head_json":{"title":"Saenko nun zu Dynamo Kiew? - Glubb-Blog","robots":{"index":"index","follow":"follow","max-snippet":"max-snippet:-1","max-image-preview":"max-image-preview:large","max-video-preview":"max-video-preview:-1"},"canonical":"https:\/\/www.n-town.de\/glubbblog\/index.php\/archives\/glubb-news\/406-ivan-saenko-fcn-dynamo-kiew-transfer-club.html","og_locale":"de_DE","og_type":"article","og_title":"Saenko nun zu Dynamo Kiew? - Glubb-Blog","og_description":"Kaum war er kurz da, ist er auch schon wieder weg! Unser (ehemaliger) Fl\u00fcgelflitzer Ivan Saenko ist am Montag wieder nach Russland aufgebrochen um konkret \u00fcber seine Vertragsmodalit\u00e4ten zu verhandeln. Nachdem Spartak Moskau kein konkretes Angebot unterbreitet hat, steht Saenko nun kurz vor dem Absprung zu Dynamo Kiew und somit zur\u00fcck in sein Heimatland. Kurioserweise [&hellip;]","og_url":"https:\/\/www.n-town.de\/glubbblog\/index.php\/archives\/glubb-news\/406-ivan-saenko-fcn-dynamo-kiew-transfer-club.html","og_site_name":"Glubb-Blog","article_publisher":"https:\/\/www.facebook.com\/glubbblog","article_published_time":"2008-08-05T13:26:35+00:00","article_modified_time":"2009-02-26T08:31:35+00:00","og_image":[{"width":500,"height":375,"url":"https:\/\/www.n-town.de\/glubbblog\/wp-content\/uploads\/2020\/06\/img_8003-1.jpg","type":"image\/jpeg"}],"twitter_card":"summary","twitter_creator":"@AMeier75","twitter_site":"@glubb_blog_de","twitter_misc":{"Verfasst von":"Fahnenmeier","Gesch\u00e4tzte Lesezeit":"1\u00a0Minute"},"schema":{"@context":"https:\/\/schema.org","@graph":[{"@type":"WebSite","@id":"https:\/\/www.n-town.de\/glubbblog\/#website","url":"https:\/\/www.n-town.de\/glubbblog\/","name":"Glubb-Blog","description":"Clubfans bei FCN-Ausw\u00e4rtsfahrten und Groundhopping","potentialAction":[{"@type":"SearchAction","target":{"@type":"EntryPoint","urlTemplate":"https:\/\/www.n-town.de\/glubbblog\/?s={search_term_string}"},"query-input":"required name=search_term_string"}],"inLanguage":"de"},{"@type":"WebPage","@id":"https:\/\/www.n-town.de\/glubbblog\/index.php\/archives\/glubb-news\/406-ivan-saenko-fcn-dynamo-kiew-transfer-club.html#webpage","url":"https:\/\/www.n-town.de\/glubbblog\/index.php\/archives\/glubb-news\/406-ivan-saenko-fcn-dynamo-kiew-transfer-club.html","name":"Saenko nun zu Dynamo Kiew? - Glubb-Blog","isPartOf":{"@id":"https:\/\/www.n-town.de\/glubbblog\/#website"},"datePublished":"2008-08-05T13:26:35+00:00","dateModified":"2009-02-26T08:31:35+00:00","author":{"@id":"https:\/\/www.n-town.de\/glubbblog\/#\/schema\/person\/0730f2b743465f47ecf84354eaed19f8"},"breadcrumb":{"@id":"https:\/\/www.n-town.de\/glubbblog\/index.php\/archives\/glubb-news\/406-ivan-saenko-fcn-dynamo-kiew-transfer-club.html#breadcrumb"},"inLanguage":"de","potentialAction":[{"@type":"ReadAction","target":["https:\/\/www.n-town.de\/glubbblog\/index.php\/archives\/glubb-news\/406-ivan-saenko-fcn-dynamo-kiew-transfer-club.html"]}]},{"@type":"BreadcrumbList","@id":"https:\/\/www.n-town.de\/glubbblog\/index.php\/archives\/glubb-news\/406-ivan-saenko-fcn-dynamo-kiew-transfer-club.html#breadcrumb","itemListElement":[{"@type":"ListItem","position":1,"name":"Home","item":"https:\/\/www.n-town.de\/glubbblog"},{"@type":"ListItem","position":2,"name":"Saenko nun zu Dynamo Kiew?"}]},{"@type":"Person","@id":"https:\/\/www.n-town.de\/glubbblog\/#\/schema\/person\/0730f2b743465f47ecf84354eaed19f8","name":"Fahnenmeier","image":{"@type":"ImageObject","@id":"https:\/\/www.n-town.de\/glubbblog\/#personlogo","inLanguage":"de","url":"https:\/\/secure.gravatar.com\/avatar\/2f80f346ba6600e950290ffeb48c6936?s=96&d=mm&r=g","contentUrl":"https:\/\/secure.gravatar.com\/avatar\/2f80f346ba6600e950290ffeb48c6936?s=96&d=mm&r=g","caption":"Fahnenmeier"},"sameAs":["http:\/\/www.glubb-blog.de","https:\/\/twitter.com\/AMeier75"],"url":"https:\/\/www.n-town.de\/glubbblog\/index.php\/archives\/author\/fahnenmeier"}]}},"_links":{"self":[{"href":"https:\/\/www.n-town.de\/glubbblog\/index.php\/wp-json\/wp\/v2\/posts\/406"}],"collection":[{"href":"https:\/\/www.n-town.de\/glubbblog\/index.php\/wp-json\/wp\/v2\/posts"}],"about":[{"href":"https:\/\/www.n-town.de\/glubbblog\/index.php\/wp-json\/wp\/v2\/types\/post"}],"author":[{"embeddable":true,"href":"https:\/\/www.n-town.de\/glubbblog\/index.php\/wp-json\/wp\/v2\/users\/2"}],"replies":[{"embeddable":true,"href":"https:\/\/www.n-town.de\/glubbblog\/index.php\/wp-json\/wp\/v2\/comments?post=406"}],"version-history":[{"count":0,"href":"https:\/\/www.n-town.de\/glubbblog\/index.php\/wp-json\/wp\/v2\/posts\/406\/revisions"}],"wp:attachment":[{"href":"https:\/\/www.n-town.de\/glubbblog\/index.php\/wp-json\/wp\/v2\/media?parent=406"}],"wp:term":[{"taxonomy":"category","embeddable":true,"href":"https:\/\/www.n-town.de\/glubbblog\/index.php\/wp-json\/wp\/v2\/categories?post=406"},{"taxonomy":"post_tag","embeddable":true,"href":"https:\/\/www.n-town.de\/glubbblog\/index.php\/wp-json\/wp\/v2\/tags?post=406"}],"curies":[{"name":"wp","href":"https:\/\/api.w.org\/{rel}","templated":true}]}}