{"id":430,"date":"2008-09-02T23:07:38","date_gmt":"2008-09-02T21:07:38","guid":{"rendered":"http:\/\/www.n-town.de\/glubbblog\/index.php\/archives\/bundesliga\/430-oliver-kahn-tritt-ab.html"},"modified":"2021-04-22T14:46:38","modified_gmt":"2021-04-22T12:46:38","slug":"oliver-kahn-tritt-ab","status":"publish","type":"post","link":"https:\/\/www.n-town.de\/glubbblog\/index.php\/archives\/bundesliga\/430-oliver-kahn-tritt-ab.html","title":{"rendered":"Oliver Kahn tritt ab"},"content":{"rendered":"<p>Ohne Zweifel ein <strong>ganz gro\u00dfer des Fussballs<\/strong>: Torwart Oliver Kahn gab heute nach 140 Europapokaleins\u00e4tzen, 557 Liga-Partien und 86 L\u00e4nderspielen sein Abschiedspiel. <a href=\"http:\/\/james.adbutler.de\/click.php?pid=12041&amp;tid=3925&amp;bid=89438\" target=\"_blank\" rel=\"noopener\">n-tv.de<img loading=\"lazy\" src=\"http:\/\/james.adbutler.de\/view.php?pid=12041&amp;tid=3925&amp;bid=89438&amp;b=0&amp;h=0&amp;inv=zp\" alt=\"\" width=\"0\" height=\"0\" border=\"0\" \/><\/a> hat extra ein paar <strong>Stilbl\u00fcten <\/strong>von ihm ver\u00f6ffentlicht:<\/p>\n<blockquote><p><strong><em>&#8220;Das einzige Tier bei uns zu Hause bin ich.&#8221;<\/em><\/strong><\/p>\n<p><strong><em>&#8220;Ich habe kein Problem damit, der Arsch zu sein.&#8221;<\/em><\/strong><\/p><\/blockquote>\n<p>Und wenn ich letzteres Zitat nehme, dann muss ich sagen, er war auch da ein <strong>ganz gro\u00dfes<\/strong>! Aber wohl <strong>(einer) der erfolgreichste(n) Torh\u00fcter<\/strong> in Deutschland!<\/p>\n<p>Ich pers\u00f6nlich werde ihn wirklich vermissen! Denn was immer in der Nordkurve abgegangen ist, wenn er vor uns im Tor stand, war auch <strong>ganz gro\u00df<\/strong>! \ud83d\ude09<\/p>\n<p>Er hat mal zur BILD gesagt, dass er &#8220;froh ist&#8221;, dass &#8220;endlich alles vorbei ist&#8221;! Oli, wir auch, wir auch!<\/p>\n<p>Alles Gute Oli und bitte bleib beim <strong>Golfspielen<\/strong>!<\/p>\n<p><strong>Quelle <a href=\"http:\/\/james.adbutler.de\/click.php?pid=12041&amp;tid=3925&amp;bid=89438\" target=\"_blank\" rel=\"noopener\">www.n-tv.de<img loading=\"lazy\" src=\"http:\/\/james.adbutler.de\/view.php?pid=12041&amp;tid=3925&amp;bid=89438&amp;b=0&amp;h=0&amp;inv=zp\" alt=\"\" width=\"0\" height=\"0\" border=\"0\" \/><\/a><\/strong><\/p>\n","protected":false},"excerpt":{"rendered":"<p>Ohne Zweifel ein ganz gro\u00dfer des Fussballs: Torwart Oliver Kahn gab heute nach 140 Europapokaleins\u00e4tzen, 557 Liga-Partien und 86 L\u00e4nderspielen sein Abschiedspiel. n-tv.de hat extra ein paar Stilbl\u00fcten von ihm ver\u00f6ffentlicht: &#8220;Das einzige Tier bei uns zu Hause bin ich.&#8221; &#8220;Ich habe kein Problem damit, der Arsch zu sein.&#8221; Und wenn ich letzteres Zitat nehme, [&hellip;]<\/p>\n","protected":false},"author":4,"featured_media":0,"comment_status":"open","ping_status":"open","sticky":false,"template":"","format":"standard","meta":{"spay_email":""},"categories":[10],"tags":[334,343],"jetpack_featured_media_url":"","yoast_head":"<!-- This site is optimized with the Yoast SEO plugin v18.3 - https:\/\/yoast.com\/wordpress\/plugins\/seo\/ -->\n<title>Oliver Kahn tritt ab - Glubb-Blog<\/title>\n<meta name=\"robots\" content=\"index, follow, max-snippet:-1, max-image-preview:large, max-video-preview:-1\" \/>\n<link rel=\"canonical\" href=\"https:\/\/www.n-town.de\/glubbblog\/index.php\/archives\/bundesliga\/430-oliver-kahn-tritt-ab.html\" \/>\n<meta property=\"og:locale\" content=\"de_DE\" \/>\n<meta property=\"og:type\" content=\"article\" \/>\n<meta property=\"og:title\" content=\"Oliver Kahn tritt ab - Glubb-Blog\" \/>\n<meta property=\"og:description\" content=\"Ohne Zweifel ein ganz gro\u00dfer des Fussballs: Torwart Oliver Kahn gab heute nach 140 Europapokaleins\u00e4tzen, 557 Liga-Partien und 86 L\u00e4nderspielen sein Abschiedspiel. n-tv.de hat extra ein paar Stilbl\u00fcten von ihm ver\u00f6ffentlicht: &#8220;Das einzige Tier bei uns zu Hause bin ich.&#8221; &#8220;Ich habe kein Problem damit, der Arsch zu sein.&#8221; Und wenn ich letzteres Zitat nehme, [&hellip;]\" \/>\n<meta property=\"og:url\" content=\"https:\/\/www.n-town.de\/glubbblog\/index.php\/archives\/bundesliga\/430-oliver-kahn-tritt-ab.html\" \/>\n<meta property=\"og:site_name\" content=\"Glubb-Blog\" \/>\n<meta property=\"article:publisher\" content=\"https:\/\/www.facebook.com\/glubbblog\" \/>\n<meta property=\"article:published_time\" content=\"2008-09-02T21:07:38+00:00\" \/>\n<meta property=\"article:modified_time\" content=\"2021-04-22T12:46:38+00:00\" \/>\n<meta property=\"og:image\" content=\"http:\/\/james.adbutler.de\/view.php?pid=12041&#038;tid=3925&#038;bid=89438&#038;b=0&#038;h=0&#038;inv=zp\" \/>\n<meta name=\"twitter:card\" content=\"summary\" \/>\n<meta name=\"twitter:creator\" content=\"@glubb_blog_de\" \/>\n<meta name=\"twitter:site\" content=\"@glubb_blog_de\" \/>\n<meta name=\"twitter:label1\" content=\"Verfasst von\" \/>\n\t<meta name=\"twitter:data1\" content=\"Bomber Manolo\" \/>\n\t<meta name=\"twitter:label2\" content=\"Gesch\u00e4tzte Lesezeit\" \/>\n\t<meta name=\"twitter:data2\" content=\"1\u00a0Minute\" \/>\n<script type=\"application\/ld+json\" class=\"yoast-schema-graph\">{\"@context\":\"https:\/\/schema.org\",\"@graph\":[{\"@type\":\"WebSite\",\"@id\":\"https:\/\/www.n-town.de\/glubbblog\/#website\",\"url\":\"https:\/\/www.n-town.de\/glubbblog\/\",\"name\":\"Glubb-Blog\",\"description\":\"Clubfans bei FCN-Ausw\u00e4rtsfahrten und Groundhopping\",\"potentialAction\":[{\"@type\":\"SearchAction\",\"target\":{\"@type\":\"EntryPoint\",\"urlTemplate\":\"https:\/\/www.n-town.de\/glubbblog\/?s={search_term_string}\"},\"query-input\":\"required name=search_term_string\"}],\"inLanguage\":\"de\"},{\"@type\":\"ImageObject\",\"@id\":\"https:\/\/www.n-town.de\/glubbblog\/index.php\/archives\/bundesliga\/430-oliver-kahn-tritt-ab.html#primaryimage\",\"inLanguage\":\"de\",\"url\":\"http:\/\/james.adbutler.de\/view.php?pid=12041&amp;tid=3925&amp;bid=89438&amp;b=0&amp;h=0&amp;inv=zp\",\"contentUrl\":\"http:\/\/james.adbutler.de\/view.php?pid=12041&amp;tid=3925&amp;bid=89438&amp;b=0&amp;h=0&amp;inv=zp\"},{\"@type\":\"WebPage\",\"@id\":\"https:\/\/www.n-town.de\/glubbblog\/index.php\/archives\/bundesliga\/430-oliver-kahn-tritt-ab.html#webpage\",\"url\":\"https:\/\/www.n-town.de\/glubbblog\/index.php\/archives\/bundesliga\/430-oliver-kahn-tritt-ab.html\",\"name\":\"Oliver Kahn tritt ab - Glubb-Blog\",\"isPartOf\":{\"@id\":\"https:\/\/www.n-town.de\/glubbblog\/#website\"},\"primaryImageOfPage\":{\"@id\":\"https:\/\/www.n-town.de\/glubbblog\/index.php\/archives\/bundesliga\/430-oliver-kahn-tritt-ab.html#primaryimage\"},\"datePublished\":\"2008-09-02T21:07:38+00:00\",\"dateModified\":\"2021-04-22T12:46:38+00:00\",\"author\":{\"@id\":\"https:\/\/www.n-town.de\/glubbblog\/#\/schema\/person\/23822a94b519ca1de591c4492e0e104e\"},\"breadcrumb\":{\"@id\":\"https:\/\/www.n-town.de\/glubbblog\/index.php\/archives\/bundesliga\/430-oliver-kahn-tritt-ab.html#breadcrumb\"},\"inLanguage\":\"de\",\"potentialAction\":[{\"@type\":\"ReadAction\",\"target\":[\"https:\/\/www.n-town.de\/glubbblog\/index.php\/archives\/bundesliga\/430-oliver-kahn-tritt-ab.html\"]}]},{\"@type\":\"BreadcrumbList\",\"@id\":\"https:\/\/www.n-town.de\/glubbblog\/index.php\/archives\/bundesliga\/430-oliver-kahn-tritt-ab.html#breadcrumb\",\"itemListElement\":[{\"@type\":\"ListItem\",\"position\":1,\"name\":\"Home\",\"item\":\"https:\/\/www.n-town.de\/glubbblog\"},{\"@type\":\"ListItem\",\"position\":2,\"name\":\"Oliver Kahn tritt ab\"}]},{\"@type\":\"Person\",\"@id\":\"https:\/\/www.n-town.de\/glubbblog\/#\/schema\/person\/23822a94b519ca1de591c4492e0e104e\",\"name\":\"Bomber Manolo\",\"image\":{\"@type\":\"ImageObject\",\"@id\":\"https:\/\/www.n-town.de\/glubbblog\/#personlogo\",\"inLanguage\":\"de\",\"url\":\"https:\/\/secure.gravatar.com\/avatar\/745e89a5226a55ce3ed5fac4a51dced8?s=96&d=mm&r=g\",\"contentUrl\":\"https:\/\/secure.gravatar.com\/avatar\/745e89a5226a55ce3ed5fac4a51dced8?s=96&d=mm&r=g\",\"caption\":\"Bomber Manolo\"},\"sameAs\":[\"https:\/\/www.n-town.de\"],\"url\":\"https:\/\/www.n-town.de\/glubbblog\/index.php\/archives\/author\/andy\"}]}<\/script>\n<!-- \/ Yoast SEO plugin. -->","yoast_head_json":{"title":"Oliver Kahn tritt ab - Glubb-Blog","robots":{"index":"index","follow":"follow","max-snippet":"max-snippet:-1","max-image-preview":"max-image-preview:large","max-video-preview":"max-video-preview:-1"},"canonical":"https:\/\/www.n-town.de\/glubbblog\/index.php\/archives\/bundesliga\/430-oliver-kahn-tritt-ab.html","og_locale":"de_DE","og_type":"article","og_title":"Oliver Kahn tritt ab - Glubb-Blog","og_description":"Ohne Zweifel ein ganz gro\u00dfer des Fussballs: Torwart Oliver Kahn gab heute nach 140 Europapokaleins\u00e4tzen, 557 Liga-Partien und 86 L\u00e4nderspielen sein Abschiedspiel. n-tv.de hat extra ein paar Stilbl\u00fcten von ihm ver\u00f6ffentlicht: &#8220;Das einzige Tier bei uns zu Hause bin ich.&#8221; &#8220;Ich habe kein Problem damit, der Arsch zu sein.&#8221; Und wenn ich letzteres Zitat nehme, [&hellip;]","og_url":"https:\/\/www.n-town.de\/glubbblog\/index.php\/archives\/bundesliga\/430-oliver-kahn-tritt-ab.html","og_site_name":"Glubb-Blog","article_publisher":"https:\/\/www.facebook.com\/glubbblog","article_published_time":"2008-09-02T21:07:38+00:00","article_modified_time":"2021-04-22T12:46:38+00:00","og_image":[{"url":"http:\/\/james.adbutler.de\/view.php?pid=12041&amp;tid=3925&amp;bid=89438&amp;b=0&amp;h=0&amp;inv=zp"}],"twitter_card":"summary","twitter_creator":"@glubb_blog_de","twitter_site":"@glubb_blog_de","twitter_misc":{"Verfasst von":"Bomber Manolo","Gesch\u00e4tzte Lesezeit":"1\u00a0Minute"},"schema":{"@context":"https:\/\/schema.org","@graph":[{"@type":"WebSite","@id":"https:\/\/www.n-town.de\/glubbblog\/#website","url":"https:\/\/www.n-town.de\/glubbblog\/","name":"Glubb-Blog","description":"Clubfans bei FCN-Ausw\u00e4rtsfahrten und Groundhopping","potentialAction":[{"@type":"SearchAction","target":{"@type":"EntryPoint","urlTemplate":"https:\/\/www.n-town.de\/glubbblog\/?s={search_term_string}"},"query-input":"required name=search_term_string"}],"inLanguage":"de"},{"@type":"ImageObject","@id":"https:\/\/www.n-town.de\/glubbblog\/index.php\/archives\/bundesliga\/430-oliver-kahn-tritt-ab.html#primaryimage","inLanguage":"de","url":"http:\/\/james.adbutler.de\/view.php?pid=12041&amp;tid=3925&amp;bid=89438&amp;b=0&amp;h=0&amp;inv=zp","contentUrl":"http:\/\/james.adbutler.de\/view.php?pid=12041&amp;tid=3925&amp;bid=89438&amp;b=0&amp;h=0&amp;inv=zp"},{"@type":"WebPage","@id":"https:\/\/www.n-town.de\/glubbblog\/index.php\/archives\/bundesliga\/430-oliver-kahn-tritt-ab.html#webpage","url":"https:\/\/www.n-town.de\/glubbblog\/index.php\/archives\/bundesliga\/430-oliver-kahn-tritt-ab.html","name":"Oliver Kahn tritt ab - Glubb-Blog","isPartOf":{"@id":"https:\/\/www.n-town.de\/glubbblog\/#website"},"primaryImageOfPage":{"@id":"https:\/\/www.n-town.de\/glubbblog\/index.php\/archives\/bundesliga\/430-oliver-kahn-tritt-ab.html#primaryimage"},"datePublished":"2008-09-02T21:07:38+00:00","dateModified":"2021-04-22T12:46:38+00:00","author":{"@id":"https:\/\/www.n-town.de\/glubbblog\/#\/schema\/person\/23822a94b519ca1de591c4492e0e104e"},"breadcrumb":{"@id":"https:\/\/www.n-town.de\/glubbblog\/index.php\/archives\/bundesliga\/430-oliver-kahn-tritt-ab.html#breadcrumb"},"inLanguage":"de","potentialAction":[{"@type":"ReadAction","target":["https:\/\/www.n-town.de\/glubbblog\/index.php\/archives\/bundesliga\/430-oliver-kahn-tritt-ab.html"]}]},{"@type":"BreadcrumbList","@id":"https:\/\/www.n-town.de\/glubbblog\/index.php\/archives\/bundesliga\/430-oliver-kahn-tritt-ab.html#breadcrumb","itemListElement":[{"@type":"ListItem","position":1,"name":"Home","item":"https:\/\/www.n-town.de\/glubbblog"},{"@type":"ListItem","position":2,"name":"Oliver Kahn tritt ab"}]},{"@type":"Person","@id":"https:\/\/www.n-town.de\/glubbblog\/#\/schema\/person\/23822a94b519ca1de591c4492e0e104e","name":"Bomber Manolo","image":{"@type":"ImageObject","@id":"https:\/\/www.n-town.de\/glubbblog\/#personlogo","inLanguage":"de","url":"https:\/\/secure.gravatar.com\/avatar\/745e89a5226a55ce3ed5fac4a51dced8?s=96&d=mm&r=g","contentUrl":"https:\/\/secure.gravatar.com\/avatar\/745e89a5226a55ce3ed5fac4a51dced8?s=96&d=mm&r=g","caption":"Bomber Manolo"},"sameAs":["https:\/\/www.n-town.de"],"url":"https:\/\/www.n-town.de\/glubbblog\/index.php\/archives\/author\/andy"}]}},"_links":{"self":[{"href":"https:\/\/www.n-town.de\/glubbblog\/index.php\/wp-json\/wp\/v2\/posts\/430"}],"collection":[{"href":"https:\/\/www.n-town.de\/glubbblog\/index.php\/wp-json\/wp\/v2\/posts"}],"about":[{"href":"https:\/\/www.n-town.de\/glubbblog\/index.php\/wp-json\/wp\/v2\/types\/post"}],"author":[{"embeddable":true,"href":"https:\/\/www.n-town.de\/glubbblog\/index.php\/wp-json\/wp\/v2\/users\/4"}],"replies":[{"embeddable":true,"href":"https:\/\/www.n-town.de\/glubbblog\/index.php\/wp-json\/wp\/v2\/comments?post=430"}],"version-history":[{"count":2,"href":"https:\/\/www.n-town.de\/glubbblog\/index.php\/wp-json\/wp\/v2\/posts\/430\/revisions"}],"predecessor-version":[{"id":10223,"href":"https:\/\/www.n-town.de\/glubbblog\/index.php\/wp-json\/wp\/v2\/posts\/430\/revisions\/10223"}],"wp:attachment":[{"href":"https:\/\/www.n-town.de\/glubbblog\/index.php\/wp-json\/wp\/v2\/media?parent=430"}],"wp:term":[{"taxonomy":"category","embeddable":true,"href":"https:\/\/www.n-town.de\/glubbblog\/index.php\/wp-json\/wp\/v2\/categories?post=430"},{"taxonomy":"post_tag","embeddable":true,"href":"https:\/\/www.n-town.de\/glubbblog\/index.php\/wp-json\/wp\/v2\/tags?post=430"}],"curies":[{"name":"wp","href":"https:\/\/api.w.org\/{rel}","templated":true}]}}