{"id":507,"date":"2009-02-12T14:42:12","date_gmt":"2009-02-12T13:42:12","guid":{"rendered":"http:\/\/www.n-town.de\/glubbblog\/index.php\/archives\/allgemein\/507-heute-vor-einem-jahr.html"},"modified":"2011-05-17T11:00:16","modified_gmt":"2011-05-17T09:00:16","slug":"heute-vor-einem-jahr","status":"publish","type":"post","link":"https:\/\/www.n-town.de\/glubbblog\/index.php\/archives\/glubb-auswaertsfahrt\/507-heute-vor-einem-jahr.html","title":{"rendered":"Heute vor einem Jahr &#8230;"},"content":{"rendered":"<p><strong>Donnerstag, der 14.02.2008 &#8230; Lissabon &#8230; im Stadio da Luz &#8230; gegen Benfica &#8230; im &#8220;Sechzehntelfinale&#8221; des UEFA-Pokals!<\/strong><\/p>\n<p>Genau<strong> ein Jahr<\/strong> ist dieses Ereignis nun her und es war unsere <strong>letzte Ausw\u00e4rtsfahrt auf internationaler B\u00fchne<\/strong>! Rund <strong>5.000 Clubfans<\/strong> haben f\u00fcr diesen Trip nach Portugal ihre letzten Ersparnisse zusammengekratzt.<\/p>\n<p><strong>Unser dortiger Support war wohl das Beste<\/strong> was wir jemals zustande bekommen haben und bis auf den Polizeieinsatz im Stadion war dies trotz der ungl\u00fccklichen Niederlage ein <strong>unvergesslicher Tag<\/strong>!<br \/>\nF\u00fcr die Fans, die mit ein bisschen <strong>Wehmut<\/strong> an diesen Tag zur\u00fcckdenken, empfehle ich <a title=\"vor einem Jahr ...\" href=\"https:\/\/www.n-town.de\/glubbblog\/index.php\/archives\/uefa-cup-ui-cup\/300-bilder-vom-01-gegen-benfica-lissabon-im-estadio-da-luz.html\" target=\"_blank\"><strong>dies<\/strong><\/a>.<\/p>\n<p>Und f\u00fcr die Fans, die wie ich daran glauben, dass wir irgendwann wieder den <strong>Europapokal Song <\/strong>singen d\u00fcrfen, empfehle ich <a title=\"Der Europapokal-Song\" href=\"https:\/\/www.n-town.de\/glubbblog\/index.php\/archives\/allgemein\/39-erste-runde-bukarest-zweite-runde-rom-in-kopenhagen-schellt-das-telefon.html\" target=\"_blank\"><strong>dies<\/strong><\/a>!<\/p>\n<p><em>Wir kommen wieder Lissabon! Ganz sicher! <\/em><\/p>\n","protected":false},"excerpt":{"rendered":"<p>Donnerstag, der 14.02.2008 &#8230; Lissabon &#8230; im Stadio da Luz &#8230; gegen Benfica &#8230; im &#8220;Sechzehntelfinale&#8221; des UEFA-Pokals! Genau ein Jahr ist dieses Ereignis nun her und es war unsere letzte Ausw\u00e4rtsfahrt auf internationaler B\u00fchne! Rund 5.000 Clubfans haben f\u00fcr diesen Trip nach Portugal ihre letzten Ersparnisse zusammengekratzt. Unser dortiger Support war wohl das Beste [&hellip;]<\/p>\n","protected":false},"author":2,"featured_media":0,"comment_status":"open","ping_status":"open","sticky":false,"template":"","format":"standard","meta":{"spay_email":""},"categories":[127,7,9],"tags":[93,101,73],"jetpack_featured_media_url":"","yoast_head":"<!-- This site is optimized with the Yoast SEO plugin v18.3 - https:\/\/yoast.com\/wordpress\/plugins\/seo\/ -->\n<title>Heute vor einem Jahr ... - Glubb-Blog<\/title>\n<meta name=\"robots\" content=\"index, follow, max-snippet:-1, max-image-preview:large, max-video-preview:-1\" \/>\n<link rel=\"canonical\" href=\"https:\/\/www.n-town.de\/glubbblog\/index.php\/archives\/glubb-auswaertsfahrt\/507-heute-vor-einem-jahr.html\" \/>\n<meta property=\"og:locale\" content=\"de_DE\" \/>\n<meta property=\"og:type\" content=\"article\" \/>\n<meta property=\"og:title\" content=\"Heute vor einem Jahr ... - Glubb-Blog\" \/>\n<meta property=\"og:description\" content=\"Donnerstag, der 14.02.2008 &#8230; Lissabon &#8230; im Stadio da Luz &#8230; gegen Benfica &#8230; im &#8220;Sechzehntelfinale&#8221; des UEFA-Pokals! Genau ein Jahr ist dieses Ereignis nun her und es war unsere letzte Ausw\u00e4rtsfahrt auf internationaler B\u00fchne! Rund 5.000 Clubfans haben f\u00fcr diesen Trip nach Portugal ihre letzten Ersparnisse zusammengekratzt. Unser dortiger Support war wohl das Beste [&hellip;]\" \/>\n<meta property=\"og:url\" content=\"https:\/\/www.n-town.de\/glubbblog\/index.php\/archives\/glubb-auswaertsfahrt\/507-heute-vor-einem-jahr.html\" \/>\n<meta property=\"og:site_name\" content=\"Glubb-Blog\" \/>\n<meta property=\"article:publisher\" content=\"https:\/\/www.facebook.com\/glubbblog\" \/>\n<meta property=\"article:published_time\" content=\"2009-02-12T13:42:12+00:00\" \/>\n<meta property=\"article:modified_time\" content=\"2011-05-17T09:00:16+00:00\" \/>\n<meta property=\"og:image\" content=\"https:\/\/www.n-town.de\/glubbblog\/wp-content\/uploads\/2020\/06\/img_8003-1.jpg\" \/>\n\t<meta property=\"og:image:width\" content=\"500\" \/>\n\t<meta property=\"og:image:height\" content=\"375\" \/>\n\t<meta property=\"og:image:type\" content=\"image\/jpeg\" \/>\n<meta name=\"twitter:card\" content=\"summary\" \/>\n<meta name=\"twitter:creator\" content=\"@AMeier75\" \/>\n<meta name=\"twitter:site\" content=\"@glubb_blog_de\" \/>\n<meta name=\"twitter:label1\" content=\"Verfasst von\" \/>\n\t<meta name=\"twitter:data1\" content=\"Fahnenmeier\" \/>\n\t<meta name=\"twitter:label2\" content=\"Gesch\u00e4tzte Lesezeit\" \/>\n\t<meta name=\"twitter:data2\" content=\"1\u00a0Minute\" \/>\n<script type=\"application\/ld+json\" class=\"yoast-schema-graph\">{\"@context\":\"https:\/\/schema.org\",\"@graph\":[{\"@type\":\"WebSite\",\"@id\":\"https:\/\/www.n-town.de\/glubbblog\/#website\",\"url\":\"https:\/\/www.n-town.de\/glubbblog\/\",\"name\":\"Glubb-Blog\",\"description\":\"Clubfans bei FCN-Ausw\u00e4rtsfahrten und Groundhopping\",\"potentialAction\":[{\"@type\":\"SearchAction\",\"target\":{\"@type\":\"EntryPoint\",\"urlTemplate\":\"https:\/\/www.n-town.de\/glubbblog\/?s={search_term_string}\"},\"query-input\":\"required name=search_term_string\"}],\"inLanguage\":\"de\"},{\"@type\":\"WebPage\",\"@id\":\"https:\/\/www.n-town.de\/glubbblog\/index.php\/archives\/glubb-auswaertsfahrt\/507-heute-vor-einem-jahr.html#webpage\",\"url\":\"https:\/\/www.n-town.de\/glubbblog\/index.php\/archives\/glubb-auswaertsfahrt\/507-heute-vor-einem-jahr.html\",\"name\":\"Heute vor einem Jahr ... - Glubb-Blog\",\"isPartOf\":{\"@id\":\"https:\/\/www.n-town.de\/glubbblog\/#website\"},\"datePublished\":\"2009-02-12T13:42:12+00:00\",\"dateModified\":\"2011-05-17T09:00:16+00:00\",\"author\":{\"@id\":\"https:\/\/www.n-town.de\/glubbblog\/#\/schema\/person\/0730f2b743465f47ecf84354eaed19f8\"},\"breadcrumb\":{\"@id\":\"https:\/\/www.n-town.de\/glubbblog\/index.php\/archives\/glubb-auswaertsfahrt\/507-heute-vor-einem-jahr.html#breadcrumb\"},\"inLanguage\":\"de\",\"potentialAction\":[{\"@type\":\"ReadAction\",\"target\":[\"https:\/\/www.n-town.de\/glubbblog\/index.php\/archives\/glubb-auswaertsfahrt\/507-heute-vor-einem-jahr.html\"]}]},{\"@type\":\"BreadcrumbList\",\"@id\":\"https:\/\/www.n-town.de\/glubbblog\/index.php\/archives\/glubb-auswaertsfahrt\/507-heute-vor-einem-jahr.html#breadcrumb\",\"itemListElement\":[{\"@type\":\"ListItem\",\"position\":1,\"name\":\"Home\",\"item\":\"https:\/\/www.n-town.de\/glubbblog\"},{\"@type\":\"ListItem\",\"position\":2,\"name\":\"Heute vor einem Jahr &#8230;\"}]},{\"@type\":\"Person\",\"@id\":\"https:\/\/www.n-town.de\/glubbblog\/#\/schema\/person\/0730f2b743465f47ecf84354eaed19f8\",\"name\":\"Fahnenmeier\",\"image\":{\"@type\":\"ImageObject\",\"@id\":\"https:\/\/www.n-town.de\/glubbblog\/#personlogo\",\"inLanguage\":\"de\",\"url\":\"https:\/\/secure.gravatar.com\/avatar\/2f80f346ba6600e950290ffeb48c6936?s=96&d=mm&r=g\",\"contentUrl\":\"https:\/\/secure.gravatar.com\/avatar\/2f80f346ba6600e950290ffeb48c6936?s=96&d=mm&r=g\",\"caption\":\"Fahnenmeier\"},\"sameAs\":[\"http:\/\/www.glubb-blog.de\",\"https:\/\/twitter.com\/AMeier75\"],\"url\":\"https:\/\/www.n-town.de\/glubbblog\/index.php\/archives\/author\/fahnenmeier\"}]}<\/script>\n<!-- \/ Yoast SEO plugin. -->","yoast_head_json":{"title":"Heute vor einem Jahr ... - Glubb-Blog","robots":{"index":"index","follow":"follow","max-snippet":"max-snippet:-1","max-image-preview":"max-image-preview:large","max-video-preview":"max-video-preview:-1"},"canonical":"https:\/\/www.n-town.de\/glubbblog\/index.php\/archives\/glubb-auswaertsfahrt\/507-heute-vor-einem-jahr.html","og_locale":"de_DE","og_type":"article","og_title":"Heute vor einem Jahr ... - Glubb-Blog","og_description":"Donnerstag, der 14.02.2008 &#8230; Lissabon &#8230; im Stadio da Luz &#8230; gegen Benfica &#8230; im &#8220;Sechzehntelfinale&#8221; des UEFA-Pokals! Genau ein Jahr ist dieses Ereignis nun her und es war unsere letzte Ausw\u00e4rtsfahrt auf internationaler B\u00fchne! Rund 5.000 Clubfans haben f\u00fcr diesen Trip nach Portugal ihre letzten Ersparnisse zusammengekratzt. Unser dortiger Support war wohl das Beste [&hellip;]","og_url":"https:\/\/www.n-town.de\/glubbblog\/index.php\/archives\/glubb-auswaertsfahrt\/507-heute-vor-einem-jahr.html","og_site_name":"Glubb-Blog","article_publisher":"https:\/\/www.facebook.com\/glubbblog","article_published_time":"2009-02-12T13:42:12+00:00","article_modified_time":"2011-05-17T09:00:16+00:00","og_image":[{"width":500,"height":375,"url":"https:\/\/www.n-town.de\/glubbblog\/wp-content\/uploads\/2020\/06\/img_8003-1.jpg","type":"image\/jpeg"}],"twitter_card":"summary","twitter_creator":"@AMeier75","twitter_site":"@glubb_blog_de","twitter_misc":{"Verfasst von":"Fahnenmeier","Gesch\u00e4tzte Lesezeit":"1\u00a0Minute"},"schema":{"@context":"https:\/\/schema.org","@graph":[{"@type":"WebSite","@id":"https:\/\/www.n-town.de\/glubbblog\/#website","url":"https:\/\/www.n-town.de\/glubbblog\/","name":"Glubb-Blog","description":"Clubfans bei FCN-Ausw\u00e4rtsfahrten und Groundhopping","potentialAction":[{"@type":"SearchAction","target":{"@type":"EntryPoint","urlTemplate":"https:\/\/www.n-town.de\/glubbblog\/?s={search_term_string}"},"query-input":"required name=search_term_string"}],"inLanguage":"de"},{"@type":"WebPage","@id":"https:\/\/www.n-town.de\/glubbblog\/index.php\/archives\/glubb-auswaertsfahrt\/507-heute-vor-einem-jahr.html#webpage","url":"https:\/\/www.n-town.de\/glubbblog\/index.php\/archives\/glubb-auswaertsfahrt\/507-heute-vor-einem-jahr.html","name":"Heute vor einem Jahr ... - Glubb-Blog","isPartOf":{"@id":"https:\/\/www.n-town.de\/glubbblog\/#website"},"datePublished":"2009-02-12T13:42:12+00:00","dateModified":"2011-05-17T09:00:16+00:00","author":{"@id":"https:\/\/www.n-town.de\/glubbblog\/#\/schema\/person\/0730f2b743465f47ecf84354eaed19f8"},"breadcrumb":{"@id":"https:\/\/www.n-town.de\/glubbblog\/index.php\/archives\/glubb-auswaertsfahrt\/507-heute-vor-einem-jahr.html#breadcrumb"},"inLanguage":"de","potentialAction":[{"@type":"ReadAction","target":["https:\/\/www.n-town.de\/glubbblog\/index.php\/archives\/glubb-auswaertsfahrt\/507-heute-vor-einem-jahr.html"]}]},{"@type":"BreadcrumbList","@id":"https:\/\/www.n-town.de\/glubbblog\/index.php\/archives\/glubb-auswaertsfahrt\/507-heute-vor-einem-jahr.html#breadcrumb","itemListElement":[{"@type":"ListItem","position":1,"name":"Home","item":"https:\/\/www.n-town.de\/glubbblog"},{"@type":"ListItem","position":2,"name":"Heute vor einem Jahr &#8230;"}]},{"@type":"Person","@id":"https:\/\/www.n-town.de\/glubbblog\/#\/schema\/person\/0730f2b743465f47ecf84354eaed19f8","name":"Fahnenmeier","image":{"@type":"ImageObject","@id":"https:\/\/www.n-town.de\/glubbblog\/#personlogo","inLanguage":"de","url":"https:\/\/secure.gravatar.com\/avatar\/2f80f346ba6600e950290ffeb48c6936?s=96&d=mm&r=g","contentUrl":"https:\/\/secure.gravatar.com\/avatar\/2f80f346ba6600e950290ffeb48c6936?s=96&d=mm&r=g","caption":"Fahnenmeier"},"sameAs":["http:\/\/www.glubb-blog.de","https:\/\/twitter.com\/AMeier75"],"url":"https:\/\/www.n-town.de\/glubbblog\/index.php\/archives\/author\/fahnenmeier"}]}},"_links":{"self":[{"href":"https:\/\/www.n-town.de\/glubbblog\/index.php\/wp-json\/wp\/v2\/posts\/507"}],"collection":[{"href":"https:\/\/www.n-town.de\/glubbblog\/index.php\/wp-json\/wp\/v2\/posts"}],"about":[{"href":"https:\/\/www.n-town.de\/glubbblog\/index.php\/wp-json\/wp\/v2\/types\/post"}],"author":[{"embeddable":true,"href":"https:\/\/www.n-town.de\/glubbblog\/index.php\/wp-json\/wp\/v2\/users\/2"}],"replies":[{"embeddable":true,"href":"https:\/\/www.n-town.de\/glubbblog\/index.php\/wp-json\/wp\/v2\/comments?post=507"}],"version-history":[{"count":2,"href":"https:\/\/www.n-town.de\/glubbblog\/index.php\/wp-json\/wp\/v2\/posts\/507\/revisions"}],"predecessor-version":[{"id":2770,"href":"https:\/\/www.n-town.de\/glubbblog\/index.php\/wp-json\/wp\/v2\/posts\/507\/revisions\/2770"}],"wp:attachment":[{"href":"https:\/\/www.n-town.de\/glubbblog\/index.php\/wp-json\/wp\/v2\/media?parent=507"}],"wp:term":[{"taxonomy":"category","embeddable":true,"href":"https:\/\/www.n-town.de\/glubbblog\/index.php\/wp-json\/wp\/v2\/categories?post=507"},{"taxonomy":"post_tag","embeddable":true,"href":"https:\/\/www.n-town.de\/glubbblog\/index.php\/wp-json\/wp\/v2\/tags?post=507"}],"curies":[{"name":"wp","href":"https:\/\/api.w.org\/{rel}","templated":true}]}}