{"id":5545,"date":"2013-04-09T13:31:57","date_gmt":"2013-04-09T11:31:57","guid":{"rendered":"http:\/\/www.n-town.de\/glubbblog\/?p=5545"},"modified":"2013-04-10T11:53:44","modified_gmt":"2013-04-10T09:53:44","slug":"schafft-es-der-club-noch","status":"publish","type":"post","link":"https:\/\/www.n-town.de\/glubbblog\/index.php\/archives\/allgemein\/5545-schafft-es-der-club-noch.html","title":{"rendered":"Schafft es der Club noch?"},"content":{"rendered":"<p><a title=\"in Larissa\" href=\"https:\/\/www.n-town.de\/glubbblog\/index.php\/archives\/glubb-auswaertsfahrt\/254-bilder-von-larisa-nuernberg-13-im-panthessaliko-stadion-in-volos.html\"><strong>Griechische Inseln<\/strong><\/a> oder nur der <strong>Mittellandkanal<\/strong> bei Wolfsburg,<strong><br \/>\nValencia<\/strong> oder doch nur <strong>Braunschweig<\/strong>?<br \/>\nDas ist momentan die entscheidende Frage bei allen Club-Fans.<\/p>\n<p><strong>Schafft es der Club noch in die Europa League<\/strong>?<\/p>\n<p>Auch wenn mein Kollege Bomber Manolo sich noch mit dem Relvosprung besch\u00e4ftigt (was auch meine Meinung ist), so wollen wir diese Frage beantworten und nehmen dieses Jahr mal nicht den <a title=\"Kicker Tabellenrechner\" href=\"http:\/\/www.kicker.de\/news\/fussball\/bundesliga\/spieltag\/1-bundesliga\/2012-13\/1\/tabellenrechner.html\" target=\"_blank\">Kicker Tabellenrechner<\/a> als Grundlage her.<\/p>\n<p>Als Basis dienen die bisher in der <strong>R\u00fcckrunde erzielten Punkte<\/strong> der direkten Konkurrenten und dem daraus resultierenden <strong>Koeffizienten<\/strong>, welcher f\u00fcr die verbleibenden 6 Spieltage die restlichen Punkte errechnet.<\/p>\n<p>Klar ist, dass unser Club aufgrund der erreichten 18 Punkte in der R\u00fcckrunde der momentan st\u00e4rkste Verein des Septetts <strong>&#8220;Auf nach Europa&#8221;<\/strong> ist.<br \/>\nAllerdings steht der FCN mit den niedrigsten Punkten (38) und dem zweitschlechtesten Torverh\u00e4ltnis (-2) auch fast am Ende der Gruppe, zu welcher noch Freiburg, Frankfurt, Gladbach, Mainz, Hannover und Hamburg geh\u00f6ren.<\/p>\n<p><strong>Freiburg:<\/strong> Platz 5 mit 42 Punkte:<br \/>\nKoeffizient von 1,46 \u00e0 6 Restspieltage = 8,8 Pkt = <strong>50,8 Punkte gesamt<\/strong><br \/>\n<strong>Frankfurt:<\/strong> Platz 6 mit 42 Punkte:<br \/>\nKoeffizient von 1,09 \u00e0 6 Restspieltage = 6,5 Pkt = <strong>48,5 Punkte gesamt<\/strong><br \/>\n<strong>Gladbach:<\/strong> Platz 7 mit 41 Punkte:<br \/>\nKoeffizient von 1,46 \u00e0 6 Restspieltage = 8,8 Pkt = <strong>49,8 Punkte gesamt<\/strong><br \/>\n<strong>Mainz:<\/strong> Platz 8 mit 39 Punkte:<br \/>\nKoeffizient von 1,18 \u00e0 6 Restspieltage = 7,1 Pkt = <strong>46,1 Punkte gesamt<\/strong><br \/>\n<strong>Hannover:<\/strong> Platz 9 mit 38 Punkte:<br \/>\nKoeffizient von 1,36 \u00e0 6 Restspieltage = 8,2 Pkt = <strong>46,2 Punkte gesamt<\/strong><br \/>\n<span style=\"text-decoration: underline;\"><strong>N\u00fcrnberg:<\/strong><\/span> Platz 10 mit 38 Punkte:<br \/>\nKoeffizient von 1,64 \u00e0 6 Restspieltage = 9,8 Pkt = <span style=\"text-decoration: underline;\"><strong>47,8 Punkte gesamt<\/strong><\/span><br \/>\n<strong>Hamburg:<\/strong> Platz 11 mit 38 Punkte:<br \/>\nKoeffizient von 1,27 \u00e0 6 Restspieltage = 7,6 Pkt = <strong>45,6 Punkte gesamt<\/strong><\/p>\n<p><strong>Fazit:<\/strong><br \/>\nWenn wir<strong> weiterhin auf diesem Niveau<\/strong> kicken reicht es gerade mal f\u00fcr <strong>Platz 8<\/strong>!<br \/>\nAllerdings wurden bei der Berechnung die kommenden Spielpaarungen nicht ber\u00fccksichtigt und da kann man nat\u00fcrlich aufgrund des ein oder anderen Gegners noch den ein oder anderen Punkt zus\u00e4tzlich ergattern. \ud83d\ude09<\/p>\n<p><strong>So gesehen, auf 3 Punkte in M****!<\/strong><\/p>\n","protected":false},"excerpt":{"rendered":"<p>Griechische Inseln oder nur der Mittellandkanal bei Wolfsburg, Valencia oder doch nur Braunschweig? Das ist momentan die entscheidende Frage bei allen Club-Fans. Schafft es der Club noch in die Europa League? Auch wenn mein Kollege Bomber Manolo sich noch mit dem Relvosprung besch\u00e4ftigt (was auch meine Meinung ist), so wollen wir diese Frage beantworten und [&hellip;]<\/p>\n","protected":false},"author":2,"featured_media":0,"comment_status":"open","ping_status":"open","sticky":false,"template":"","format":"standard","meta":{"spay_email":""},"categories":[1,10,127,9],"tags":[305,306,73],"jetpack_featured_media_url":"","yoast_head":"<!-- This site is optimized with the Yoast SEO plugin v18.3 - https:\/\/yoast.com\/wordpress\/plugins\/seo\/ -->\n<title>Schafft es der Club noch? - Glubb-Blog<\/title>\n<meta name=\"robots\" content=\"index, follow, max-snippet:-1, max-image-preview:large, max-video-preview:-1\" \/>\n<link rel=\"canonical\" href=\"https:\/\/www.n-town.de\/glubbblog\/index.php\/archives\/allgemein\/5545-schafft-es-der-club-noch.html\" \/>\n<meta property=\"og:locale\" content=\"de_DE\" \/>\n<meta property=\"og:type\" content=\"article\" \/>\n<meta property=\"og:title\" content=\"Schafft es der Club noch? - Glubb-Blog\" \/>\n<meta property=\"og:description\" content=\"Griechische Inseln oder nur der Mittellandkanal bei Wolfsburg, Valencia oder doch nur Braunschweig? Das ist momentan die entscheidende Frage bei allen Club-Fans. Schafft es der Club noch in die Europa League? Auch wenn mein Kollege Bomber Manolo sich noch mit dem Relvosprung besch\u00e4ftigt (was auch meine Meinung ist), so wollen wir diese Frage beantworten und [&hellip;]\" \/>\n<meta property=\"og:url\" content=\"https:\/\/www.n-town.de\/glubbblog\/index.php\/archives\/allgemein\/5545-schafft-es-der-club-noch.html\" \/>\n<meta property=\"og:site_name\" content=\"Glubb-Blog\" \/>\n<meta property=\"article:publisher\" content=\"https:\/\/www.facebook.com\/glubbblog\" \/>\n<meta property=\"article:published_time\" content=\"2013-04-09T11:31:57+00:00\" \/>\n<meta property=\"article:modified_time\" content=\"2013-04-10T09:53:44+00:00\" \/>\n<meta property=\"og:image\" content=\"https:\/\/www.n-town.de\/glubbblog\/wp-content\/uploads\/2020\/06\/img_8003-1.jpg\" \/>\n\t<meta property=\"og:image:width\" content=\"500\" \/>\n\t<meta property=\"og:image:height\" content=\"375\" \/>\n\t<meta property=\"og:image:type\" content=\"image\/jpeg\" \/>\n<meta name=\"twitter:card\" content=\"summary\" \/>\n<meta name=\"twitter:creator\" content=\"@AMeier75\" \/>\n<meta name=\"twitter:site\" content=\"@glubb_blog_de\" \/>\n<meta name=\"twitter:label1\" content=\"Verfasst von\" \/>\n\t<meta name=\"twitter:data1\" content=\"Fahnenmeier\" \/>\n\t<meta name=\"twitter:label2\" content=\"Gesch\u00e4tzte Lesezeit\" \/>\n\t<meta name=\"twitter:data2\" content=\"1\u00a0Minute\" \/>\n<script type=\"application\/ld+json\" class=\"yoast-schema-graph\">{\"@context\":\"https:\/\/schema.org\",\"@graph\":[{\"@type\":\"WebSite\",\"@id\":\"https:\/\/www.n-town.de\/glubbblog\/#website\",\"url\":\"https:\/\/www.n-town.de\/glubbblog\/\",\"name\":\"Glubb-Blog\",\"description\":\"Clubfans bei FCN-Ausw\u00e4rtsfahrten und Groundhopping\",\"potentialAction\":[{\"@type\":\"SearchAction\",\"target\":{\"@type\":\"EntryPoint\",\"urlTemplate\":\"https:\/\/www.n-town.de\/glubbblog\/?s={search_term_string}\"},\"query-input\":\"required name=search_term_string\"}],\"inLanguage\":\"de\"},{\"@type\":\"WebPage\",\"@id\":\"https:\/\/www.n-town.de\/glubbblog\/index.php\/archives\/allgemein\/5545-schafft-es-der-club-noch.html#webpage\",\"url\":\"https:\/\/www.n-town.de\/glubbblog\/index.php\/archives\/allgemein\/5545-schafft-es-der-club-noch.html\",\"name\":\"Schafft es der Club noch? - Glubb-Blog\",\"isPartOf\":{\"@id\":\"https:\/\/www.n-town.de\/glubbblog\/#website\"},\"datePublished\":\"2013-04-09T11:31:57+00:00\",\"dateModified\":\"2013-04-10T09:53:44+00:00\",\"author\":{\"@id\":\"https:\/\/www.n-town.de\/glubbblog\/#\/schema\/person\/0730f2b743465f47ecf84354eaed19f8\"},\"breadcrumb\":{\"@id\":\"https:\/\/www.n-town.de\/glubbblog\/index.php\/archives\/allgemein\/5545-schafft-es-der-club-noch.html#breadcrumb\"},\"inLanguage\":\"de\",\"potentialAction\":[{\"@type\":\"ReadAction\",\"target\":[\"https:\/\/www.n-town.de\/glubbblog\/index.php\/archives\/allgemein\/5545-schafft-es-der-club-noch.html\"]}]},{\"@type\":\"BreadcrumbList\",\"@id\":\"https:\/\/www.n-town.de\/glubbblog\/index.php\/archives\/allgemein\/5545-schafft-es-der-club-noch.html#breadcrumb\",\"itemListElement\":[{\"@type\":\"ListItem\",\"position\":1,\"name\":\"Home\",\"item\":\"https:\/\/www.n-town.de\/glubbblog\"},{\"@type\":\"ListItem\",\"position\":2,\"name\":\"Schafft es der Club noch?\"}]},{\"@type\":\"Person\",\"@id\":\"https:\/\/www.n-town.de\/glubbblog\/#\/schema\/person\/0730f2b743465f47ecf84354eaed19f8\",\"name\":\"Fahnenmeier\",\"image\":{\"@type\":\"ImageObject\",\"@id\":\"https:\/\/www.n-town.de\/glubbblog\/#personlogo\",\"inLanguage\":\"de\",\"url\":\"https:\/\/secure.gravatar.com\/avatar\/2f80f346ba6600e950290ffeb48c6936?s=96&d=mm&r=g\",\"contentUrl\":\"https:\/\/secure.gravatar.com\/avatar\/2f80f346ba6600e950290ffeb48c6936?s=96&d=mm&r=g\",\"caption\":\"Fahnenmeier\"},\"sameAs\":[\"http:\/\/www.glubb-blog.de\",\"https:\/\/twitter.com\/AMeier75\"],\"url\":\"https:\/\/www.n-town.de\/glubbblog\/index.php\/archives\/author\/fahnenmeier\"}]}<\/script>\n<!-- \/ Yoast SEO plugin. -->","yoast_head_json":{"title":"Schafft es der Club noch? - Glubb-Blog","robots":{"index":"index","follow":"follow","max-snippet":"max-snippet:-1","max-image-preview":"max-image-preview:large","max-video-preview":"max-video-preview:-1"},"canonical":"https:\/\/www.n-town.de\/glubbblog\/index.php\/archives\/allgemein\/5545-schafft-es-der-club-noch.html","og_locale":"de_DE","og_type":"article","og_title":"Schafft es der Club noch? - Glubb-Blog","og_description":"Griechische Inseln oder nur der Mittellandkanal bei Wolfsburg, Valencia oder doch nur Braunschweig? Das ist momentan die entscheidende Frage bei allen Club-Fans. Schafft es der Club noch in die Europa League? Auch wenn mein Kollege Bomber Manolo sich noch mit dem Relvosprung besch\u00e4ftigt (was auch meine Meinung ist), so wollen wir diese Frage beantworten und [&hellip;]","og_url":"https:\/\/www.n-town.de\/glubbblog\/index.php\/archives\/allgemein\/5545-schafft-es-der-club-noch.html","og_site_name":"Glubb-Blog","article_publisher":"https:\/\/www.facebook.com\/glubbblog","article_published_time":"2013-04-09T11:31:57+00:00","article_modified_time":"2013-04-10T09:53:44+00:00","og_image":[{"width":500,"height":375,"url":"https:\/\/www.n-town.de\/glubbblog\/wp-content\/uploads\/2020\/06\/img_8003-1.jpg","type":"image\/jpeg"}],"twitter_card":"summary","twitter_creator":"@AMeier75","twitter_site":"@glubb_blog_de","twitter_misc":{"Verfasst von":"Fahnenmeier","Gesch\u00e4tzte Lesezeit":"1\u00a0Minute"},"schema":{"@context":"https:\/\/schema.org","@graph":[{"@type":"WebSite","@id":"https:\/\/www.n-town.de\/glubbblog\/#website","url":"https:\/\/www.n-town.de\/glubbblog\/","name":"Glubb-Blog","description":"Clubfans bei FCN-Ausw\u00e4rtsfahrten und Groundhopping","potentialAction":[{"@type":"SearchAction","target":{"@type":"EntryPoint","urlTemplate":"https:\/\/www.n-town.de\/glubbblog\/?s={search_term_string}"},"query-input":"required name=search_term_string"}],"inLanguage":"de"},{"@type":"WebPage","@id":"https:\/\/www.n-town.de\/glubbblog\/index.php\/archives\/allgemein\/5545-schafft-es-der-club-noch.html#webpage","url":"https:\/\/www.n-town.de\/glubbblog\/index.php\/archives\/allgemein\/5545-schafft-es-der-club-noch.html","name":"Schafft es der Club noch? - Glubb-Blog","isPartOf":{"@id":"https:\/\/www.n-town.de\/glubbblog\/#website"},"datePublished":"2013-04-09T11:31:57+00:00","dateModified":"2013-04-10T09:53:44+00:00","author":{"@id":"https:\/\/www.n-town.de\/glubbblog\/#\/schema\/person\/0730f2b743465f47ecf84354eaed19f8"},"breadcrumb":{"@id":"https:\/\/www.n-town.de\/glubbblog\/index.php\/archives\/allgemein\/5545-schafft-es-der-club-noch.html#breadcrumb"},"inLanguage":"de","potentialAction":[{"@type":"ReadAction","target":["https:\/\/www.n-town.de\/glubbblog\/index.php\/archives\/allgemein\/5545-schafft-es-der-club-noch.html"]}]},{"@type":"BreadcrumbList","@id":"https:\/\/www.n-town.de\/glubbblog\/index.php\/archives\/allgemein\/5545-schafft-es-der-club-noch.html#breadcrumb","itemListElement":[{"@type":"ListItem","position":1,"name":"Home","item":"https:\/\/www.n-town.de\/glubbblog"},{"@type":"ListItem","position":2,"name":"Schafft es der Club noch?"}]},{"@type":"Person","@id":"https:\/\/www.n-town.de\/glubbblog\/#\/schema\/person\/0730f2b743465f47ecf84354eaed19f8","name":"Fahnenmeier","image":{"@type":"ImageObject","@id":"https:\/\/www.n-town.de\/glubbblog\/#personlogo","inLanguage":"de","url":"https:\/\/secure.gravatar.com\/avatar\/2f80f346ba6600e950290ffeb48c6936?s=96&d=mm&r=g","contentUrl":"https:\/\/secure.gravatar.com\/avatar\/2f80f346ba6600e950290ffeb48c6936?s=96&d=mm&r=g","caption":"Fahnenmeier"},"sameAs":["http:\/\/www.glubb-blog.de","https:\/\/twitter.com\/AMeier75"],"url":"https:\/\/www.n-town.de\/glubbblog\/index.php\/archives\/author\/fahnenmeier"}]}},"_links":{"self":[{"href":"https:\/\/www.n-town.de\/glubbblog\/index.php\/wp-json\/wp\/v2\/posts\/5545"}],"collection":[{"href":"https:\/\/www.n-town.de\/glubbblog\/index.php\/wp-json\/wp\/v2\/posts"}],"about":[{"href":"https:\/\/www.n-town.de\/glubbblog\/index.php\/wp-json\/wp\/v2\/types\/post"}],"author":[{"embeddable":true,"href":"https:\/\/www.n-town.de\/glubbblog\/index.php\/wp-json\/wp\/v2\/users\/2"}],"replies":[{"embeddable":true,"href":"https:\/\/www.n-town.de\/glubbblog\/index.php\/wp-json\/wp\/v2\/comments?post=5545"}],"version-history":[{"count":21,"href":"https:\/\/www.n-town.de\/glubbblog\/index.php\/wp-json\/wp\/v2\/posts\/5545\/revisions"}],"predecessor-version":[{"id":5566,"href":"https:\/\/www.n-town.de\/glubbblog\/index.php\/wp-json\/wp\/v2\/posts\/5545\/revisions\/5566"}],"wp:attachment":[{"href":"https:\/\/www.n-town.de\/glubbblog\/index.php\/wp-json\/wp\/v2\/media?parent=5545"}],"wp:term":[{"taxonomy":"category","embeddable":true,"href":"https:\/\/www.n-town.de\/glubbblog\/index.php\/wp-json\/wp\/v2\/categories?post=5545"},{"taxonomy":"post_tag","embeddable":true,"href":"https:\/\/www.n-town.de\/glubbblog\/index.php\/wp-json\/wp\/v2\/tags?post=5545"}],"curies":[{"name":"wp","href":"https:\/\/api.w.org\/{rel}","templated":true}]}}