{"id":5658,"date":"2013-05-19T21:47:12","date_gmt":"2013-05-19T19:47:12","guid":{"rendered":"http:\/\/www.n-town.de\/glubbblog\/?p=5658"},"modified":"2013-05-21T10:47:43","modified_gmt":"2013-05-21T08:47:43","slug":"fcn-werder-bremen-32-toller-abschluss-und-drama-auf-der-anzeigetafel","status":"publish","type":"post","link":"https:\/\/www.n-town.de\/glubbblog\/index.php\/archives\/glubb-live\/5658-fcn-werder-bremen-32-toller-abschluss-und-drama-auf-der-anzeigetafel.html","title":{"rendered":"FCN &#8211; Werder Bremen 3:2! Toller Abschluss und Drama auf der Anzeigetafel!"},"content":{"rendered":"<p><a href=\"https:\/\/www.n-town.de\/glubbblog\/wp-content\/uploads\/2013\/05\/20130519-140837.jpg\"><img src=\"https:\/\/www.n-town.de\/glubbblog\/wp-content\/uploads\/2013\/05\/20130519-140837.jpg\" alt=\"20130519-140837.jpg\" class=\"size-full alignleft\" width=\"300\" \/><\/a>Tolles Wetter, tolle Stimmung, tolles Spiel &#8211; ok, tolle zweite Halbzeit! Und obendrein gabs noch die neuen Trikots zu sehen, eine kleine Vers\u00f6hnung zwischen Mannschaft und Fans sowie auch ein Klettern auf Platz 10 in der Tabelle! Und quasi als Kirsche auf dem Sahneh\u00e4ubchen: Das Trainergespann Wiesehahn steht somit vor Ex-Trainer Heckings VFL Wolfsburg! Welch eine Genugtuung f\u00fcr alle beim Glubb!<\/p>\n<p>Der FCN in Halbzeit eins noch pomadig und manch ein Fan hatte sich eh gew\u00fcnscht, dass Patrick Rakovsky im letzten &#8220;unbedeutenden Spiel&#8221; doch noch mal zwischen den Pfosten stehen d\u00fcrfte. Doch Rapha Sch\u00e4fer h\u00fctete das Clubgeh\u00e4use und hatte gegen den Lupfer von Kevin de Bruyne keine Chance &#8211; 0:1. Ansonsten wenig los. Halbzeit, die ersten &#8220;Fans&#8221; gingen in den Biergarten, weil auf den anderen Pl\u00e4tzen mehr &#8220;action&#8221; war.<\/p>\n<p>Nach der Pause gings wieder weiter mit Sch\u00e4fer, der den Bremer Torsch\u00fctzen de Bruyne im Strafraum abr\u00e4umte. Warum Schiri Winkmann hier nicht auf Strafstoss entschied, versteht wohl ausser ihm keiner. Aber uns solls recht sein, denn nach einem 0:2 w\u00e4re der Glubb vielleicht nicht mehr zur\u00fcckgekommen.<\/p>\n<p><a href=\"https:\/\/www.n-town.de\/glubbblog\/wp-content\/uploads\/2013\/05\/20130519-165824.jpg\"><img src=\"https:\/\/www.n-town.de\/glubbblog\/wp-content\/uploads\/2013\/05\/20130519-165824.jpg\" alt=\"20130519-165824.jpg\" class=\"size-full\" width=\"500\" \/><\/a><\/p>\n<p>Doch der FCN nun viel besser und mit Zug zum Tor! Jetzt war es ein Fussballfest: Volles Haus und Torszenen! In der 61. Minute dann ein sch\u00f6ner langer Eckball von Marvin Plattenhardt auf Per Nilsson, der leider nur an den Pfosten k\u00f6pft. Doch den Abpraller versenkt er reaktionsstark &#8211; Tor! 1:1! Mit seinem 6. Saisontor ist Nilsson nun mannschaftsinterner Torsch\u00fctzenk\u00f6nig!!<\/p>\n<p>Ein weiterer Eckball, diesmal von der anderen Seite und diesmal von Mak getreten, genau auf den Kopf von Sebastian Polter, der ihn gekonnt einnickt! 2:1! Ein herrliches Abschiedsgeschenk an das Frankenland!<\/p>\n<p><a href=\"https:\/\/www.n-town.de\/glubbblog\/wp-content\/uploads\/2013\/05\/20130519-214312.jpg\"><img src=\"https:\/\/www.n-town.de\/glubbblog\/wp-content\/uploads\/2013\/05\/20130519-214312.jpg\" alt=\"20130519-214312.jpg\" class=\"size-full alignleft\" width=\"300\" \/><\/a>(Bild: Torjubel nach Polter-Treffer) Dann kam die Zeit von Robert Mak, der zur Zeit wieder die <a href=\"https:\/\/www.n-town.de\/glubbblog\/index.php\/archives\/glubb-live\/3815-fcn-bvb-dortmund-11-ein-gefuhlter-sieg.html\">St\u00e4rke vom Dortmund-Spiel in der Hinrunde<\/a> hat. Ein ums andere Mal kam er \u00fcber rechts, so auch in der 88. Minute: Mak tunnelt seinen Gegenspieler knapp hinter der Mittellinie, \u00fcberl\u00e4uft Lukimya und passt scharf vors Tor, wo Tomas Pekhart nur noch den Fuss hinhalten muss! 3:1, Spiel <a href=\"https:\/\/www.n-town.de\/glubbblog\/index.php\/archives\/glubb-live\/5638-fortuna-dusseldorf-fcn-12-mit-einem-spiegelbild-der-saison-erreichen-wir-endlich-40-punkte.html\">wie in D\u00fcsseldorf<\/a> gedreht! Geil! Ein Gruss an alle die eher gegangen sind! \ud83d\ude42<\/p>\n<p>Vor allem Mak lie\u00df ein ums andere Mal die Zungen erschnalzen! Denn ebenso ein Pass wie der zum 3:1 war kurz vorher sowohl von Polter, als auch von Pekhart verpasst worden. Meiner Frau entfuhr es ob der TV-Aufnahmen vom 3:1 nur: &#8220;Was? So geilen Fussball kann der Glubb spielen?&#8221; \ud83d\ude42<\/p>\n<p>Dass de Bruyne in der 90. dann noch aus Abseitsposition das 3:2 machte, darf getrost unter Ergebniskosmetik und Wiedergutmachung f\u00fcr den verweigerten Elfmeter angesehen werden. Dann wars aus! Sieg! <\/p>\n<p><strong>Fazit<\/strong><\/p>\n<p>Aufgrund des Sieges und der guten Halbzeit bin ich echt vers\u00f6hnt! Zudem ist man mit Platz 10 weit weg vom Abstieg und konnte Ex-Trainer Hecking \u00fcberholen. Tja, hat er sich wohl doch nicht sportlich so verbessert! Aber daf\u00fcr wirds finanziell top sein! <\/p>\n<p>Hut ab also vor den Verantwortlichen beim 1. Fussball-Club &#8211; allen voran Martin Bader &#8211; die es nach dem <a href=\"https:\/\/www.n-town.de\/glubbblog\/index.php\/archives\/glubb-news\/4174-schock-vor-weihnachten-hecking-folgt-dem-ruf-des-geldes-nach-wolfsburg.html\">\u00fcberraschenden Ausscheiden von Hecking<\/a> mit dem U23-Trainer Wiesinger probierten und damit Erfolg hatten! Hecking holte beim Glubb 20 Punkte &#8211; Wiesinger 24 Punkte!<\/p>\n<p><strong>Danke f\u00fcr eine geile, weil gr\u00f6\u00dftenteils sorgenfreie Saison, die aber leider erneut einen &#8220;F\u00fcrth-Schandfleck&#8221; tr\u00e4gt!<\/strong><\/p>\n<p>Wiesinger hat wieder junge Leute eingesetzt, Niklas war auch heute wieder STARK! Zudem scheint er bei Mak die richtigen Worte gefunden zu haben! Und so wurde auch heute wieder klar: Wir brauchen einen echten St\u00fcrmer! Denn dass Innenverteidiger Nilsson mannschaftsinterner Torsch\u00fctzenk\u00f6nig ist, spricht B\u00e4nde!<\/p>\n<p><strong>Relvosprung 13 Punkte<\/strong><\/p>\n<p>Das solls dann auch gewesen sein, N\u00fcrnberg hat zum Teil namhafte Teams hinter sich gelassen. Leider konnte Hannover nicht mehr \u00fcberholt werden, was aber auch an der kampflosen Vorstellung der D\u00fcsseldorfer lag. Womit wir beim Abstiegsdrama sind!<\/p>\n<p><a href=\"https:\/\/www.n-town.de\/glubbblog\/wp-content\/uploads\/2013\/05\/20130521-104502.jpg\"><img src=\"https:\/\/www.n-town.de\/glubbblog\/wp-content\/uploads\/2013\/05\/20130521-104502.jpg\" alt=\"20130521-104502.jpg\" class=\"size-full alignleft\" width=\"300\" \/><\/a>Denn die Fortuna aus dem Rheinland erlebte ein Desaster, das sofort an den <a href=\"https:\/\/www.n-town.de\/glubbblog\/index.php\/archives\/fcn\/448-total-recall-abstieg-1999-12-gegen-freiburg-bei-51-fur-frankfurt.html\">FCN-Abstieg von 1999<\/a> erinnert! In den Spieltag sind sie gegangen mit der Angst, doch noch in die Relegation zu m\u00fcssen. Da aber zur blutlosen eigenen Vorstellung eine unerkl\u00e4rlich erfolgreiche der Hoffenheimer kam, steigen sie direkt in Liga 2 ab. <\/p>\n<p>Besagte Sinsheimer Millionen-Versagertruppe hievte sich aber durch ein unerkl\u00e4rliches und Schiedsrichter gepr\u00e4gtes 2:1 beim Champion League-Endspiel-Teilnehmer Dortmund auf den 16. Platz. Wobei man aber auch ganz klar sagen muss, dass jede Entscheidung des Schiris richtig war: Beide Elfmeter f\u00fcr Hoffenheim, sowie die rote Karte f\u00fcr Weidenfeller als auch die Zur\u00fccknahme des vermeintlichen 2:2 in der Nachspielzeit. Ich denke also, dass die Fortuna-Fans ebenso fassungslos sind wie wir damals 1999!<\/p>\n<p>Der FC Augsburg hat dagegen seine tolle R\u00fcckrunde mit dem direkten Klassenerhalt gekr\u00f6nt den Tabellenletzten Greuther F\u00fcrth mit 3:1 geschlagen. Damit halten die Fuggerst\u00e4dter einen Rekord: Noch nie konnte ein Team mit einer derart schlechten Ausbeute von 9 Punkten in der Hinrunde anschlie\u00dfend noch den sicheren Klassenerhalt feiern!<\/p>\n<p>In diesen Zusammenhang m\u00f6chte ich Euch, liebe Leser, noch einmal die lokalen Rundfunksender in Franken ans Herz legen. Denn nach diesem \u00fcberraschenden Klassenerhalt der Augsburger und dem Meistertitel mit CL-Finale der Bauern, d\u00fcrfte Bayern3 und Antenne Bayern ziemlich unertr\u00e4glich werden!<\/p>\n<p><strong>N\u00fcrnberger Fans<\/strong><\/p>\n<p>Hier hatte ich doch etwas Sorgen vor dem Spiel, da sich inzwischen viele Glubberer nach den Ausschreitungen von D\u00fcsseldorf \u00f6ffentlich gegen Gewalt aussprechen und sich in der Facebook-Gruppe &#8220;Clubfans gegen Gewalt&#8221; organisieren. Eine entsprechende Choreo, in der gewaltbereiten &#8220;Fans&#8221; symbolisch die rote Karte gezeigt wurde, gab es zu Spielbeginn &#8211; nur die <a href=\"http:\/\/www.abendzeitung-muenchen.de\/inhalt.fc-nuernberg-werder-bremen-ein-boeller-keine-rote-karten.a090d10e-470c-4a37-a0b9-ddb94287ed9b.html\" target=\"_blank\">Nordkurve blieb aussen vor<\/a>&#8230; warum?<\/p>\n<p><a href=\"https:\/\/www.n-town.de\/glubbblog\/wp-content\/uploads\/2013\/05\/20130519-214537.jpg\"><img src=\"https:\/\/www.n-town.de\/glubbblog\/wp-content\/uploads\/2013\/05\/20130519-214537.jpg\" alt=\"20130519-214537.jpg\" class=\"size-full alignleft\" width=\"300\" \/><\/a>(Bild: Torjubel nach Pekhart-Treffer) Als aber Mitte der ersten H\u00e4lfte lautstarke &#8220;Schei\u00df BDA&#8221;-Rufe aus Block 7 zu h\u00f6ren waren, weil sich die dortigen Fans von der Ultra-Vereinigung &#8220;Banda di Amici&#8221; vertrieben f\u00fchlen, wurde es schon ungem\u00fctlich. Denn der Block 7 geh\u00f6rt ab der n\u00e4chsten Saison zu den Stimmungsbl\u00f6cken, was bedeutet, dass grosse Schwenkfahnen und eingeschr\u00e4nkte Sicht die Folge sind &#8211; wie gesagt ab der kommenden Saison, was aber die BDA nicht davon abh\u00e4lt, seit Monaten schon mit gro\u00dfen Schwenkfahnen Tatsachen zu schaffen. Der Unmut f\u00fcr mich daher zumindest nachvollziehbar.<\/p>\n<p>Gleich darauf wurde im oberen Teil des Block 8 ein B\u00f6ller gez\u00fcndet! Ob ein Zusammenhang da war, kann ich nicht sagen.<\/p>\n<p>Kurz vor dem Ende gabs dann ein Pfeifkonzert gegen die Ultras vom 9\/11er, weil sie sich mit dem Anti-Lied &#8220;wir sind asoziale Clubfans&#8221; feierten. Naja, ob das was mit der Gewalt von D\u00fcsseldorf zu tun hatte oder nur eine Kopie des St-Pauli-Fan-Klassikers war, ich kann wieder nur spekulieren. <\/p>\n<p>Und da die Ultras hier im Blog sehr oft Thema sind und sehr kontrovers diskutiert werden, kann ich schon mal ank\u00fcndigen, dass ich dazu Kontakt zu einem Vors\u00e4nger aufgenommen habe. Ein entsprechendes Interview wird bald hier im Glubb-Blog erscheinen.<\/p>\n<p>Nach Spiel dann das Positivste: Das Team kam in die Kurve und die Fans forderten die Sieges-Laola&#8230; und sie bekamen sie diesmal auch! Zuvor wurde Pinola noch von argentinischen Fans gefeiert und pr\u00e4sentierte der Kurve sein halb Argentinien-, halb FCN-Trikot! Das war ein herrliches Bild &#8211; hatte aber auch ein Bisschen was von Abschied. Tja, seine Vertragsverl\u00e4ngerung is ja noch nicht durch&#8230;<\/p>\n<p><strong>Sp\u00e4ter Bericht<\/strong><\/p>\n<p>Ja und das muss auch erkl\u00e4rt werden! Ich komme erst einen Tag sp\u00e4ter dazu, da ich gestern vor dem Spiel am <a href=\"http:\/\/www.partei-fuer-franken.de\" target=\"_blank\">Infostand der Partei f\u00fcr Franken<\/a> zu tun hatte (ein paar haben mich ja besucht und netterweise eine <a href=\"http:\/\/www.partei-fuer-franken.de\/2482-das-sammeln-der-unterstutzerunterschriften-beginnt.html\" target=\"_blank\">Unterst\u00fctzung<\/a> abgegeben)! Und zum anderen lie\u00df ich gestern Abend meinen Sohn pinkeln, der vor einer Woche zur Welt kam! Vielleicht bin ich deshalb auch so gut gelaunt gewesen beim Glubb! \ud83d\ude42<\/p>\n<p><strong>F\u00fcr immer rot-schwarz<\/strong><\/p>\n<div id=\"geo-post-5658\" class=\"geo geo-post\" style=\"display: none\"><span class=\"latitude\">49.525523<\/span><span class=\"longitude\">11.262683<\/span><\/div>","protected":false},"excerpt":{"rendered":"<p>Tolles Wetter, tolle Stimmung, tolles Spiel &#8211; ok, tolle zweite Halbzeit! Und obendrein gabs noch die neuen Trikots zu sehen, eine kleine Vers\u00f6hnung zwischen Mannschaft und Fans sowie auch ein Klettern auf Platz 10 in der Tabelle! Und quasi als Kirsche auf dem Sahneh\u00e4ubchen: Das Trainergespann Wiesehahn steht somit vor Ex-Trainer Heckings VFL Wolfsburg! Welch [&hellip;]<\/p>\n","protected":false},"author":4,"featured_media":0,"comment_status":"open","ping_status":"open","sticky":false,"template":"","format":"standard","meta":{"spay_email":""},"categories":[5],"tags":[83],"jetpack_featured_media_url":"","yoast_head":"<!-- This site is optimized with the Yoast SEO plugin v18.3 - https:\/\/yoast.com\/wordpress\/plugins\/seo\/ -->\n<title>FCN - Werder Bremen 3:2! Toller Abschluss und Drama auf der Anzeigetafel! - Glubb-Blog<\/title>\n<meta name=\"robots\" content=\"index, follow, max-snippet:-1, max-image-preview:large, max-video-preview:-1\" \/>\n<link rel=\"canonical\" href=\"https:\/\/www.n-town.de\/glubbblog\/index.php\/archives\/glubb-live\/5658-fcn-werder-bremen-32-toller-abschluss-und-drama-auf-der-anzeigetafel.html\" \/>\n<meta property=\"og:locale\" content=\"de_DE\" \/>\n<meta property=\"og:type\" content=\"article\" \/>\n<meta property=\"og:title\" content=\"FCN - Werder Bremen 3:2! Toller Abschluss und Drama auf der Anzeigetafel! - Glubb-Blog\" \/>\n<meta property=\"og:description\" content=\"Tolles Wetter, tolle Stimmung, tolles Spiel &#8211; ok, tolle zweite Halbzeit! Und obendrein gabs noch die neuen Trikots zu sehen, eine kleine Vers\u00f6hnung zwischen Mannschaft und Fans sowie auch ein Klettern auf Platz 10 in der Tabelle! Und quasi als Kirsche auf dem Sahneh\u00e4ubchen: Das Trainergespann Wiesehahn steht somit vor Ex-Trainer Heckings VFL Wolfsburg! Welch [&hellip;]\" \/>\n<meta property=\"og:url\" content=\"https:\/\/www.n-town.de\/glubbblog\/index.php\/archives\/glubb-live\/5658-fcn-werder-bremen-32-toller-abschluss-und-drama-auf-der-anzeigetafel.html\" \/>\n<meta property=\"og:site_name\" content=\"Glubb-Blog\" \/>\n<meta property=\"article:publisher\" content=\"https:\/\/www.facebook.com\/glubbblog\" \/>\n<meta property=\"article:published_time\" content=\"2013-05-19T19:47:12+00:00\" \/>\n<meta property=\"article:modified_time\" content=\"2013-05-21T08:47:43+00:00\" \/>\n<meta property=\"og:image\" content=\"https:\/\/www.n-town.de\/glubbblog\/wp-content\/uploads\/2013\/05\/20130519-140837.jpg\" \/>\n<meta name=\"twitter:card\" content=\"summary\" \/>\n<meta name=\"twitter:creator\" content=\"@glubb_blog_de\" \/>\n<meta name=\"twitter:site\" content=\"@glubb_blog_de\" \/>\n<meta name=\"twitter:label1\" content=\"Verfasst von\" \/>\n\t<meta name=\"twitter:data1\" content=\"Bomber Manolo\" \/>\n\t<meta name=\"twitter:label2\" content=\"Gesch\u00e4tzte Lesezeit\" \/>\n\t<meta name=\"twitter:data2\" content=\"6\u00a0Minuten\" \/>\n<script type=\"application\/ld+json\" class=\"yoast-schema-graph\">{\"@context\":\"https:\/\/schema.org\",\"@graph\":[{\"@type\":\"WebSite\",\"@id\":\"https:\/\/www.n-town.de\/glubbblog\/#website\",\"url\":\"https:\/\/www.n-town.de\/glubbblog\/\",\"name\":\"Glubb-Blog\",\"description\":\"Clubfans bei FCN-Ausw\u00e4rtsfahrten und Groundhopping\",\"potentialAction\":[{\"@type\":\"SearchAction\",\"target\":{\"@type\":\"EntryPoint\",\"urlTemplate\":\"https:\/\/www.n-town.de\/glubbblog\/?s={search_term_string}\"},\"query-input\":\"required name=search_term_string\"}],\"inLanguage\":\"de\"},{\"@type\":\"ImageObject\",\"@id\":\"https:\/\/www.n-town.de\/glubbblog\/index.php\/archives\/glubb-live\/5658-fcn-werder-bremen-32-toller-abschluss-und-drama-auf-der-anzeigetafel.html#primaryimage\",\"inLanguage\":\"de\",\"url\":\"https:\/\/www.n-town.de\/glubbblog\/wp-content\/uploads\/2013\/05\/20130519-140837.jpg\",\"contentUrl\":\"https:\/\/www.n-town.de\/glubbblog\/wp-content\/uploads\/2013\/05\/20130519-140837.jpg\",\"width\":\"300\",\"height\":\"225\"},{\"@type\":\"WebPage\",\"@id\":\"https:\/\/www.n-town.de\/glubbblog\/index.php\/archives\/glubb-live\/5658-fcn-werder-bremen-32-toller-abschluss-und-drama-auf-der-anzeigetafel.html#webpage\",\"url\":\"https:\/\/www.n-town.de\/glubbblog\/index.php\/archives\/glubb-live\/5658-fcn-werder-bremen-32-toller-abschluss-und-drama-auf-der-anzeigetafel.html\",\"name\":\"FCN - Werder Bremen 3:2! Toller Abschluss und Drama auf der Anzeigetafel! - Glubb-Blog\",\"isPartOf\":{\"@id\":\"https:\/\/www.n-town.de\/glubbblog\/#website\"},\"primaryImageOfPage\":{\"@id\":\"https:\/\/www.n-town.de\/glubbblog\/index.php\/archives\/glubb-live\/5658-fcn-werder-bremen-32-toller-abschluss-und-drama-auf-der-anzeigetafel.html#primaryimage\"},\"datePublished\":\"2013-05-19T19:47:12+00:00\",\"dateModified\":\"2013-05-21T08:47:43+00:00\",\"author\":{\"@id\":\"https:\/\/www.n-town.de\/glubbblog\/#\/schema\/person\/23822a94b519ca1de591c4492e0e104e\"},\"breadcrumb\":{\"@id\":\"https:\/\/www.n-town.de\/glubbblog\/index.php\/archives\/glubb-live\/5658-fcn-werder-bremen-32-toller-abschluss-und-drama-auf-der-anzeigetafel.html#breadcrumb\"},\"inLanguage\":\"de\",\"potentialAction\":[{\"@type\":\"ReadAction\",\"target\":[\"https:\/\/www.n-town.de\/glubbblog\/index.php\/archives\/glubb-live\/5658-fcn-werder-bremen-32-toller-abschluss-und-drama-auf-der-anzeigetafel.html\"]}]},{\"@type\":\"BreadcrumbList\",\"@id\":\"https:\/\/www.n-town.de\/glubbblog\/index.php\/archives\/glubb-live\/5658-fcn-werder-bremen-32-toller-abschluss-und-drama-auf-der-anzeigetafel.html#breadcrumb\",\"itemListElement\":[{\"@type\":\"ListItem\",\"position\":1,\"name\":\"Home\",\"item\":\"https:\/\/www.n-town.de\/glubbblog\"},{\"@type\":\"ListItem\",\"position\":2,\"name\":\"FCN &#8211; Werder Bremen 3:2! Toller Abschluss und Drama auf der Anzeigetafel!\"}]},{\"@type\":\"Person\",\"@id\":\"https:\/\/www.n-town.de\/glubbblog\/#\/schema\/person\/23822a94b519ca1de591c4492e0e104e\",\"name\":\"Bomber Manolo\",\"image\":{\"@type\":\"ImageObject\",\"@id\":\"https:\/\/www.n-town.de\/glubbblog\/#personlogo\",\"inLanguage\":\"de\",\"url\":\"https:\/\/secure.gravatar.com\/avatar\/745e89a5226a55ce3ed5fac4a51dced8?s=96&d=mm&r=g\",\"contentUrl\":\"https:\/\/secure.gravatar.com\/avatar\/745e89a5226a55ce3ed5fac4a51dced8?s=96&d=mm&r=g\",\"caption\":\"Bomber Manolo\"},\"sameAs\":[\"https:\/\/www.n-town.de\"],\"url\":\"https:\/\/www.n-town.de\/glubbblog\/index.php\/archives\/author\/andy\"}]}<\/script>\n<!-- \/ Yoast SEO plugin. -->","yoast_head_json":{"title":"FCN - Werder Bremen 3:2! Toller Abschluss und Drama auf der Anzeigetafel! - Glubb-Blog","robots":{"index":"index","follow":"follow","max-snippet":"max-snippet:-1","max-image-preview":"max-image-preview:large","max-video-preview":"max-video-preview:-1"},"canonical":"https:\/\/www.n-town.de\/glubbblog\/index.php\/archives\/glubb-live\/5658-fcn-werder-bremen-32-toller-abschluss-und-drama-auf-der-anzeigetafel.html","og_locale":"de_DE","og_type":"article","og_title":"FCN - Werder Bremen 3:2! Toller Abschluss und Drama auf der Anzeigetafel! - Glubb-Blog","og_description":"Tolles Wetter, tolle Stimmung, tolles Spiel &#8211; ok, tolle zweite Halbzeit! Und obendrein gabs noch die neuen Trikots zu sehen, eine kleine Vers\u00f6hnung zwischen Mannschaft und Fans sowie auch ein Klettern auf Platz 10 in der Tabelle! Und quasi als Kirsche auf dem Sahneh\u00e4ubchen: Das Trainergespann Wiesehahn steht somit vor Ex-Trainer Heckings VFL Wolfsburg! Welch [&hellip;]","og_url":"https:\/\/www.n-town.de\/glubbblog\/index.php\/archives\/glubb-live\/5658-fcn-werder-bremen-32-toller-abschluss-und-drama-auf-der-anzeigetafel.html","og_site_name":"Glubb-Blog","article_publisher":"https:\/\/www.facebook.com\/glubbblog","article_published_time":"2013-05-19T19:47:12+00:00","article_modified_time":"2013-05-21T08:47:43+00:00","og_image":[{"url":"https:\/\/www.n-town.de\/glubbblog\/wp-content\/uploads\/2013\/05\/20130519-140837.jpg"}],"twitter_card":"summary","twitter_creator":"@glubb_blog_de","twitter_site":"@glubb_blog_de","twitter_misc":{"Verfasst von":"Bomber Manolo","Gesch\u00e4tzte Lesezeit":"6\u00a0Minuten"},"schema":{"@context":"https:\/\/schema.org","@graph":[{"@type":"WebSite","@id":"https:\/\/www.n-town.de\/glubbblog\/#website","url":"https:\/\/www.n-town.de\/glubbblog\/","name":"Glubb-Blog","description":"Clubfans bei FCN-Ausw\u00e4rtsfahrten und Groundhopping","potentialAction":[{"@type":"SearchAction","target":{"@type":"EntryPoint","urlTemplate":"https:\/\/www.n-town.de\/glubbblog\/?s={search_term_string}"},"query-input":"required name=search_term_string"}],"inLanguage":"de"},{"@type":"ImageObject","@id":"https:\/\/www.n-town.de\/glubbblog\/index.php\/archives\/glubb-live\/5658-fcn-werder-bremen-32-toller-abschluss-und-drama-auf-der-anzeigetafel.html#primaryimage","inLanguage":"de","url":"https:\/\/www.n-town.de\/glubbblog\/wp-content\/uploads\/2013\/05\/20130519-140837.jpg","contentUrl":"https:\/\/www.n-town.de\/glubbblog\/wp-content\/uploads\/2013\/05\/20130519-140837.jpg","width":"300","height":"225"},{"@type":"WebPage","@id":"https:\/\/www.n-town.de\/glubbblog\/index.php\/archives\/glubb-live\/5658-fcn-werder-bremen-32-toller-abschluss-und-drama-auf-der-anzeigetafel.html#webpage","url":"https:\/\/www.n-town.de\/glubbblog\/index.php\/archives\/glubb-live\/5658-fcn-werder-bremen-32-toller-abschluss-und-drama-auf-der-anzeigetafel.html","name":"FCN - Werder Bremen 3:2! Toller Abschluss und Drama auf der Anzeigetafel! - Glubb-Blog","isPartOf":{"@id":"https:\/\/www.n-town.de\/glubbblog\/#website"},"primaryImageOfPage":{"@id":"https:\/\/www.n-town.de\/glubbblog\/index.php\/archives\/glubb-live\/5658-fcn-werder-bremen-32-toller-abschluss-und-drama-auf-der-anzeigetafel.html#primaryimage"},"datePublished":"2013-05-19T19:47:12+00:00","dateModified":"2013-05-21T08:47:43+00:00","author":{"@id":"https:\/\/www.n-town.de\/glubbblog\/#\/schema\/person\/23822a94b519ca1de591c4492e0e104e"},"breadcrumb":{"@id":"https:\/\/www.n-town.de\/glubbblog\/index.php\/archives\/glubb-live\/5658-fcn-werder-bremen-32-toller-abschluss-und-drama-auf-der-anzeigetafel.html#breadcrumb"},"inLanguage":"de","potentialAction":[{"@type":"ReadAction","target":["https:\/\/www.n-town.de\/glubbblog\/index.php\/archives\/glubb-live\/5658-fcn-werder-bremen-32-toller-abschluss-und-drama-auf-der-anzeigetafel.html"]}]},{"@type":"BreadcrumbList","@id":"https:\/\/www.n-town.de\/glubbblog\/index.php\/archives\/glubb-live\/5658-fcn-werder-bremen-32-toller-abschluss-und-drama-auf-der-anzeigetafel.html#breadcrumb","itemListElement":[{"@type":"ListItem","position":1,"name":"Home","item":"https:\/\/www.n-town.de\/glubbblog"},{"@type":"ListItem","position":2,"name":"FCN &#8211; Werder Bremen 3:2! Toller Abschluss und Drama auf der Anzeigetafel!"}]},{"@type":"Person","@id":"https:\/\/www.n-town.de\/glubbblog\/#\/schema\/person\/23822a94b519ca1de591c4492e0e104e","name":"Bomber Manolo","image":{"@type":"ImageObject","@id":"https:\/\/www.n-town.de\/glubbblog\/#personlogo","inLanguage":"de","url":"https:\/\/secure.gravatar.com\/avatar\/745e89a5226a55ce3ed5fac4a51dced8?s=96&d=mm&r=g","contentUrl":"https:\/\/secure.gravatar.com\/avatar\/745e89a5226a55ce3ed5fac4a51dced8?s=96&d=mm&r=g","caption":"Bomber Manolo"},"sameAs":["https:\/\/www.n-town.de"],"url":"https:\/\/www.n-town.de\/glubbblog\/index.php\/archives\/author\/andy"}]}},"_links":{"self":[{"href":"https:\/\/www.n-town.de\/glubbblog\/index.php\/wp-json\/wp\/v2\/posts\/5658"}],"collection":[{"href":"https:\/\/www.n-town.de\/glubbblog\/index.php\/wp-json\/wp\/v2\/posts"}],"about":[{"href":"https:\/\/www.n-town.de\/glubbblog\/index.php\/wp-json\/wp\/v2\/types\/post"}],"author":[{"embeddable":true,"href":"https:\/\/www.n-town.de\/glubbblog\/index.php\/wp-json\/wp\/v2\/users\/4"}],"replies":[{"embeddable":true,"href":"https:\/\/www.n-town.de\/glubbblog\/index.php\/wp-json\/wp\/v2\/comments?post=5658"}],"version-history":[{"count":4,"href":"https:\/\/www.n-town.de\/glubbblog\/index.php\/wp-json\/wp\/v2\/posts\/5658\/revisions"}],"predecessor-version":[{"id":5663,"href":"https:\/\/www.n-town.de\/glubbblog\/index.php\/wp-json\/wp\/v2\/posts\/5658\/revisions\/5663"}],"wp:attachment":[{"href":"https:\/\/www.n-town.de\/glubbblog\/index.php\/wp-json\/wp\/v2\/media?parent=5658"}],"wp:term":[{"taxonomy":"category","embeddable":true,"href":"https:\/\/www.n-town.de\/glubbblog\/index.php\/wp-json\/wp\/v2\/categories?post=5658"},{"taxonomy":"post_tag","embeddable":true,"href":"https:\/\/www.n-town.de\/glubbblog\/index.php\/wp-json\/wp\/v2\/tags?post=5658"}],"curies":[{"name":"wp","href":"https:\/\/api.w.org\/{rel}","templated":true}]}}