{"id":5924,"date":"2013-10-11T15:58:04","date_gmt":"2013-10-11T13:58:04","guid":{"rendered":"http:\/\/www.n-town.de\/glubbblog\/?p=5924"},"modified":"2013-10-11T15:58:04","modified_gmt":"2013-10-11T13:58:04","slug":"wurde-christian-gross-von-plapper-schramm-vertrieben","status":"publish","type":"post","link":"https:\/\/www.n-town.de\/glubbblog\/index.php\/archives\/fcn\/5924-wurde-christian-gross-von-plapper-schramm-vertrieben.html","title":{"rendered":"Wurde Christian Gross von Plapper-Schramm vertrieben?"},"content":{"rendered":"<p><a href=\"https:\/\/www.n-town.de\/glubbblog\/wp-content\/uploads\/2011\/10\/20111009-162521.jpg\"><img class=\"size-full alignleft\" src=\"https:\/\/www.n-town.de\/glubbblog\/wp-content\/uploads\/2011\/10\/20111009-162521.jpg\" alt=\"20111009-162521.jpg\" width=\"300\" \/><\/a>Was haben wir uns in den letzten Jahren immer gefreut, wenn bei anderen Vereinen das Chaos ausgebrochen war und die Dilettanten ihre Meinung in die Mikrophone bl\u00f6kten. Jede schmerzhafte Erinnerung an Zeiten, zu denen es am Valznerweiher genauso zuging, waren ja &#8220;<em>Gott sei Dank vorbei<\/em>&#8220;.<\/p>\n<p>&#8220;Waren&#8221; vorbei, denn seit dieser Woche herrscht wieder dieser &#8220;Dorfverein-Stile&#8221;, bei dem der Walter Kassier is aber der Kalle aber a gern wos zum soong h\u00e4tt:<\/p>\n<p>Hatte ich mich am Montag noch positiv dar\u00fcber ge\u00e4u\u00dfert, dass der nach dem <a href=\"https:\/\/www.n-town.de\/glubbblog\/index.php\/archives\/allgemein\/5895-glubb-hsv-05-fcn-begrust-mal-wieder-einen-neuen-trainer.html\" target=\"_blank\">0:5 gegen Hamburg<\/a> unausweichliche Trainerwechsel <a href=\"https:\/\/www.n-town.de\/glubbblog\/index.php\/archives\/allgemein\/5907-nach-dem-debakel-das-aus-glubb-entlasst-michael-wiesinger.html\" target=\"_blank\">so sachlich und gefasst<\/a> von statten ging, scheint es bei der Neuverpflichtung eines Wiesinger-Nachfolgers einen herben R\u00fcckschlag in alte Zeiten zu geben. Denn der Aufsichtsratsvorsitzende <strong>Klaus Schramm<\/strong> f\u00fchlte sich gen\u00f6tigt der <a href=\"http:\/\/www.bild.de\/sport\/fussball\/christian-gross\/haerter-als-hans-meyer-32899100.bild.html\" target=\"_blank\">BILD<\/a> folgende Informationen zu geben: \u201e<em>Herr Bader wird uns erst informieren, wenn die Tinte unter dem Vertrag trocken ist. Aber mich w\u00fcrde es schon sehr \u00fcberraschen, wenn Gross nicht kommt<\/em>\u201c. Ungef\u00e4hr das gleiche bekam dann auch noch Sky in einem Interview mitgeteilt (<a href=\"http:\/\/www.sky.de\/web\/cms\/de\/videos-fussball-fc-nuernberg.jsp?bctid=2733274712001\" target=\"_blank\">hier<\/a>). Martin Bader meinte gegen\u00fcber der <a href=\"http:\/\/www.nordbayern.de\/nuernberger-zeitung\/nz-sport\/fcn-koller-und-rutten-sind-heisse-anwarter-1.3208687\" target=\"_blank\">NZ<\/a>, dass er sich &#8220;<em>gew\u00fcnscht<\/em>&#8221; h\u00e4tte, &#8220;<em>dass so etwas intern bleibt<\/em>&#8220;. Nun hat Gross wohl abgesagt&#8230;<\/p>\n<p>Die N\u00fcrnberger Nachrichten schrieben deshalb sehr treffend im Kommentar &#8220;<a href=\"http:\/\/www.nordbayern.de\/nuernberger-nachrichten\/nn-sport\/kommentar-willkommen-im-chaos-club-1.3208811\" target=\"_blank\">Willkommen im Chaos-Club N\u00fcrnberg!<\/a>&#8220;:<\/p>\n<blockquote><p><em>&#8220;Mit seinem Alleingang hat Schramm nicht nur die Verhandlungsposition des eigentlich zust\u00e4ndigen Sportvorstands brutal geschw\u00e4cht, sondern gleichzeitig auch Gross einen fabelhaften Dienst erwiesen. Der Fu\u00dfballlehrer sitzt seitdem am l\u00e4ngeren Hebel, wei\u00df, dass aus Sicht der N\u00fcrnberger nicht mehr viel schiefgehen darf. (&#8230;) Der Aufsichtsratschef, immerhin drittm\u00e4chtigster Mann im Verein, h\u00e4tte wie alle anderen einfach den Mund halten m\u00fcssen, so wie es in ungleich ernsthafter gef\u00fchrten Vereinen wie diesem \u00fcblich ist. Stattdessen gibt der 1. FC N\u00fcrnberg mal wieder ein j\u00e4mmerliches Bild ab. Normalerweise geheime Diskussionsinhalte werden bei der erstbesten Gelegenheit am Telefon ausgeplaudert, Mitarbeiter und Kollegen damit blo\u00dfgestellt.&#8221; <\/em>(<a href=\"http:\/\/www.nordbayern.de\/nuernberger-nachrichten\/nn-sport\/kommentar-willkommen-im-chaos-club-1.3208811\" target=\"_blank\">sehr lesenswert hier<\/a>)<\/p><\/blockquote>\n<p>Glubberer69 forderte den 74j\u00e4hrigen in einer Art offener Brief auf, von &#8220;<a href=\"http:\/\/glubberer69.wordpress.com\/2013\/10\/09\/sehr-geehrter-herr-schramm\/\" target=\"_blank\">diesbez\u00fcglichen Aussagen solange ab, bis die Trainerfrage gekl\u00e4rt ist<\/a>&#8221; und Alex von <a href=\"http:\/\/www.clubfans-united.de\/2013\/10\/10\/schramm-in-der-kritik\/\" target=\"_blank\">Clubfans-United sieht Klaus Schramm ebenfalls in der Kritik<\/a>.<\/p>\n<p><strong>Ich finde&#8230;<\/strong><\/p>\n<p>&#8230;es unm\u00f6glich wenn sich da einzelne in den Vordergrund dr\u00e4ngen und nach dem Motto &#8220;<em>Herr Lehrer ich wei\u00df was<\/em>&#8221; Internas ausplaudern. Das ist sogar f\u00fcr den vielzitierten Dorfverein eine Blamage, f\u00fcr einen Bundesligaverein ist es ein absolutes No-Go! Wenn Herr Schramm auch mal gerne wichtig sein m\u00f6chte, dann kann man doch absprechen, dass er die Meldung f\u00fcr den neuen Trainer verlesen darf. Aber<a href=\"http:\/\/www.bild.de\/sport\/fussball\/martin-bader\/wenn-das-nicht-funktioniert-bekomme-ich-in-die-fresse-32919610.bild.html\" target=\"_blank\"> mitten in den Verhandlungen<\/a>, das erinnert an Zeiten, als beim FCN jemand den Spielern mit der &#8220;<a href=\"http:\/\/www.sueddeutsche.de\/sport\/eklat-beim-fc-nuernberg-roth-sieht-rot-1.316254\" target=\"_blank\"><em>Knarre das Hirn durchpusten<\/em><\/a>&#8221; wollte. F. Zenger findet auf Twitter das &#8220;<a href=\"https:\/\/twitter.com\/Jinxo82\/status\/388188597591224320\" target=\"_blank\">Verhalten des AR-Chefs absolut &#8216;rothesk&#8217;<\/a> &#8220;! \ud83d\ude42<\/p>\n<p>Zumal <a href=\"http:\/\/www.nordbayern.de\/sport\/gross-lehnt-angebot-des-1-fc-nurnberg-ab-1.3212097\" target=\"_blank\">Christian Gross das Angebot des Clubs inzwischen abgelehnt<\/a> hat, scheint es durchaus m\u00f6glich zu sein, dass er dem FCN einen B\u00e4rendienst erwiesen hat.<\/p>\n<p>Eventuell ist es aber am\u00a0kommenden Montag, dem 14.10.2013 im Rahmen der\u00a0<strong>Ordentlichen Mitgliederversammlung des 1.FC N\u00fcrnberg<\/strong>\u00a0m\u00f6glich, dass Herr Schramm sich zu den Vorw\u00fcrfen \u00e4u\u00dfert? Bei der <a href=\"http:\/\/www.fcn.de\/club\/mitgliederversammlung\/tagesordnung\/\" target=\"_blank\">Jahreshauptversammlung<\/a> finden ja eh Neuwahlen statt, also bin ich mir sicher, dass einige Mitglieder hier durchaus Fragen stellen k\u00f6nnten. Beginn 18:30 Uhr! \ud83d\ude42<\/p>\n","protected":false},"excerpt":{"rendered":"<p>Was haben wir uns in den letzten Jahren immer gefreut, wenn bei anderen Vereinen das Chaos ausgebrochen war und die Dilettanten ihre Meinung in die Mikrophone bl\u00f6kten. Jede schmerzhafte Erinnerung an Zeiten, zu denen es am Valznerweiher genauso zuging, waren ja &#8220;Gott sei Dank vorbei&#8220;. &#8220;Waren&#8221; vorbei, denn seit dieser Woche herrscht wieder dieser &#8220;Dorfverein-Stile&#8221;, [&hellip;]<\/p>\n","protected":false},"author":4,"featured_media":0,"comment_status":"open","ping_status":"open","sticky":false,"template":"","format":"standard","meta":{"spay_email":""},"categories":[127],"tags":[229,48,28,294],"jetpack_featured_media_url":"","yoast_head":"<!-- This site is optimized with the Yoast SEO plugin v18.3 - https:\/\/yoast.com\/wordpress\/plugins\/seo\/ -->\n<title>Wurde Christian Gross von Plapper-Schramm vertrieben? - Glubb-Blog<\/title>\n<meta name=\"robots\" content=\"index, follow, max-snippet:-1, max-image-preview:large, max-video-preview:-1\" \/>\n<link rel=\"canonical\" href=\"https:\/\/www.n-town.de\/glubbblog\/index.php\/archives\/fcn\/5924-wurde-christian-gross-von-plapper-schramm-vertrieben.html\" \/>\n<meta property=\"og:locale\" content=\"de_DE\" \/>\n<meta property=\"og:type\" content=\"article\" \/>\n<meta property=\"og:title\" content=\"Wurde Christian Gross von Plapper-Schramm vertrieben? - Glubb-Blog\" \/>\n<meta property=\"og:description\" content=\"Was haben wir uns in den letzten Jahren immer gefreut, wenn bei anderen Vereinen das Chaos ausgebrochen war und die Dilettanten ihre Meinung in die Mikrophone bl\u00f6kten. Jede schmerzhafte Erinnerung an Zeiten, zu denen es am Valznerweiher genauso zuging, waren ja &#8220;Gott sei Dank vorbei&#8220;. &#8220;Waren&#8221; vorbei, denn seit dieser Woche herrscht wieder dieser &#8220;Dorfverein-Stile&#8221;, [&hellip;]\" \/>\n<meta property=\"og:url\" content=\"https:\/\/www.n-town.de\/glubbblog\/index.php\/archives\/fcn\/5924-wurde-christian-gross-von-plapper-schramm-vertrieben.html\" \/>\n<meta property=\"og:site_name\" content=\"Glubb-Blog\" \/>\n<meta property=\"article:publisher\" content=\"https:\/\/www.facebook.com\/glubbblog\" \/>\n<meta property=\"article:published_time\" content=\"2013-10-11T13:58:04+00:00\" \/>\n<meta property=\"og:image\" content=\"https:\/\/www.n-town.de\/glubbblog\/wp-content\/uploads\/2011\/10\/20111009-162521.jpg\" \/>\n<meta name=\"twitter:card\" content=\"summary\" \/>\n<meta name=\"twitter:creator\" content=\"@glubb_blog_de\" \/>\n<meta name=\"twitter:site\" content=\"@glubb_blog_de\" \/>\n<meta name=\"twitter:label1\" content=\"Verfasst von\" \/>\n\t<meta name=\"twitter:data1\" content=\"Bomber Manolo\" \/>\n\t<meta name=\"twitter:label2\" content=\"Gesch\u00e4tzte Lesezeit\" \/>\n\t<meta name=\"twitter:data2\" content=\"3\u00a0Minuten\" \/>\n<script type=\"application\/ld+json\" class=\"yoast-schema-graph\">{\"@context\":\"https:\/\/schema.org\",\"@graph\":[{\"@type\":\"WebSite\",\"@id\":\"https:\/\/www.n-town.de\/glubbblog\/#website\",\"url\":\"https:\/\/www.n-town.de\/glubbblog\/\",\"name\":\"Glubb-Blog\",\"description\":\"Clubfans bei FCN-Ausw\u00e4rtsfahrten und Groundhopping\",\"potentialAction\":[{\"@type\":\"SearchAction\",\"target\":{\"@type\":\"EntryPoint\",\"urlTemplate\":\"https:\/\/www.n-town.de\/glubbblog\/?s={search_term_string}\"},\"query-input\":\"required name=search_term_string\"}],\"inLanguage\":\"de\"},{\"@type\":\"ImageObject\",\"@id\":\"https:\/\/www.n-town.de\/glubbblog\/index.php\/archives\/fcn\/5924-wurde-christian-gross-von-plapper-schramm-vertrieben.html#primaryimage\",\"inLanguage\":\"de\",\"url\":\"https:\/\/www.n-town.de\/glubbblog\/wp-content\/uploads\/2011\/10\/20111009-162521.jpg\",\"contentUrl\":\"https:\/\/www.n-town.de\/glubbblog\/wp-content\/uploads\/2011\/10\/20111009-162521.jpg\",\"width\":\"480\",\"height\":\"380\"},{\"@type\":\"WebPage\",\"@id\":\"https:\/\/www.n-town.de\/glubbblog\/index.php\/archives\/fcn\/5924-wurde-christian-gross-von-plapper-schramm-vertrieben.html#webpage\",\"url\":\"https:\/\/www.n-town.de\/glubbblog\/index.php\/archives\/fcn\/5924-wurde-christian-gross-von-plapper-schramm-vertrieben.html\",\"name\":\"Wurde Christian Gross von Plapper-Schramm vertrieben? - Glubb-Blog\",\"isPartOf\":{\"@id\":\"https:\/\/www.n-town.de\/glubbblog\/#website\"},\"primaryImageOfPage\":{\"@id\":\"https:\/\/www.n-town.de\/glubbblog\/index.php\/archives\/fcn\/5924-wurde-christian-gross-von-plapper-schramm-vertrieben.html#primaryimage\"},\"datePublished\":\"2013-10-11T13:58:04+00:00\",\"dateModified\":\"2013-10-11T13:58:04+00:00\",\"author\":{\"@id\":\"https:\/\/www.n-town.de\/glubbblog\/#\/schema\/person\/23822a94b519ca1de591c4492e0e104e\"},\"breadcrumb\":{\"@id\":\"https:\/\/www.n-town.de\/glubbblog\/index.php\/archives\/fcn\/5924-wurde-christian-gross-von-plapper-schramm-vertrieben.html#breadcrumb\"},\"inLanguage\":\"de\",\"potentialAction\":[{\"@type\":\"ReadAction\",\"target\":[\"https:\/\/www.n-town.de\/glubbblog\/index.php\/archives\/fcn\/5924-wurde-christian-gross-von-plapper-schramm-vertrieben.html\"]}]},{\"@type\":\"BreadcrumbList\",\"@id\":\"https:\/\/www.n-town.de\/glubbblog\/index.php\/archives\/fcn\/5924-wurde-christian-gross-von-plapper-schramm-vertrieben.html#breadcrumb\",\"itemListElement\":[{\"@type\":\"ListItem\",\"position\":1,\"name\":\"Home\",\"item\":\"https:\/\/www.n-town.de\/glubbblog\"},{\"@type\":\"ListItem\",\"position\":2,\"name\":\"Wurde Christian Gross von Plapper-Schramm vertrieben?\"}]},{\"@type\":\"Person\",\"@id\":\"https:\/\/www.n-town.de\/glubbblog\/#\/schema\/person\/23822a94b519ca1de591c4492e0e104e\",\"name\":\"Bomber Manolo\",\"image\":{\"@type\":\"ImageObject\",\"@id\":\"https:\/\/www.n-town.de\/glubbblog\/#personlogo\",\"inLanguage\":\"de\",\"url\":\"https:\/\/secure.gravatar.com\/avatar\/745e89a5226a55ce3ed5fac4a51dced8?s=96&d=mm&r=g\",\"contentUrl\":\"https:\/\/secure.gravatar.com\/avatar\/745e89a5226a55ce3ed5fac4a51dced8?s=96&d=mm&r=g\",\"caption\":\"Bomber Manolo\"},\"sameAs\":[\"https:\/\/www.n-town.de\"],\"url\":\"https:\/\/www.n-town.de\/glubbblog\/index.php\/archives\/author\/andy\"}]}<\/script>\n<!-- \/ Yoast SEO plugin. -->","yoast_head_json":{"title":"Wurde Christian Gross von Plapper-Schramm vertrieben? - Glubb-Blog","robots":{"index":"index","follow":"follow","max-snippet":"max-snippet:-1","max-image-preview":"max-image-preview:large","max-video-preview":"max-video-preview:-1"},"canonical":"https:\/\/www.n-town.de\/glubbblog\/index.php\/archives\/fcn\/5924-wurde-christian-gross-von-plapper-schramm-vertrieben.html","og_locale":"de_DE","og_type":"article","og_title":"Wurde Christian Gross von Plapper-Schramm vertrieben? - Glubb-Blog","og_description":"Was haben wir uns in den letzten Jahren immer gefreut, wenn bei anderen Vereinen das Chaos ausgebrochen war und die Dilettanten ihre Meinung in die Mikrophone bl\u00f6kten. Jede schmerzhafte Erinnerung an Zeiten, zu denen es am Valznerweiher genauso zuging, waren ja &#8220;Gott sei Dank vorbei&#8220;. &#8220;Waren&#8221; vorbei, denn seit dieser Woche herrscht wieder dieser &#8220;Dorfverein-Stile&#8221;, [&hellip;]","og_url":"https:\/\/www.n-town.de\/glubbblog\/index.php\/archives\/fcn\/5924-wurde-christian-gross-von-plapper-schramm-vertrieben.html","og_site_name":"Glubb-Blog","article_publisher":"https:\/\/www.facebook.com\/glubbblog","article_published_time":"2013-10-11T13:58:04+00:00","og_image":[{"url":"https:\/\/www.n-town.de\/glubbblog\/wp-content\/uploads\/2011\/10\/20111009-162521.jpg"}],"twitter_card":"summary","twitter_creator":"@glubb_blog_de","twitter_site":"@glubb_blog_de","twitter_misc":{"Verfasst von":"Bomber Manolo","Gesch\u00e4tzte Lesezeit":"3\u00a0Minuten"},"schema":{"@context":"https:\/\/schema.org","@graph":[{"@type":"WebSite","@id":"https:\/\/www.n-town.de\/glubbblog\/#website","url":"https:\/\/www.n-town.de\/glubbblog\/","name":"Glubb-Blog","description":"Clubfans bei FCN-Ausw\u00e4rtsfahrten und Groundhopping","potentialAction":[{"@type":"SearchAction","target":{"@type":"EntryPoint","urlTemplate":"https:\/\/www.n-town.de\/glubbblog\/?s={search_term_string}"},"query-input":"required name=search_term_string"}],"inLanguage":"de"},{"@type":"ImageObject","@id":"https:\/\/www.n-town.de\/glubbblog\/index.php\/archives\/fcn\/5924-wurde-christian-gross-von-plapper-schramm-vertrieben.html#primaryimage","inLanguage":"de","url":"https:\/\/www.n-town.de\/glubbblog\/wp-content\/uploads\/2011\/10\/20111009-162521.jpg","contentUrl":"https:\/\/www.n-town.de\/glubbblog\/wp-content\/uploads\/2011\/10\/20111009-162521.jpg","width":"480","height":"380"},{"@type":"WebPage","@id":"https:\/\/www.n-town.de\/glubbblog\/index.php\/archives\/fcn\/5924-wurde-christian-gross-von-plapper-schramm-vertrieben.html#webpage","url":"https:\/\/www.n-town.de\/glubbblog\/index.php\/archives\/fcn\/5924-wurde-christian-gross-von-plapper-schramm-vertrieben.html","name":"Wurde Christian Gross von Plapper-Schramm vertrieben? - Glubb-Blog","isPartOf":{"@id":"https:\/\/www.n-town.de\/glubbblog\/#website"},"primaryImageOfPage":{"@id":"https:\/\/www.n-town.de\/glubbblog\/index.php\/archives\/fcn\/5924-wurde-christian-gross-von-plapper-schramm-vertrieben.html#primaryimage"},"datePublished":"2013-10-11T13:58:04+00:00","dateModified":"2013-10-11T13:58:04+00:00","author":{"@id":"https:\/\/www.n-town.de\/glubbblog\/#\/schema\/person\/23822a94b519ca1de591c4492e0e104e"},"breadcrumb":{"@id":"https:\/\/www.n-town.de\/glubbblog\/index.php\/archives\/fcn\/5924-wurde-christian-gross-von-plapper-schramm-vertrieben.html#breadcrumb"},"inLanguage":"de","potentialAction":[{"@type":"ReadAction","target":["https:\/\/www.n-town.de\/glubbblog\/index.php\/archives\/fcn\/5924-wurde-christian-gross-von-plapper-schramm-vertrieben.html"]}]},{"@type":"BreadcrumbList","@id":"https:\/\/www.n-town.de\/glubbblog\/index.php\/archives\/fcn\/5924-wurde-christian-gross-von-plapper-schramm-vertrieben.html#breadcrumb","itemListElement":[{"@type":"ListItem","position":1,"name":"Home","item":"https:\/\/www.n-town.de\/glubbblog"},{"@type":"ListItem","position":2,"name":"Wurde Christian Gross von Plapper-Schramm vertrieben?"}]},{"@type":"Person","@id":"https:\/\/www.n-town.de\/glubbblog\/#\/schema\/person\/23822a94b519ca1de591c4492e0e104e","name":"Bomber Manolo","image":{"@type":"ImageObject","@id":"https:\/\/www.n-town.de\/glubbblog\/#personlogo","inLanguage":"de","url":"https:\/\/secure.gravatar.com\/avatar\/745e89a5226a55ce3ed5fac4a51dced8?s=96&d=mm&r=g","contentUrl":"https:\/\/secure.gravatar.com\/avatar\/745e89a5226a55ce3ed5fac4a51dced8?s=96&d=mm&r=g","caption":"Bomber Manolo"},"sameAs":["https:\/\/www.n-town.de"],"url":"https:\/\/www.n-town.de\/glubbblog\/index.php\/archives\/author\/andy"}]}},"_links":{"self":[{"href":"https:\/\/www.n-town.de\/glubbblog\/index.php\/wp-json\/wp\/v2\/posts\/5924"}],"collection":[{"href":"https:\/\/www.n-town.de\/glubbblog\/index.php\/wp-json\/wp\/v2\/posts"}],"about":[{"href":"https:\/\/www.n-town.de\/glubbblog\/index.php\/wp-json\/wp\/v2\/types\/post"}],"author":[{"embeddable":true,"href":"https:\/\/www.n-town.de\/glubbblog\/index.php\/wp-json\/wp\/v2\/users\/4"}],"replies":[{"embeddable":true,"href":"https:\/\/www.n-town.de\/glubbblog\/index.php\/wp-json\/wp\/v2\/comments?post=5924"}],"version-history":[{"count":5,"href":"https:\/\/www.n-town.de\/glubbblog\/index.php\/wp-json\/wp\/v2\/posts\/5924\/revisions"}],"predecessor-version":[{"id":5929,"href":"https:\/\/www.n-town.de\/glubbblog\/index.php\/wp-json\/wp\/v2\/posts\/5924\/revisions\/5929"}],"wp:attachment":[{"href":"https:\/\/www.n-town.de\/glubbblog\/index.php\/wp-json\/wp\/v2\/media?parent=5924"}],"wp:term":[{"taxonomy":"category","embeddable":true,"href":"https:\/\/www.n-town.de\/glubbblog\/index.php\/wp-json\/wp\/v2\/categories?post=5924"},{"taxonomy":"post_tag","embeddable":true,"href":"https:\/\/www.n-town.de\/glubbblog\/index.php\/wp-json\/wp\/v2\/tags?post=5924"}],"curies":[{"name":"wp","href":"https:\/\/api.w.org\/{rel}","templated":true}]}}