{"id":6268,"date":"2014-03-23T21:42:38","date_gmt":"2014-03-23T20:42:38","guid":{"rendered":"http:\/\/www.n-town.de\/glubbblog\/?p=6268"},"modified":"2014-03-27T11:19:56","modified_gmt":"2014-03-27T10:19:56","slug":"glubb-eintracht-frankfurt-25-das-hat-mit-bundesliga-nix-zu-tun","status":"publish","type":"post","link":"https:\/\/www.n-town.de\/glubbblog\/index.php\/archives\/glubb-live\/6268-glubb-eintracht-frankfurt-25-das-hat-mit-bundesliga-nix-zu-tun.html","title":{"rendered":"Glubb &#8211; Eintracht Frankfurt 2:5! Das hat mit Bundesliga nix zu tun!"},"content":{"rendered":"<p><a href=\"https:\/\/www.n-town.de\/glubbblog\/wp-content\/uploads\/2014\/03\/20140323-213832.jpg\"><img loading=\"lazy\" class=\" alignleft\" alt=\"20140323-213832.jpg\" src=\"https:\/\/www.n-town.de\/glubbblog\/wp-content\/uploads\/2014\/03\/20140323-213832.jpg\" width=\"240\" height=\"180\" \/><\/a>&#8220;Hier ist N\u00fcrnberg, wir melden uns vom Abgrund&#8221; hatte Radiomoderator G\u00fcnther Koch anno <a href=\"https:\/\/www.n-town.de\/glubbblog\/index.php\/archives\/fcn\/448-total-recall-abstieg-1999-12-gegen-freiburg-bei-51-fur-frankfurt.html\" target=\"_blank\">1999<\/a> in seinem legend\u00e4ren Bericht vom 5. Glubb-Abstieg am letzten Spieltag \u00fcber den \u00c4ther. Gro\u00dfer Gegner im Fernduell damals: Eintracht Frankfurt, die damals <a href=\"https:\/\/www.n-town.de\/glubbblog\/index.php\/archives\/fcn\/448-total-recall-abstieg-1999-12-gegen-freiburg-bei-51-fur-frankfurt.html\" target=\"_blank\">gegen Kaiserslautern die Tore <\/a>durften, wie sie sie brauchten. Heute kam es gegen eben diese Eintracht wieder zu einem &#8220;Abstiegsendspiel&#8221; und wieder durften die Tore machen, wie sie wollten. Und wieder liegen einem die Worte von damals auf dem Lippen: &#8220;<a href=\"https:\/\/www.n-town.de\/glubbblog\/index.php\/archives\/fcn\/448-total-recall-abstieg-1999-12-gegen-freiburg-bei-51-fur-frankfurt.html\" target=\"_blank\">Es ist nicht zu fassen, was der Club seinen Fans, was er seinen Anh\u00e4ngern und was er seinem treuen Publikum zumutet!<\/a>&#8221;<\/p>\n<p>Nur heute war nicht Otte Rehagel Schuld, sondern unsere Jungs h\u00f6chst pers\u00f6nlich. Dass der Schiedsrichter wieder einige Fehlentscheidungen getroffen hat, die vielleicht spielentscheidend sein k\u00f6nnten, will ich jetzt bei 2:5 nicht \u00fcberbewerten. Doch &#8220;Gertjans Reste-Rampe&#8221; ging sogar noch weiter und dezimierte sich f\u00fcr die kommenden Aufgaben noch weiter. Wie man nun noch bestehen will, da man bisher wirklich jeden Konkurrenten aufgebaut hat, bleibt mir ein R\u00e4tsel!<\/p>\n<p>Der FCN war heute n\u00e4mlich richtig schlecht &#8211; der <a href=\"https:\/\/www.n-town.de\/glubbblog\/index.php\/archives\/glubbfans\/6242-trainingsbesuch-der-fans-ich-bereue-diese-liebe-nicht.html\" target=\"_blank\">Trainingsbesuch<\/a> verpuffte also v\u00f6llig. Bis auf eine kurze Phase der Hoffung, als auch Tore fielen, waren sie \u00fcber weite Strecken dem Gegner unterlegen. Bestes Beispiel Pogatetz verliert ziemlich d\u00e4mlich den Ball gegen Aigner, der kann maschieren, querpassen und Barnetta netzt ein &#8211; sein erstes Tor seit Dezember 2010! Wow, &#8220;Aufbaugegner N\u00fcrnberg&#8221; hat wieder zugeschlagen.<\/p>\n<p>Aber ich m\u00f6chte jetzt nicht in die allgemeine Pogatetz-Schelte einstimmen, denn an seiner verunsicherten Spielweise konnte man sehen, dass ihm diese schlechte Leistung peinlich war. Nein, vielmehr kommt Poga in Bedr\u00e4ngnis, weil Kiyotake vorher recht lasch den Ball verliert&#8230; so wie er ihn halt meistens verliert. Verbeek hatte heute ebenfalls genug von ihm und wechselte ihn zur Pause aus.<\/p>\n<p>Leider war da aber Ondrej Petrak wohl schon auf dem Weg ins Krankenhaus. Denn nach einem Ellbogencheck von Joselu wurde er mit Nasenbeinbruch und Gehirnersch\u00fctterung ausgewechselt und wird sicherlich auch gegen Stuttgart fehlen. F\u00fcr mich ist das von Joselu eine unnat\u00fcrliche Armbewegung gewesen und darum w\u00fcrde ihn hier nicht von einer Absicht und somit Schuld freisprechen. Aber ich hab ja <a href=\"https:\/\/www.n-town.de\/glubbblog\/index.php\/archives\/fcn\/6087-glaubst-dassd-schneller-als-der-baer-bist.html\" target=\"_blank\">angek\u00fcndigt nicht mehr zu jammern<\/a>. Schiri hat anders entschieden &#8211; is ja nicht das erste Mal.<\/p>\n<p>Nach der Pause kam der Glubb mit dem eingewechselten Mak besser ins Spiel, die Tore machten aber wieder die Hessen: Nach einer einfachen Kopfballvorlage steht Aigner allein vor Sch\u00e4fer und bedient musterg\u00fcltig Joselu &#8211; achja, der war ja noch im Spiel. Wenig sp\u00e4ter staubt Madlung zum 0:3 ab! Madlung, der in der Winterpause arbeitslos war.<\/p>\n<p>Dann kam aber der Glubb! Und das ist das lobenswerte gewesen, sie haben nicht aufgegeben! Ein Traumpass von\u00a0Campa\u00f1a auf Drmic, hammerm\u00e4\u00dfige Annahme und ein strammer Strich in die lange Gambl! 1:3! Yea! Warum nicht \u00f6fters so!<\/p>\n<p>Nun die Eintracht verunsichert. Plattenhardt spielt vor dem Strafraum quer auf\u00a0Campa\u00f1a und der Spanier nagelt ihn aus 25 Metern links unten rein! 2:3! Hammer, kommt nun mal bei uns ein Wunder?<\/p>\n<p>Der FCN dr\u00fcckte nun, die Kulisse war da! Geile Phase, die darin gipfelte, dass sich Mak und Pekhart im Strafraum gegenseitig behinderten. &#8220;Nimm ihn Du&#8221; war f\u00f6rmlich zu h\u00f6ren. Gleich drauf ist Joselu nach einem Fehler durch und Pinola&#8230; nunja, er wird wohl seine F\u00fcsse ber\u00fchrt haben. Also geht die rote Karte dann auch in Ordnung. Also merken wir uns: Petrak verletzt, Pino gesperrt.<\/p>\n<p>Nun lie\u00df der Glubb die Fl\u00fcgel h\u00e4ngen. Joselu konnte abermals abstauben, ehe Kadlec in der Nachspielzeit sehenswert traf. Aus, vorbei, 2:5.<\/p>\n<p><strong>Fazit<\/strong><\/p>\n<p>Das wars wohl. Das 3. Endspiel in Folge verloren, die Konkurrenz davonziehen lassen und von der sch\u00f6nen Verbeek-Spielweise ist kaum mehr was zu sehen. Nur unverbesserliche Optimisten glauben jetzt noch an einen Klassenerhalt &#8211; und zu der Gruppe geh\u00f6re ich nun wirklich nicht. Oder man muss es von Berufswegen her glauben, so wie Gertjan Verbeek. Er meinte in der Pressekonferenz vor dem Eintracht-Spiel, dass er noch 4 Siege ben\u00f6tigen w\u00fcrde. Gegen wen die geholt werden ist zweitrangig. Richtig, aber da wir nun alle Mannschaften im Tabellenkeller mit Punkten vollstopfen, glaube ich auch nicht dass 35 Punkte reichen um sicher drin zu bleiben. Aber er ist der Fachmann, ich lass mich da gerne eines besseren belehren.<\/p>\n<p>Die heutigen Lichtblicke auf dem Platz waren Pinola,\u00a0Campa\u00f1a (Gl\u00fcckwunsch zum ersten Bundesligator!) und nat\u00fcrlich Drmic. Schwach f\u00fcr mein Empfinden Poga, Kiyo und Ballitsch &#8211; alle anderen sind eher arm dran und haben sich mit h\u00e4ngenden Schultern eingereit.<\/p>\n<p>Auf Dauer ist das Fehlen der Qualit\u00e4t durch die vielen verletzten wichtigen Spieler nicht von der Hand zu weisen.\u00a0Chandler, Hasebe, Gebhart,\u00a0Ginczek, Nilsson und jetzt Petrak, dazu Spieler wie Kiyotake vollkommen ausser Form, das kann unser kleiner Club nicht kompensieren.<\/p>\n<p>Das muss man einfach irgendwann erkennen und mal ehrlich, es gibt schlimmeres als einen Neuaufbau mit Gertjan Verbeek. Doch bis dahin is ja noch Zeit, vielleicht kommt ja doch ein Wunder, denn wie sang schon Zarah Leander &#8220;<em>ich wei\u00df es wird einmal ein wunder geschehen<\/em>&#8220;!<\/p>\n<p><strong>RelVoSprung 0 Punkte<\/strong><\/p>\n<p>Tja, auch der is wieder zusammengeschmolzen. Unsere Gegner schachern sich gegenseitig die Punkte zu und wir verlieren brav. Freiburg schl\u00e4gt Werder zuhause 3:1, gegen die wir <a href=\"https:\/\/www.n-town.de\/glubbblog\/index.php\/archives\/glubb-live\/6206-glubb-werder-bremen-02-ein-rueckschlag-zum-richtigen-zeitpunkt.html\" target=\"_blank\">zuhause 0:2<\/a> verloren. Stuttgart schl\u00e4gt mit nur einem Torschuss den Hamburger SV mit 1:0, bei denen wir vor Wochenfrist <a href=\"https:\/\/www.n-town.de\/glubbblog\/index.php\/archives\/glubb-live\/6216-hamburger-sv-glubb-21-willkommen-zurueck-an-der-klippe-zur-2-liga.html\" target=\"_blank\">ebenfalls verloren<\/a>. Bremen und nun auch Frankfurt sind mit 29 Punkten fast schon ausser Schlagweite. Nunja, der <a href=\"https:\/\/www.n-town.de\/glubbblog\/index.php\/archives\/glubb-live\/5972-glubb-freiburg-03-hier-ist-nurnberg-wir-melden-uns-vom-abgrund.html\" target=\"_blank\">RelVoSprung war in dieser Saison das erste Mal negativ<\/a>. Wird wohl doch ein Zeichen gewesen sein.<\/p>\n<p>Wir haben es nun fertig gebracht gegen unsere Konkurrenten zuhause 0:5 (HSV), 0:3 (SCF), 0:2 (SVWB) und 2:5 (SGE) zu verlieren. Ich f\u00fcrchte das KANN nicht ohne Konsequenzen sein.<\/p>\n<p>Nun kommt am Mittwoch der VFB Stuttgart ins Max-Morlock-Stadion: Mit neuem Trainer, dem ersten Sieg 2014 im R\u00fccken und dem wieder spielberechtigten Vedad Ibi\u0161evic?, der noch dazu liebend gerne gegen N\u00fcrnberg trifft. Wer wei\u00df, vielleicht gibt es ja ein Wunder? \ud83d\ude09<\/p>\n<p><em><strong><a href=\"https:\/\/www.n-town.de\/glubbblog\/index.php\/archives\/glubbfans\/6055-aus-dilemma-wird-trotz-ich-bereue-diese-liebe-nicht.html\" target=\"_blank\">Ich bereue diese Liebe nicht!<\/a><\/strong><\/em><\/p>\n<div id=\"geo-post-6268\" class=\"geo geo-post\" style=\"display: none\"><span class=\"latitude\">49.514045<\/span><span class=\"longitude\">11.270244<\/span><\/div>","protected":false},"excerpt":{"rendered":"<p>&#8220;Hier ist N\u00fcrnberg, wir melden uns vom Abgrund&#8221; hatte Radiomoderator G\u00fcnther Koch anno 1999 in seinem legend\u00e4ren Bericht vom 5. Glubb-Abstieg am letzten Spieltag \u00fcber den \u00c4ther. Gro\u00dfer Gegner im Fernduell damals: Eintracht Frankfurt, die damals gegen Kaiserslautern die Tore durften, wie sie sie brauchten. Heute kam es gegen eben diese Eintracht wieder zu einem [&hellip;]<\/p>\n","protected":false},"author":4,"featured_media":0,"comment_status":"open","ping_status":"open","sticky":false,"template":"","format":"standard","meta":{"spay_email":""},"categories":[5],"tags":[83],"jetpack_featured_media_url":"","yoast_head":"<!-- This site is optimized with the Yoast SEO plugin v18.3 - https:\/\/yoast.com\/wordpress\/plugins\/seo\/ -->\n<title>Glubb - Eintracht Frankfurt 2:5! Das hat mit Bundesliga nix zu tun! - Glubb-Blog<\/title>\n<meta name=\"robots\" content=\"index, follow, max-snippet:-1, max-image-preview:large, max-video-preview:-1\" \/>\n<link rel=\"canonical\" href=\"https:\/\/www.n-town.de\/glubbblog\/index.php\/archives\/glubb-live\/6268-glubb-eintracht-frankfurt-25-das-hat-mit-bundesliga-nix-zu-tun.html\" \/>\n<meta property=\"og:locale\" content=\"de_DE\" \/>\n<meta property=\"og:type\" content=\"article\" \/>\n<meta property=\"og:title\" content=\"Glubb - Eintracht Frankfurt 2:5! Das hat mit Bundesliga nix zu tun! - Glubb-Blog\" \/>\n<meta property=\"og:description\" content=\"&#8220;Hier ist N\u00fcrnberg, wir melden uns vom Abgrund&#8221; hatte Radiomoderator G\u00fcnther Koch anno 1999 in seinem legend\u00e4ren Bericht vom 5. Glubb-Abstieg am letzten Spieltag \u00fcber den \u00c4ther. Gro\u00dfer Gegner im Fernduell damals: Eintracht Frankfurt, die damals gegen Kaiserslautern die Tore durften, wie sie sie brauchten. Heute kam es gegen eben diese Eintracht wieder zu einem [&hellip;]\" \/>\n<meta property=\"og:url\" content=\"https:\/\/www.n-town.de\/glubbblog\/index.php\/archives\/glubb-live\/6268-glubb-eintracht-frankfurt-25-das-hat-mit-bundesliga-nix-zu-tun.html\" \/>\n<meta property=\"og:site_name\" content=\"Glubb-Blog\" \/>\n<meta property=\"article:publisher\" content=\"https:\/\/www.facebook.com\/glubbblog\" \/>\n<meta property=\"article:published_time\" content=\"2014-03-23T20:42:38+00:00\" \/>\n<meta property=\"article:modified_time\" content=\"2014-03-27T10:19:56+00:00\" \/>\n<meta property=\"og:image\" content=\"https:\/\/www.n-town.de\/glubbblog\/wp-content\/uploads\/2014\/03\/20140323-213832.jpg\" \/>\n<meta name=\"twitter:card\" content=\"summary\" \/>\n<meta name=\"twitter:creator\" content=\"@glubb_blog_de\" \/>\n<meta name=\"twitter:site\" content=\"@glubb_blog_de\" \/>\n<meta name=\"twitter:label1\" content=\"Verfasst von\" \/>\n\t<meta name=\"twitter:data1\" content=\"Bomber Manolo\" \/>\n\t<meta name=\"twitter:label2\" content=\"Gesch\u00e4tzte Lesezeit\" \/>\n\t<meta name=\"twitter:data2\" content=\"5\u00a0Minuten\" \/>\n<script type=\"application\/ld+json\" class=\"yoast-schema-graph\">{\"@context\":\"https:\/\/schema.org\",\"@graph\":[{\"@type\":\"WebSite\",\"@id\":\"https:\/\/www.n-town.de\/glubbblog\/#website\",\"url\":\"https:\/\/www.n-town.de\/glubbblog\/\",\"name\":\"Glubb-Blog\",\"description\":\"Clubfans bei FCN-Ausw\u00e4rtsfahrten und Groundhopping\",\"potentialAction\":[{\"@type\":\"SearchAction\",\"target\":{\"@type\":\"EntryPoint\",\"urlTemplate\":\"https:\/\/www.n-town.de\/glubbblog\/?s={search_term_string}\"},\"query-input\":\"required name=search_term_string\"}],\"inLanguage\":\"de\"},{\"@type\":\"ImageObject\",\"@id\":\"https:\/\/www.n-town.de\/glubbblog\/index.php\/archives\/glubb-live\/6268-glubb-eintracht-frankfurt-25-das-hat-mit-bundesliga-nix-zu-tun.html#primaryimage\",\"inLanguage\":\"de\",\"url\":\"https:\/\/www.n-town.de\/glubbblog\/wp-content\/uploads\/2014\/03\/20140323-213832.jpg\",\"contentUrl\":\"https:\/\/www.n-town.de\/glubbblog\/wp-content\/uploads\/2014\/03\/20140323-213832.jpg\",\"width\":300,\"height\":225},{\"@type\":\"WebPage\",\"@id\":\"https:\/\/www.n-town.de\/glubbblog\/index.php\/archives\/glubb-live\/6268-glubb-eintracht-frankfurt-25-das-hat-mit-bundesliga-nix-zu-tun.html#webpage\",\"url\":\"https:\/\/www.n-town.de\/glubbblog\/index.php\/archives\/glubb-live\/6268-glubb-eintracht-frankfurt-25-das-hat-mit-bundesliga-nix-zu-tun.html\",\"name\":\"Glubb - Eintracht Frankfurt 2:5! Das hat mit Bundesliga nix zu tun! - Glubb-Blog\",\"isPartOf\":{\"@id\":\"https:\/\/www.n-town.de\/glubbblog\/#website\"},\"primaryImageOfPage\":{\"@id\":\"https:\/\/www.n-town.de\/glubbblog\/index.php\/archives\/glubb-live\/6268-glubb-eintracht-frankfurt-25-das-hat-mit-bundesliga-nix-zu-tun.html#primaryimage\"},\"datePublished\":\"2014-03-23T20:42:38+00:00\",\"dateModified\":\"2014-03-27T10:19:56+00:00\",\"author\":{\"@id\":\"https:\/\/www.n-town.de\/glubbblog\/#\/schema\/person\/23822a94b519ca1de591c4492e0e104e\"},\"breadcrumb\":{\"@id\":\"https:\/\/www.n-town.de\/glubbblog\/index.php\/archives\/glubb-live\/6268-glubb-eintracht-frankfurt-25-das-hat-mit-bundesliga-nix-zu-tun.html#breadcrumb\"},\"inLanguage\":\"de\",\"potentialAction\":[{\"@type\":\"ReadAction\",\"target\":[\"https:\/\/www.n-town.de\/glubbblog\/index.php\/archives\/glubb-live\/6268-glubb-eintracht-frankfurt-25-das-hat-mit-bundesliga-nix-zu-tun.html\"]}]},{\"@type\":\"BreadcrumbList\",\"@id\":\"https:\/\/www.n-town.de\/glubbblog\/index.php\/archives\/glubb-live\/6268-glubb-eintracht-frankfurt-25-das-hat-mit-bundesliga-nix-zu-tun.html#breadcrumb\",\"itemListElement\":[{\"@type\":\"ListItem\",\"position\":1,\"name\":\"Home\",\"item\":\"https:\/\/www.n-town.de\/glubbblog\"},{\"@type\":\"ListItem\",\"position\":2,\"name\":\"Glubb &#8211; Eintracht Frankfurt 2:5! Das hat mit Bundesliga nix zu tun!\"}]},{\"@type\":\"Person\",\"@id\":\"https:\/\/www.n-town.de\/glubbblog\/#\/schema\/person\/23822a94b519ca1de591c4492e0e104e\",\"name\":\"Bomber Manolo\",\"image\":{\"@type\":\"ImageObject\",\"@id\":\"https:\/\/www.n-town.de\/glubbblog\/#personlogo\",\"inLanguage\":\"de\",\"url\":\"https:\/\/secure.gravatar.com\/avatar\/745e89a5226a55ce3ed5fac4a51dced8?s=96&d=mm&r=g\",\"contentUrl\":\"https:\/\/secure.gravatar.com\/avatar\/745e89a5226a55ce3ed5fac4a51dced8?s=96&d=mm&r=g\",\"caption\":\"Bomber Manolo\"},\"sameAs\":[\"https:\/\/www.n-town.de\"],\"url\":\"https:\/\/www.n-town.de\/glubbblog\/index.php\/archives\/author\/andy\"}]}<\/script>\n<!-- \/ Yoast SEO plugin. -->","yoast_head_json":{"title":"Glubb - Eintracht Frankfurt 2:5! Das hat mit Bundesliga nix zu tun! - Glubb-Blog","robots":{"index":"index","follow":"follow","max-snippet":"max-snippet:-1","max-image-preview":"max-image-preview:large","max-video-preview":"max-video-preview:-1"},"canonical":"https:\/\/www.n-town.de\/glubbblog\/index.php\/archives\/glubb-live\/6268-glubb-eintracht-frankfurt-25-das-hat-mit-bundesliga-nix-zu-tun.html","og_locale":"de_DE","og_type":"article","og_title":"Glubb - Eintracht Frankfurt 2:5! Das hat mit Bundesliga nix zu tun! - Glubb-Blog","og_description":"&#8220;Hier ist N\u00fcrnberg, wir melden uns vom Abgrund&#8221; hatte Radiomoderator G\u00fcnther Koch anno 1999 in seinem legend\u00e4ren Bericht vom 5. Glubb-Abstieg am letzten Spieltag \u00fcber den \u00c4ther. Gro\u00dfer Gegner im Fernduell damals: Eintracht Frankfurt, die damals gegen Kaiserslautern die Tore durften, wie sie sie brauchten. Heute kam es gegen eben diese Eintracht wieder zu einem [&hellip;]","og_url":"https:\/\/www.n-town.de\/glubbblog\/index.php\/archives\/glubb-live\/6268-glubb-eintracht-frankfurt-25-das-hat-mit-bundesliga-nix-zu-tun.html","og_site_name":"Glubb-Blog","article_publisher":"https:\/\/www.facebook.com\/glubbblog","article_published_time":"2014-03-23T20:42:38+00:00","article_modified_time":"2014-03-27T10:19:56+00:00","og_image":[{"url":"https:\/\/www.n-town.de\/glubbblog\/wp-content\/uploads\/2014\/03\/20140323-213832.jpg"}],"twitter_card":"summary","twitter_creator":"@glubb_blog_de","twitter_site":"@glubb_blog_de","twitter_misc":{"Verfasst von":"Bomber Manolo","Gesch\u00e4tzte Lesezeit":"5\u00a0Minuten"},"schema":{"@context":"https:\/\/schema.org","@graph":[{"@type":"WebSite","@id":"https:\/\/www.n-town.de\/glubbblog\/#website","url":"https:\/\/www.n-town.de\/glubbblog\/","name":"Glubb-Blog","description":"Clubfans bei FCN-Ausw\u00e4rtsfahrten und Groundhopping","potentialAction":[{"@type":"SearchAction","target":{"@type":"EntryPoint","urlTemplate":"https:\/\/www.n-town.de\/glubbblog\/?s={search_term_string}"},"query-input":"required name=search_term_string"}],"inLanguage":"de"},{"@type":"ImageObject","@id":"https:\/\/www.n-town.de\/glubbblog\/index.php\/archives\/glubb-live\/6268-glubb-eintracht-frankfurt-25-das-hat-mit-bundesliga-nix-zu-tun.html#primaryimage","inLanguage":"de","url":"https:\/\/www.n-town.de\/glubbblog\/wp-content\/uploads\/2014\/03\/20140323-213832.jpg","contentUrl":"https:\/\/www.n-town.de\/glubbblog\/wp-content\/uploads\/2014\/03\/20140323-213832.jpg","width":300,"height":225},{"@type":"WebPage","@id":"https:\/\/www.n-town.de\/glubbblog\/index.php\/archives\/glubb-live\/6268-glubb-eintracht-frankfurt-25-das-hat-mit-bundesliga-nix-zu-tun.html#webpage","url":"https:\/\/www.n-town.de\/glubbblog\/index.php\/archives\/glubb-live\/6268-glubb-eintracht-frankfurt-25-das-hat-mit-bundesliga-nix-zu-tun.html","name":"Glubb - Eintracht Frankfurt 2:5! Das hat mit Bundesliga nix zu tun! - Glubb-Blog","isPartOf":{"@id":"https:\/\/www.n-town.de\/glubbblog\/#website"},"primaryImageOfPage":{"@id":"https:\/\/www.n-town.de\/glubbblog\/index.php\/archives\/glubb-live\/6268-glubb-eintracht-frankfurt-25-das-hat-mit-bundesliga-nix-zu-tun.html#primaryimage"},"datePublished":"2014-03-23T20:42:38+00:00","dateModified":"2014-03-27T10:19:56+00:00","author":{"@id":"https:\/\/www.n-town.de\/glubbblog\/#\/schema\/person\/23822a94b519ca1de591c4492e0e104e"},"breadcrumb":{"@id":"https:\/\/www.n-town.de\/glubbblog\/index.php\/archives\/glubb-live\/6268-glubb-eintracht-frankfurt-25-das-hat-mit-bundesliga-nix-zu-tun.html#breadcrumb"},"inLanguage":"de","potentialAction":[{"@type":"ReadAction","target":["https:\/\/www.n-town.de\/glubbblog\/index.php\/archives\/glubb-live\/6268-glubb-eintracht-frankfurt-25-das-hat-mit-bundesliga-nix-zu-tun.html"]}]},{"@type":"BreadcrumbList","@id":"https:\/\/www.n-town.de\/glubbblog\/index.php\/archives\/glubb-live\/6268-glubb-eintracht-frankfurt-25-das-hat-mit-bundesliga-nix-zu-tun.html#breadcrumb","itemListElement":[{"@type":"ListItem","position":1,"name":"Home","item":"https:\/\/www.n-town.de\/glubbblog"},{"@type":"ListItem","position":2,"name":"Glubb &#8211; Eintracht Frankfurt 2:5! Das hat mit Bundesliga nix zu tun!"}]},{"@type":"Person","@id":"https:\/\/www.n-town.de\/glubbblog\/#\/schema\/person\/23822a94b519ca1de591c4492e0e104e","name":"Bomber Manolo","image":{"@type":"ImageObject","@id":"https:\/\/www.n-town.de\/glubbblog\/#personlogo","inLanguage":"de","url":"https:\/\/secure.gravatar.com\/avatar\/745e89a5226a55ce3ed5fac4a51dced8?s=96&d=mm&r=g","contentUrl":"https:\/\/secure.gravatar.com\/avatar\/745e89a5226a55ce3ed5fac4a51dced8?s=96&d=mm&r=g","caption":"Bomber Manolo"},"sameAs":["https:\/\/www.n-town.de"],"url":"https:\/\/www.n-town.de\/glubbblog\/index.php\/archives\/author\/andy"}]}},"_links":{"self":[{"href":"https:\/\/www.n-town.de\/glubbblog\/index.php\/wp-json\/wp\/v2\/posts\/6268"}],"collection":[{"href":"https:\/\/www.n-town.de\/glubbblog\/index.php\/wp-json\/wp\/v2\/posts"}],"about":[{"href":"https:\/\/www.n-town.de\/glubbblog\/index.php\/wp-json\/wp\/v2\/types\/post"}],"author":[{"embeddable":true,"href":"https:\/\/www.n-town.de\/glubbblog\/index.php\/wp-json\/wp\/v2\/users\/4"}],"replies":[{"embeddable":true,"href":"https:\/\/www.n-town.de\/glubbblog\/index.php\/wp-json\/wp\/v2\/comments?post=6268"}],"version-history":[{"count":7,"href":"https:\/\/www.n-town.de\/glubbblog\/index.php\/wp-json\/wp\/v2\/posts\/6268\/revisions"}],"predecessor-version":[{"id":6277,"href":"https:\/\/www.n-town.de\/glubbblog\/index.php\/wp-json\/wp\/v2\/posts\/6268\/revisions\/6277"}],"wp:attachment":[{"href":"https:\/\/www.n-town.de\/glubbblog\/index.php\/wp-json\/wp\/v2\/media?parent=6268"}],"wp:term":[{"taxonomy":"category","embeddable":true,"href":"https:\/\/www.n-town.de\/glubbblog\/index.php\/wp-json\/wp\/v2\/categories?post=6268"},{"taxonomy":"post_tag","embeddable":true,"href":"https:\/\/www.n-town.de\/glubbblog\/index.php\/wp-json\/wp\/v2\/tags?post=6268"}],"curies":[{"name":"wp","href":"https:\/\/api.w.org\/{rel}","templated":true}]}}