{"id":6499,"date":"2014-06-23T08:44:08","date_gmt":"2014-06-23T06:44:08","guid":{"rendered":"http:\/\/www.n-town.de\/glubbblog\/?p=6499"},"modified":"2014-06-23T00:46:24","modified_gmt":"2014-06-22T22:46:24","slug":"trainingsauftakt-wir-wollen-eure-farben-in-ehre-tragen-zusammen-zurueck-nach-oben","status":"publish","type":"post","link":"https:\/\/www.n-town.de\/glubbblog\/index.php\/archives\/fcn\/6499-trainingsauftakt-wir-wollen-eure-farben-in-ehre-tragen-zusammen-zurueck-nach-oben.html","title":{"rendered":"Trainingsauftakt: Wir wollen Eure Farben in Ehre tragen &#8211; Zusammen zur\u00fcck nach oben!"},"content":{"rendered":"<p>Trainingsauftakt beim 1.FC N\u00fcrnberg! Es geht wieder los, auch wenn &#8211; wie Martin Bader es treffend formulierte &#8211; jeder noch Probleme damit hat, dass es nur die 2. Liga ist, in der es wieder losgeht. Und es wird in jedem Fall eine besondere Saison!<\/p>\n<p><a href=\"https:\/\/www.n-town.de\/glubbblog\/wp-content\/uploads\/2014\/06\/IMG_0507_1.jpg\"><img loading=\"lazy\" class=\"size-full wp-image-6500 aligncenter\" alt=\"IMG_0507_1\" src=\"https:\/\/www.n-town.de\/glubbblog\/wp-content\/uploads\/2014\/06\/IMG_0507_1.jpg\" width=\"500\" height=\"141\" srcset=\"https:\/\/www.n-town.de\/glubbblog\/wp-content\/uploads\/2014\/06\/IMG_0507_1.jpg 500w, https:\/\/www.n-town.de\/glubbblog\/wp-content\/uploads\/2014\/06\/IMG_0507_1-300x84.jpg 300w\" sizes=\"(max-width: 500px) 100vw, 500px\" \/><\/a><\/p>\n<p>Denn mit Per Nilsson, Marvin Plattenhardt, Emanuel Pogatetz, Hanno Balitsch, Jos\u00e9 Campana, Josip Drmic, Markus Feulner, Makoto Hasebe, Adam Hlousek, Timothy Chandler, Berkay Dabanli, Daniel Ginczek, Mike Frantz, Sebastian G\u00e4rtner, Sinan Tekerci haben sage und schreibe 15 Akteuere den Glubb verlassen &#8211; 12 aus der ersten Wahl der vergangene Saison. Den Spruch mit den Ratten und dem sinkenden Schiff verkneif ich mir etz mal und halte es lieber mit Martin Bader, der meinte dass dieses Interesse der Erstligisten zeige, dass der Kader &#8220;auf dem Papier&#8221; doch recht gut zusammengestellt gewesen w\u00e4re. Da is was dran, nur leider brachten diese Jungs in Kombination nur 26 Punkte zustande.<\/p>\n<p>Doch vergessen, diese unterirdische Saison muss aus den K\u00f6pfen gestrichen werden und da war diese Veranstaltung heute genau das richtige:<\/p>\n<p><a href=\"https:\/\/www.n-town.de\/glubbblog\/wp-content\/uploads\/2014\/06\/IMG_0516.jpg\"><img loading=\"lazy\" class=\"alignleft size-medium wp-image-6504\" alt=\"IMG_0516\" src=\"https:\/\/www.n-town.de\/glubbblog\/wp-content\/uploads\/2014\/06\/IMG_0516-300x199.jpg\" width=\"300\" height=\"199\" srcset=\"https:\/\/www.n-town.de\/glubbblog\/wp-content\/uploads\/2014\/06\/IMG_0516-300x199.jpg 300w, https:\/\/www.n-town.de\/glubbblog\/wp-content\/uploads\/2014\/06\/IMG_0516.jpg 500w\" sizes=\"(max-width: 300px) 100vw, 300px\" \/><\/a>Ausnahmezustand rund um den Valznerweiher! Parkplatzmangel wie zu guten alten Zeiten. <a href=\"http:\/\/www.nordbayern.de\/nuernberger-zeitung\/nz-sport\/zasur-brachte-den-spass-zuruck-beim-club-1.3724168\" target=\"_blank\">Stefan Jablonka von der NZ<\/a> sch\u00e4tzt 2.200 Zuschauer, <a href=\"http:\/\/www.fcn.de\/news\/artikel\/startschuss-zur-saisonvorbereitung-201415\/\" target=\"_blank\">fcn.de gar 3.000<\/a>! Aufbruchstimmung! Da traf das Plakat, das die Spieler zu Beginn den Fans pr\u00e4sentierten genau den Nerv: &#8220;<strong>Wir wollen Eure Farben in Ehre tragen &#8211; Zusammen zur\u00fcck nach oben!<\/strong>&#8221;<\/p>\n<p>Mit <a href=\"https:\/\/www.n-town.de\/glubbblog\/index.php\/archives\/fcn\/6485-neuer-glubb-trainer-bienvenue-valerien-ismael.html\" target=\"_blank\">Val\u00e8rien Isma\u00ebl ein neuer Trainer<\/a>, der zwar wenig Erfahrung hat, daf\u00fcr aber umso mehr Vorschusslorbeeren und vor allem Potential! Die Glubberer scheinen ihm die verdiente Chance zu geben!<\/p>\n<p><a href=\"https:\/\/www.n-town.de\/glubbblog\/wp-content\/uploads\/2014\/06\/IMG_0503.jpg\"><img loading=\"lazy\" class=\"alignright size-medium wp-image-6505\" alt=\"IMG_0503\" src=\"https:\/\/www.n-town.de\/glubbblog\/wp-content\/uploads\/2014\/06\/IMG_0503-300x199.jpg\" width=\"300\" height=\"199\" srcset=\"https:\/\/www.n-town.de\/glubbblog\/wp-content\/uploads\/2014\/06\/IMG_0503-300x199.jpg 300w, https:\/\/www.n-town.de\/glubbblog\/wp-content\/uploads\/2014\/06\/IMG_0503.jpg 500w\" sizes=\"(max-width: 300px) 100vw, 300px\" \/><\/a>Dazu neue Gesichter: Dave Bulthuis, Cristian Ramirez, \u00d6zg\u00fcr \u00d6zdemir, Even Hovland, Danny Blum, Willi Evseev, Mike Ott und nat\u00fcrlich den Torsch\u00fctzenk\u00f6nig der vergangenen Zweitligasaison Jakub Sylvestr! R\u00fcckkehrer sind auch dabei: <a href=\"https:\/\/www.n-town.de\/glubbblog\/index.php\/archives\/dfb-pokal\/114-der-1fc-nuernberg-ist-dfb-pokalsieger-2007.html\" target=\"_blank\">Pokalsieger<\/a> Jan Polak und der nach Sandhausen ausgeliehene Markus Mendler (der leider in der Aufstellung der R\u00fcckennummern fehlte).<\/p>\n<p><a href=\"https:\/\/www.n-town.de\/glubbblog\/wp-content\/uploads\/2014\/06\/Pinola.jpg\"><img loading=\"lazy\" class=\"alignleft size-full wp-image-6508\" alt=\"Pinola\" src=\"https:\/\/www.n-town.de\/glubbblog\/wp-content\/uploads\/2014\/06\/Pinola.jpg\" width=\"130\" height=\"174\" \/><\/a>Die Glubbfans seinen richtig Bock auf diese neue Truppe zu haben, die mit der neuen Frisur von Javier Pinola den Hingucker des Tages hatte: Wobei Frisur \u00fcbertrieben ist, denn der Argentinier tr\u00e4gt nun Vollglatze. F\u00fcr mich ist das ein Sinnbild f\u00fcr die Situation beim FCN:<\/p>\n<p><strong><em>Hat man bisher Defizite peinlich kaschiert, so besinnt man sich nun gradlinig auf das Wesentliche!<\/em><\/strong><\/p>\n<p>Alles in Allem eine sch\u00f6ne Veranstaltung bei bestem Wetter &#8211; und ich muss sagen, mich hat das &#8220;neue Glubb-Fieber&#8221; gepackt! <strong>Alles f\u00fcr rot-schwarz!<\/strong><\/p>\n<p>Hier nun noch die R\u00fcckennummern des neuen 1.FC N\u00fcrnberg:<\/p>\n<p><a href=\"https:\/\/www.n-town.de\/glubbblog\/wp-content\/uploads\/2014\/06\/IMG_0553.jpg\"><img loading=\"lazy\" class=\"alignright size-medium wp-image-6510\" alt=\"IMG_0553\" src=\"https:\/\/www.n-town.de\/glubbblog\/wp-content\/uploads\/2014\/06\/IMG_0553-300x199.jpg\" width=\"300\" height=\"199\" srcset=\"https:\/\/www.n-town.de\/glubbblog\/wp-content\/uploads\/2014\/06\/IMG_0553-300x199.jpg 300w, https:\/\/www.n-town.de\/glubbblog\/wp-content\/uploads\/2014\/06\/IMG_0553.jpg 500w\" sizes=\"(max-width: 300px) 100vw, 300px\" \/><\/a>1 Raphael Sch\u00e4fer<br \/>\n3 Even Hovland<br \/>\n4 Dave Bulthuis<br \/>\n6 Martin Angha<br \/>\n7 Danny Blum<br \/>\n8 Jan Polak<br \/>\n9 Tomas Pekhart<br \/>\n10 Timo Gebhart<br \/>\n11 Jakub Sylvestr<br \/>\n13 Hiroshi Kiyotake<br \/>\n14 Robert Mak<br \/>\n16 Niklas Stark<br \/>\n17 Antonio-Mirko Colak<br \/>\n18 Willi Evseev<br \/>\n<a href=\"https:\/\/www.n-town.de\/glubbblog\/wp-content\/uploads\/2014\/06\/IMG_0524.jpg\"><img loading=\"lazy\" class=\"alignright size-medium wp-image-6512\" alt=\"IMG_0524\" src=\"https:\/\/www.n-town.de\/glubbblog\/wp-content\/uploads\/2014\/06\/IMG_0524-300x199.jpg\" width=\"300\" height=\"199\" srcset=\"https:\/\/www.n-town.de\/glubbblog\/wp-content\/uploads\/2014\/06\/IMG_0524-300x199.jpg 300w, https:\/\/www.n-town.de\/glubbblog\/wp-content\/uploads\/2014\/06\/IMG_0524.jpg 500w\" sizes=\"(max-width: 300px) 100vw, 300px\" \/><\/a>19 Mike Ott<br \/>\n20 \u00d6zg\u00fcr \u00d6zdemir<br \/>\n21 Mariusz Stepinski<br \/>\n22 Patrick Rakovsky<br \/>\n25 Javier Pinola<br \/>\n(27 Markus Mendler)<br \/>\n29 Cristian Ramirez<br \/>\n31 Ondrej Petrak<br \/>\n32 Benjamin Uphoff<br \/>\n33 Tobias Pachonik<\/p>\n<p><strong>Weitere Termine:<\/strong><\/p>\n<ul>\n<li>Testspiel gegen TSV 09 Gr\u00e4fenberg in Gr\u00e4fenberg (Sa, 28.06.14 um 16 Uhr)<\/li>\n<li>Testspiel gegen TSV 1860 Wei\u00dfenburg in Wei\u00dfenburg (Mi, 02.07.14 um 18.30 Uhr)<\/li>\n<li>Trainingslager in Oberstaufen vom 07. &#8211; 14.07.14<\/li>\n<li>Testspiel gegen eine Auswahl in Kempten (Mi, 09.07.14 um 18.30 Uhr)<\/li>\n<li>Testspiel gegen FC Valencia in Weismain (Sa, 19.07.14 um 17 Uhr)<\/li>\n<li>Testspiel gegen FC Ingolstadt 04 in Roth (Di, 22.07.14 um 17.30 Uhr)<\/li>\n<li>Testspiel am Sa, 26.07.14 ist noch offen!<\/li>\n<\/ul>\n","protected":false},"excerpt":{"rendered":"<p>Trainingsauftakt beim 1.FC N\u00fcrnberg! Es geht wieder los, auch wenn &#8211; wie Martin Bader es treffend formulierte &#8211; jeder noch Probleme damit hat, dass es nur die 2. Liga ist, in der es wieder losgeht. Und es wird in jedem Fall eine besondere Saison! Denn mit Per Nilsson, Marvin Plattenhardt, Emanuel Pogatetz, Hanno Balitsch, Jos\u00e9 [&hellip;]<\/p>\n","protected":false},"author":4,"featured_media":0,"comment_status":"open","ping_status":"open","sticky":false,"template":"","format":"standard","meta":{"spay_email":""},"categories":[127],"tags":[318,317],"jetpack_featured_media_url":"","yoast_head":"<!-- This site is optimized with the Yoast SEO plugin v18.3 - https:\/\/yoast.com\/wordpress\/plugins\/seo\/ -->\n<title>Trainingsauftakt: Wir wollen Eure Farben in Ehre tragen - Zusammen zur\u00fcck nach oben! - Glubb-Blog<\/title>\n<meta name=\"robots\" content=\"index, follow, max-snippet:-1, max-image-preview:large, max-video-preview:-1\" \/>\n<link rel=\"canonical\" href=\"https:\/\/www.n-town.de\/glubbblog\/index.php\/archives\/fcn\/6499-trainingsauftakt-wir-wollen-eure-farben-in-ehre-tragen-zusammen-zurueck-nach-oben.html\" \/>\n<meta property=\"og:locale\" content=\"de_DE\" \/>\n<meta property=\"og:type\" content=\"article\" \/>\n<meta property=\"og:title\" content=\"Trainingsauftakt: Wir wollen Eure Farben in Ehre tragen - Zusammen zur\u00fcck nach oben! - Glubb-Blog\" \/>\n<meta property=\"og:description\" content=\"Trainingsauftakt beim 1.FC N\u00fcrnberg! Es geht wieder los, auch wenn &#8211; wie Martin Bader es treffend formulierte &#8211; jeder noch Probleme damit hat, dass es nur die 2. Liga ist, in der es wieder losgeht. Und es wird in jedem Fall eine besondere Saison! Denn mit Per Nilsson, Marvin Plattenhardt, Emanuel Pogatetz, Hanno Balitsch, Jos\u00e9 [&hellip;]\" \/>\n<meta property=\"og:url\" content=\"https:\/\/www.n-town.de\/glubbblog\/index.php\/archives\/fcn\/6499-trainingsauftakt-wir-wollen-eure-farben-in-ehre-tragen-zusammen-zurueck-nach-oben.html\" \/>\n<meta property=\"og:site_name\" content=\"Glubb-Blog\" \/>\n<meta property=\"article:publisher\" content=\"https:\/\/www.facebook.com\/glubbblog\" \/>\n<meta property=\"article:published_time\" content=\"2014-06-23T06:44:08+00:00\" \/>\n<meta property=\"article:modified_time\" content=\"2014-06-22T22:46:24+00:00\" \/>\n<meta property=\"og:image\" content=\"https:\/\/www.n-town.de\/glubbblog\/wp-content\/uploads\/2014\/06\/IMG_0507_1.jpg\" \/>\n<meta name=\"twitter:card\" content=\"summary\" \/>\n<meta name=\"twitter:creator\" content=\"@glubb_blog_de\" \/>\n<meta name=\"twitter:site\" content=\"@glubb_blog_de\" \/>\n<meta name=\"twitter:label1\" content=\"Verfasst von\" \/>\n\t<meta name=\"twitter:data1\" content=\"Bomber Manolo\" \/>\n\t<meta name=\"twitter:label2\" content=\"Gesch\u00e4tzte Lesezeit\" \/>\n\t<meta name=\"twitter:data2\" content=\"3\u00a0Minuten\" \/>\n<script type=\"application\/ld+json\" class=\"yoast-schema-graph\">{\"@context\":\"https:\/\/schema.org\",\"@graph\":[{\"@type\":\"WebSite\",\"@id\":\"https:\/\/www.n-town.de\/glubbblog\/#website\",\"url\":\"https:\/\/www.n-town.de\/glubbblog\/\",\"name\":\"Glubb-Blog\",\"description\":\"Clubfans bei FCN-Ausw\u00e4rtsfahrten und Groundhopping\",\"potentialAction\":[{\"@type\":\"SearchAction\",\"target\":{\"@type\":\"EntryPoint\",\"urlTemplate\":\"https:\/\/www.n-town.de\/glubbblog\/?s={search_term_string}\"},\"query-input\":\"required name=search_term_string\"}],\"inLanguage\":\"de\"},{\"@type\":\"ImageObject\",\"@id\":\"https:\/\/www.n-town.de\/glubbblog\/index.php\/archives\/fcn\/6499-trainingsauftakt-wir-wollen-eure-farben-in-ehre-tragen-zusammen-zurueck-nach-oben.html#primaryimage\",\"inLanguage\":\"de\",\"url\":\"https:\/\/www.n-town.de\/glubbblog\/wp-content\/uploads\/2014\/06\/IMG_0507_1.jpg\",\"contentUrl\":\"https:\/\/www.n-town.de\/glubbblog\/wp-content\/uploads\/2014\/06\/IMG_0507_1.jpg\",\"width\":500,\"height\":141},{\"@type\":\"WebPage\",\"@id\":\"https:\/\/www.n-town.de\/glubbblog\/index.php\/archives\/fcn\/6499-trainingsauftakt-wir-wollen-eure-farben-in-ehre-tragen-zusammen-zurueck-nach-oben.html#webpage\",\"url\":\"https:\/\/www.n-town.de\/glubbblog\/index.php\/archives\/fcn\/6499-trainingsauftakt-wir-wollen-eure-farben-in-ehre-tragen-zusammen-zurueck-nach-oben.html\",\"name\":\"Trainingsauftakt: Wir wollen Eure Farben in Ehre tragen - Zusammen zur\u00fcck nach oben! - Glubb-Blog\",\"isPartOf\":{\"@id\":\"https:\/\/www.n-town.de\/glubbblog\/#website\"},\"primaryImageOfPage\":{\"@id\":\"https:\/\/www.n-town.de\/glubbblog\/index.php\/archives\/fcn\/6499-trainingsauftakt-wir-wollen-eure-farben-in-ehre-tragen-zusammen-zurueck-nach-oben.html#primaryimage\"},\"datePublished\":\"2014-06-23T06:44:08+00:00\",\"dateModified\":\"2014-06-22T22:46:24+00:00\",\"author\":{\"@id\":\"https:\/\/www.n-town.de\/glubbblog\/#\/schema\/person\/23822a94b519ca1de591c4492e0e104e\"},\"breadcrumb\":{\"@id\":\"https:\/\/www.n-town.de\/glubbblog\/index.php\/archives\/fcn\/6499-trainingsauftakt-wir-wollen-eure-farben-in-ehre-tragen-zusammen-zurueck-nach-oben.html#breadcrumb\"},\"inLanguage\":\"de\",\"potentialAction\":[{\"@type\":\"ReadAction\",\"target\":[\"https:\/\/www.n-town.de\/glubbblog\/index.php\/archives\/fcn\/6499-trainingsauftakt-wir-wollen-eure-farben-in-ehre-tragen-zusammen-zurueck-nach-oben.html\"]}]},{\"@type\":\"BreadcrumbList\",\"@id\":\"https:\/\/www.n-town.de\/glubbblog\/index.php\/archives\/fcn\/6499-trainingsauftakt-wir-wollen-eure-farben-in-ehre-tragen-zusammen-zurueck-nach-oben.html#breadcrumb\",\"itemListElement\":[{\"@type\":\"ListItem\",\"position\":1,\"name\":\"Home\",\"item\":\"https:\/\/www.n-town.de\/glubbblog\"},{\"@type\":\"ListItem\",\"position\":2,\"name\":\"Trainingsauftakt: Wir wollen Eure Farben in Ehre tragen &#8211; Zusammen zur\u00fcck nach oben!\"}]},{\"@type\":\"Person\",\"@id\":\"https:\/\/www.n-town.de\/glubbblog\/#\/schema\/person\/23822a94b519ca1de591c4492e0e104e\",\"name\":\"Bomber Manolo\",\"image\":{\"@type\":\"ImageObject\",\"@id\":\"https:\/\/www.n-town.de\/glubbblog\/#personlogo\",\"inLanguage\":\"de\",\"url\":\"https:\/\/secure.gravatar.com\/avatar\/745e89a5226a55ce3ed5fac4a51dced8?s=96&d=mm&r=g\",\"contentUrl\":\"https:\/\/secure.gravatar.com\/avatar\/745e89a5226a55ce3ed5fac4a51dced8?s=96&d=mm&r=g\",\"caption\":\"Bomber Manolo\"},\"sameAs\":[\"https:\/\/www.n-town.de\"],\"url\":\"https:\/\/www.n-town.de\/glubbblog\/index.php\/archives\/author\/andy\"}]}<\/script>\n<!-- \/ Yoast SEO plugin. -->","yoast_head_json":{"title":"Trainingsauftakt: Wir wollen Eure Farben in Ehre tragen - Zusammen zur\u00fcck nach oben! - Glubb-Blog","robots":{"index":"index","follow":"follow","max-snippet":"max-snippet:-1","max-image-preview":"max-image-preview:large","max-video-preview":"max-video-preview:-1"},"canonical":"https:\/\/www.n-town.de\/glubbblog\/index.php\/archives\/fcn\/6499-trainingsauftakt-wir-wollen-eure-farben-in-ehre-tragen-zusammen-zurueck-nach-oben.html","og_locale":"de_DE","og_type":"article","og_title":"Trainingsauftakt: Wir wollen Eure Farben in Ehre tragen - Zusammen zur\u00fcck nach oben! - Glubb-Blog","og_description":"Trainingsauftakt beim 1.FC N\u00fcrnberg! Es geht wieder los, auch wenn &#8211; wie Martin Bader es treffend formulierte &#8211; jeder noch Probleme damit hat, dass es nur die 2. Liga ist, in der es wieder losgeht. Und es wird in jedem Fall eine besondere Saison! Denn mit Per Nilsson, Marvin Plattenhardt, Emanuel Pogatetz, Hanno Balitsch, Jos\u00e9 [&hellip;]","og_url":"https:\/\/www.n-town.de\/glubbblog\/index.php\/archives\/fcn\/6499-trainingsauftakt-wir-wollen-eure-farben-in-ehre-tragen-zusammen-zurueck-nach-oben.html","og_site_name":"Glubb-Blog","article_publisher":"https:\/\/www.facebook.com\/glubbblog","article_published_time":"2014-06-23T06:44:08+00:00","article_modified_time":"2014-06-22T22:46:24+00:00","og_image":[{"url":"https:\/\/www.n-town.de\/glubbblog\/wp-content\/uploads\/2014\/06\/IMG_0507_1.jpg"}],"twitter_card":"summary","twitter_creator":"@glubb_blog_de","twitter_site":"@glubb_blog_de","twitter_misc":{"Verfasst von":"Bomber Manolo","Gesch\u00e4tzte Lesezeit":"3\u00a0Minuten"},"schema":{"@context":"https:\/\/schema.org","@graph":[{"@type":"WebSite","@id":"https:\/\/www.n-town.de\/glubbblog\/#website","url":"https:\/\/www.n-town.de\/glubbblog\/","name":"Glubb-Blog","description":"Clubfans bei FCN-Ausw\u00e4rtsfahrten und Groundhopping","potentialAction":[{"@type":"SearchAction","target":{"@type":"EntryPoint","urlTemplate":"https:\/\/www.n-town.de\/glubbblog\/?s={search_term_string}"},"query-input":"required name=search_term_string"}],"inLanguage":"de"},{"@type":"ImageObject","@id":"https:\/\/www.n-town.de\/glubbblog\/index.php\/archives\/fcn\/6499-trainingsauftakt-wir-wollen-eure-farben-in-ehre-tragen-zusammen-zurueck-nach-oben.html#primaryimage","inLanguage":"de","url":"https:\/\/www.n-town.de\/glubbblog\/wp-content\/uploads\/2014\/06\/IMG_0507_1.jpg","contentUrl":"https:\/\/www.n-town.de\/glubbblog\/wp-content\/uploads\/2014\/06\/IMG_0507_1.jpg","width":500,"height":141},{"@type":"WebPage","@id":"https:\/\/www.n-town.de\/glubbblog\/index.php\/archives\/fcn\/6499-trainingsauftakt-wir-wollen-eure-farben-in-ehre-tragen-zusammen-zurueck-nach-oben.html#webpage","url":"https:\/\/www.n-town.de\/glubbblog\/index.php\/archives\/fcn\/6499-trainingsauftakt-wir-wollen-eure-farben-in-ehre-tragen-zusammen-zurueck-nach-oben.html","name":"Trainingsauftakt: Wir wollen Eure Farben in Ehre tragen - Zusammen zur\u00fcck nach oben! - Glubb-Blog","isPartOf":{"@id":"https:\/\/www.n-town.de\/glubbblog\/#website"},"primaryImageOfPage":{"@id":"https:\/\/www.n-town.de\/glubbblog\/index.php\/archives\/fcn\/6499-trainingsauftakt-wir-wollen-eure-farben-in-ehre-tragen-zusammen-zurueck-nach-oben.html#primaryimage"},"datePublished":"2014-06-23T06:44:08+00:00","dateModified":"2014-06-22T22:46:24+00:00","author":{"@id":"https:\/\/www.n-town.de\/glubbblog\/#\/schema\/person\/23822a94b519ca1de591c4492e0e104e"},"breadcrumb":{"@id":"https:\/\/www.n-town.de\/glubbblog\/index.php\/archives\/fcn\/6499-trainingsauftakt-wir-wollen-eure-farben-in-ehre-tragen-zusammen-zurueck-nach-oben.html#breadcrumb"},"inLanguage":"de","potentialAction":[{"@type":"ReadAction","target":["https:\/\/www.n-town.de\/glubbblog\/index.php\/archives\/fcn\/6499-trainingsauftakt-wir-wollen-eure-farben-in-ehre-tragen-zusammen-zurueck-nach-oben.html"]}]},{"@type":"BreadcrumbList","@id":"https:\/\/www.n-town.de\/glubbblog\/index.php\/archives\/fcn\/6499-trainingsauftakt-wir-wollen-eure-farben-in-ehre-tragen-zusammen-zurueck-nach-oben.html#breadcrumb","itemListElement":[{"@type":"ListItem","position":1,"name":"Home","item":"https:\/\/www.n-town.de\/glubbblog"},{"@type":"ListItem","position":2,"name":"Trainingsauftakt: Wir wollen Eure Farben in Ehre tragen &#8211; Zusammen zur\u00fcck nach oben!"}]},{"@type":"Person","@id":"https:\/\/www.n-town.de\/glubbblog\/#\/schema\/person\/23822a94b519ca1de591c4492e0e104e","name":"Bomber Manolo","image":{"@type":"ImageObject","@id":"https:\/\/www.n-town.de\/glubbblog\/#personlogo","inLanguage":"de","url":"https:\/\/secure.gravatar.com\/avatar\/745e89a5226a55ce3ed5fac4a51dced8?s=96&d=mm&r=g","contentUrl":"https:\/\/secure.gravatar.com\/avatar\/745e89a5226a55ce3ed5fac4a51dced8?s=96&d=mm&r=g","caption":"Bomber Manolo"},"sameAs":["https:\/\/www.n-town.de"],"url":"https:\/\/www.n-town.de\/glubbblog\/index.php\/archives\/author\/andy"}]}},"_links":{"self":[{"href":"https:\/\/www.n-town.de\/glubbblog\/index.php\/wp-json\/wp\/v2\/posts\/6499"}],"collection":[{"href":"https:\/\/www.n-town.de\/glubbblog\/index.php\/wp-json\/wp\/v2\/posts"}],"about":[{"href":"https:\/\/www.n-town.de\/glubbblog\/index.php\/wp-json\/wp\/v2\/types\/post"}],"author":[{"embeddable":true,"href":"https:\/\/www.n-town.de\/glubbblog\/index.php\/wp-json\/wp\/v2\/users\/4"}],"replies":[{"embeddable":true,"href":"https:\/\/www.n-town.de\/glubbblog\/index.php\/wp-json\/wp\/v2\/comments?post=6499"}],"version-history":[{"count":9,"href":"https:\/\/www.n-town.de\/glubbblog\/index.php\/wp-json\/wp\/v2\/posts\/6499\/revisions"}],"predecessor-version":[{"id":6514,"href":"https:\/\/www.n-town.de\/glubbblog\/index.php\/wp-json\/wp\/v2\/posts\/6499\/revisions\/6514"}],"wp:attachment":[{"href":"https:\/\/www.n-town.de\/glubbblog\/index.php\/wp-json\/wp\/v2\/media?parent=6499"}],"wp:term":[{"taxonomy":"category","embeddable":true,"href":"https:\/\/www.n-town.de\/glubbblog\/index.php\/wp-json\/wp\/v2\/categories?post=6499"},{"taxonomy":"post_tag","embeddable":true,"href":"https:\/\/www.n-town.de\/glubbblog\/index.php\/wp-json\/wp\/v2\/tags?post=6499"}],"curies":[{"name":"wp","href":"https:\/\/api.w.org\/{rel}","templated":true}]}}