{"id":732,"date":"2009-05-13T11:07:19","date_gmt":"2009-05-13T09:07:19","guid":{"rendered":"http:\/\/www.n-town.de\/glubbblog\/?p=732"},"modified":"2009-05-13T11:08:58","modified_gmt":"2009-05-13T09:08:58","slug":"oh-nein-dominic-maroh-fallt-aus","status":"publish","type":"post","link":"https:\/\/www.n-town.de\/glubbblog\/index.php\/archives\/glubb-news\/732-oh-nein-dominic-maroh-fallt-aus.html","title":{"rendered":"Oh nein! Dominic Maroh f\u00e4llt aus!"},"content":{"rendered":"<p>Und das vielleicht f\u00fcr den Rest der Saison!! Der Innenverteidiger erlitt eine schwere Schulterverletzung nach einem Trainingsunfall! (<a href=\"http:\/\/www.abendzeitung.de\/nuernberg\/sport\/105700\" target=\"_blank\">Abendzeitung<\/a>)<\/p>\n<p>Was ist nur los? <strong>Wer hat diesen Verein so verhext?<\/strong> St\u00e4ndig fallen \u00fcber die Saison die st\u00e4rksten und best\u00e4ndigsten Clubspieler aus? <strong><a href=\"https:\/\/www.n-town.de\/glubbblog\/index.php\/archives\/glubb-live\/417-sieg-gegen-augsburg.html\" target=\"_blank\">Andi Wolf<\/a> <\/strong>hat es bereits <a href=\"https:\/\/www.n-town.de\/glubbblog\/index.php\/archives\/glubb-live\/417-sieg-gegen-augsburg.html\" target=\"_blank\">am ersten Spieltag erwischt<\/a>, kaum war er wieder da und hat zu alter St\u00e4rke zur\u00fcckgefunden, schon <a href=\"https:\/\/www.n-town.de\/glubbblog\/index.php\/archives\/glubb-live\/560-heimsieg-gegen-koblenz.html\" target=\"_blank\">passierte wieder irgendwas<\/a>!<\/p>\n<p>Die Sache mit <strong>Marek Mintal<\/strong>, der 2x in Folge Torsch\u00fctzenk\u00f6nig wurde (2.Liga 2003\/04 mit 18Toren; 1.Liga 2004\/05 mit 24Toren) und dann \u00fcber ein Jahr mit einem Mittelfussbruch zu k\u00e4mpfen hatte, ist jedem von uns noch im Ged\u00e4chtnis!<\/p>\n<p>Und nun, als sich nun der junge <strong>Dominic Maroh<\/strong> als &#8220;Wolf-Ersatz&#8221; f\u00fcr die Mannschaft unverzichtbar gemacht hat, da schl\u00e4gt das Schicksal wieder zu! Im Abschlusstraining knallte er so ungl\u00fccklich auf den Boden, dass er sich schwer an der Schulter verletzte (Verdacht auf <strong>Schultergelenk-Sprengung<\/strong>) und mit dem Krankenwagen abtransportiert werden musste.<\/p>\n<p>Ja, ich bin <strong>Pessimist<\/strong>! Und ich glaube, dass ein Ausfall der beiden besten Verteidiger f\u00fcr kaum ein Team unterhalb der Champions League zu kompensieren ist. Und das in der hei\u00dfesten Phase der Saison&#8230; ich bin schon wieder am Ende!<\/p>\n<p>Noch hoffe ich, dass diese Hiobsbotschaft eine typische AZ-\u00dcbertreibung ist, da weder das Funkhaus noch B5aktuell davon berichteten&#8230;<\/p>\n<p>Vielleicht k\u00f6nnen wir das heutige Spiel gegen Osnabr\u00fcck bew\u00e4ltigen, aber sp\u00e4testens in <strong>Rostock <\/strong>BRAUCHEN wir eine starke, gefestigte, eingespielte Abwehr! Meine Hoffnung ist verflogen&#8230; bitte baut mich auf!<\/p>\n","protected":false},"excerpt":{"rendered":"<p>Und das vielleicht f\u00fcr den Rest der Saison!! Der Innenverteidiger erlitt eine schwere Schulterverletzung nach einem Trainingsunfall! (Abendzeitung) Was ist nur los? Wer hat diesen Verein so verhext? St\u00e4ndig fallen \u00fcber die Saison die st\u00e4rksten und best\u00e4ndigsten Clubspieler aus? Andi Wolf hat es bereits am ersten Spieltag erwischt, kaum war er wieder da und hat [&hellip;]<\/p>\n","protected":false},"author":4,"featured_media":0,"comment_status":"open","ping_status":"open","sticky":false,"template":"","format":"standard","meta":{"spay_email":""},"categories":[6],"tags":[22,49,149],"jetpack_featured_media_url":"","yoast_head":"<!-- This site is optimized with the Yoast SEO plugin v18.3 - https:\/\/yoast.com\/wordpress\/plugins\/seo\/ -->\n<title>Oh nein! Dominic Maroh f\u00e4llt aus! - Glubb-Blog<\/title>\n<meta name=\"robots\" content=\"index, follow, max-snippet:-1, max-image-preview:large, max-video-preview:-1\" \/>\n<link rel=\"canonical\" href=\"https:\/\/www.n-town.de\/glubbblog\/index.php\/archives\/glubb-news\/732-oh-nein-dominic-maroh-fallt-aus.html\" \/>\n<meta property=\"og:locale\" content=\"de_DE\" \/>\n<meta property=\"og:type\" content=\"article\" \/>\n<meta property=\"og:title\" content=\"Oh nein! Dominic Maroh f\u00e4llt aus! - Glubb-Blog\" \/>\n<meta property=\"og:description\" content=\"Und das vielleicht f\u00fcr den Rest der Saison!! Der Innenverteidiger erlitt eine schwere Schulterverletzung nach einem Trainingsunfall! (Abendzeitung) Was ist nur los? Wer hat diesen Verein so verhext? St\u00e4ndig fallen \u00fcber die Saison die st\u00e4rksten und best\u00e4ndigsten Clubspieler aus? Andi Wolf hat es bereits am ersten Spieltag erwischt, kaum war er wieder da und hat [&hellip;]\" \/>\n<meta property=\"og:url\" content=\"https:\/\/www.n-town.de\/glubbblog\/index.php\/archives\/glubb-news\/732-oh-nein-dominic-maroh-fallt-aus.html\" \/>\n<meta property=\"og:site_name\" content=\"Glubb-Blog\" \/>\n<meta property=\"article:publisher\" content=\"https:\/\/www.facebook.com\/glubbblog\" \/>\n<meta property=\"article:published_time\" content=\"2009-05-13T09:07:19+00:00\" \/>\n<meta property=\"article:modified_time\" content=\"2009-05-13T09:08:58+00:00\" \/>\n<meta property=\"og:image\" content=\"https:\/\/www.n-town.de\/glubbblog\/wp-content\/uploads\/2020\/06\/img_8003-1.jpg\" \/>\n\t<meta property=\"og:image:width\" content=\"500\" \/>\n\t<meta property=\"og:image:height\" content=\"375\" \/>\n\t<meta property=\"og:image:type\" content=\"image\/jpeg\" \/>\n<meta name=\"twitter:card\" content=\"summary\" \/>\n<meta name=\"twitter:creator\" content=\"@glubb_blog_de\" \/>\n<meta name=\"twitter:site\" content=\"@glubb_blog_de\" \/>\n<meta name=\"twitter:label1\" content=\"Verfasst von\" \/>\n\t<meta name=\"twitter:data1\" content=\"Bomber Manolo\" \/>\n\t<meta name=\"twitter:label2\" content=\"Gesch\u00e4tzte Lesezeit\" \/>\n\t<meta name=\"twitter:data2\" content=\"1\u00a0Minute\" \/>\n<script type=\"application\/ld+json\" class=\"yoast-schema-graph\">{\"@context\":\"https:\/\/schema.org\",\"@graph\":[{\"@type\":\"WebSite\",\"@id\":\"https:\/\/www.n-town.de\/glubbblog\/#website\",\"url\":\"https:\/\/www.n-town.de\/glubbblog\/\",\"name\":\"Glubb-Blog\",\"description\":\"Clubfans bei FCN-Ausw\u00e4rtsfahrten und Groundhopping\",\"potentialAction\":[{\"@type\":\"SearchAction\",\"target\":{\"@type\":\"EntryPoint\",\"urlTemplate\":\"https:\/\/www.n-town.de\/glubbblog\/?s={search_term_string}\"},\"query-input\":\"required name=search_term_string\"}],\"inLanguage\":\"de\"},{\"@type\":\"WebPage\",\"@id\":\"https:\/\/www.n-town.de\/glubbblog\/index.php\/archives\/glubb-news\/732-oh-nein-dominic-maroh-fallt-aus.html#webpage\",\"url\":\"https:\/\/www.n-town.de\/glubbblog\/index.php\/archives\/glubb-news\/732-oh-nein-dominic-maroh-fallt-aus.html\",\"name\":\"Oh nein! Dominic Maroh f\u00e4llt aus! - Glubb-Blog\",\"isPartOf\":{\"@id\":\"https:\/\/www.n-town.de\/glubbblog\/#website\"},\"datePublished\":\"2009-05-13T09:07:19+00:00\",\"dateModified\":\"2009-05-13T09:08:58+00:00\",\"author\":{\"@id\":\"https:\/\/www.n-town.de\/glubbblog\/#\/schema\/person\/23822a94b519ca1de591c4492e0e104e\"},\"breadcrumb\":{\"@id\":\"https:\/\/www.n-town.de\/glubbblog\/index.php\/archives\/glubb-news\/732-oh-nein-dominic-maroh-fallt-aus.html#breadcrumb\"},\"inLanguage\":\"de\",\"potentialAction\":[{\"@type\":\"ReadAction\",\"target\":[\"https:\/\/www.n-town.de\/glubbblog\/index.php\/archives\/glubb-news\/732-oh-nein-dominic-maroh-fallt-aus.html\"]}]},{\"@type\":\"BreadcrumbList\",\"@id\":\"https:\/\/www.n-town.de\/glubbblog\/index.php\/archives\/glubb-news\/732-oh-nein-dominic-maroh-fallt-aus.html#breadcrumb\",\"itemListElement\":[{\"@type\":\"ListItem\",\"position\":1,\"name\":\"Home\",\"item\":\"https:\/\/www.n-town.de\/glubbblog\"},{\"@type\":\"ListItem\",\"position\":2,\"name\":\"Oh nein! Dominic Maroh f\u00e4llt aus!\"}]},{\"@type\":\"Person\",\"@id\":\"https:\/\/www.n-town.de\/glubbblog\/#\/schema\/person\/23822a94b519ca1de591c4492e0e104e\",\"name\":\"Bomber Manolo\",\"image\":{\"@type\":\"ImageObject\",\"@id\":\"https:\/\/www.n-town.de\/glubbblog\/#personlogo\",\"inLanguage\":\"de\",\"url\":\"https:\/\/secure.gravatar.com\/avatar\/745e89a5226a55ce3ed5fac4a51dced8?s=96&d=mm&r=g\",\"contentUrl\":\"https:\/\/secure.gravatar.com\/avatar\/745e89a5226a55ce3ed5fac4a51dced8?s=96&d=mm&r=g\",\"caption\":\"Bomber Manolo\"},\"sameAs\":[\"https:\/\/www.n-town.de\"],\"url\":\"https:\/\/www.n-town.de\/glubbblog\/index.php\/archives\/author\/andy\"}]}<\/script>\n<!-- \/ Yoast SEO plugin. -->","yoast_head_json":{"title":"Oh nein! Dominic Maroh f\u00e4llt aus! - Glubb-Blog","robots":{"index":"index","follow":"follow","max-snippet":"max-snippet:-1","max-image-preview":"max-image-preview:large","max-video-preview":"max-video-preview:-1"},"canonical":"https:\/\/www.n-town.de\/glubbblog\/index.php\/archives\/glubb-news\/732-oh-nein-dominic-maroh-fallt-aus.html","og_locale":"de_DE","og_type":"article","og_title":"Oh nein! Dominic Maroh f\u00e4llt aus! - Glubb-Blog","og_description":"Und das vielleicht f\u00fcr den Rest der Saison!! Der Innenverteidiger erlitt eine schwere Schulterverletzung nach einem Trainingsunfall! (Abendzeitung) Was ist nur los? Wer hat diesen Verein so verhext? St\u00e4ndig fallen \u00fcber die Saison die st\u00e4rksten und best\u00e4ndigsten Clubspieler aus? Andi Wolf hat es bereits am ersten Spieltag erwischt, kaum war er wieder da und hat [&hellip;]","og_url":"https:\/\/www.n-town.de\/glubbblog\/index.php\/archives\/glubb-news\/732-oh-nein-dominic-maroh-fallt-aus.html","og_site_name":"Glubb-Blog","article_publisher":"https:\/\/www.facebook.com\/glubbblog","article_published_time":"2009-05-13T09:07:19+00:00","article_modified_time":"2009-05-13T09:08:58+00:00","og_image":[{"width":500,"height":375,"url":"https:\/\/www.n-town.de\/glubbblog\/wp-content\/uploads\/2020\/06\/img_8003-1.jpg","type":"image\/jpeg"}],"twitter_card":"summary","twitter_creator":"@glubb_blog_de","twitter_site":"@glubb_blog_de","twitter_misc":{"Verfasst von":"Bomber Manolo","Gesch\u00e4tzte Lesezeit":"1\u00a0Minute"},"schema":{"@context":"https:\/\/schema.org","@graph":[{"@type":"WebSite","@id":"https:\/\/www.n-town.de\/glubbblog\/#website","url":"https:\/\/www.n-town.de\/glubbblog\/","name":"Glubb-Blog","description":"Clubfans bei FCN-Ausw\u00e4rtsfahrten und Groundhopping","potentialAction":[{"@type":"SearchAction","target":{"@type":"EntryPoint","urlTemplate":"https:\/\/www.n-town.de\/glubbblog\/?s={search_term_string}"},"query-input":"required name=search_term_string"}],"inLanguage":"de"},{"@type":"WebPage","@id":"https:\/\/www.n-town.de\/glubbblog\/index.php\/archives\/glubb-news\/732-oh-nein-dominic-maroh-fallt-aus.html#webpage","url":"https:\/\/www.n-town.de\/glubbblog\/index.php\/archives\/glubb-news\/732-oh-nein-dominic-maroh-fallt-aus.html","name":"Oh nein! Dominic Maroh f\u00e4llt aus! - Glubb-Blog","isPartOf":{"@id":"https:\/\/www.n-town.de\/glubbblog\/#website"},"datePublished":"2009-05-13T09:07:19+00:00","dateModified":"2009-05-13T09:08:58+00:00","author":{"@id":"https:\/\/www.n-town.de\/glubbblog\/#\/schema\/person\/23822a94b519ca1de591c4492e0e104e"},"breadcrumb":{"@id":"https:\/\/www.n-town.de\/glubbblog\/index.php\/archives\/glubb-news\/732-oh-nein-dominic-maroh-fallt-aus.html#breadcrumb"},"inLanguage":"de","potentialAction":[{"@type":"ReadAction","target":["https:\/\/www.n-town.de\/glubbblog\/index.php\/archives\/glubb-news\/732-oh-nein-dominic-maroh-fallt-aus.html"]}]},{"@type":"BreadcrumbList","@id":"https:\/\/www.n-town.de\/glubbblog\/index.php\/archives\/glubb-news\/732-oh-nein-dominic-maroh-fallt-aus.html#breadcrumb","itemListElement":[{"@type":"ListItem","position":1,"name":"Home","item":"https:\/\/www.n-town.de\/glubbblog"},{"@type":"ListItem","position":2,"name":"Oh nein! Dominic Maroh f\u00e4llt aus!"}]},{"@type":"Person","@id":"https:\/\/www.n-town.de\/glubbblog\/#\/schema\/person\/23822a94b519ca1de591c4492e0e104e","name":"Bomber Manolo","image":{"@type":"ImageObject","@id":"https:\/\/www.n-town.de\/glubbblog\/#personlogo","inLanguage":"de","url":"https:\/\/secure.gravatar.com\/avatar\/745e89a5226a55ce3ed5fac4a51dced8?s=96&d=mm&r=g","contentUrl":"https:\/\/secure.gravatar.com\/avatar\/745e89a5226a55ce3ed5fac4a51dced8?s=96&d=mm&r=g","caption":"Bomber Manolo"},"sameAs":["https:\/\/www.n-town.de"],"url":"https:\/\/www.n-town.de\/glubbblog\/index.php\/archives\/author\/andy"}]}},"_links":{"self":[{"href":"https:\/\/www.n-town.de\/glubbblog\/index.php\/wp-json\/wp\/v2\/posts\/732"}],"collection":[{"href":"https:\/\/www.n-town.de\/glubbblog\/index.php\/wp-json\/wp\/v2\/posts"}],"about":[{"href":"https:\/\/www.n-town.de\/glubbblog\/index.php\/wp-json\/wp\/v2\/types\/post"}],"author":[{"embeddable":true,"href":"https:\/\/www.n-town.de\/glubbblog\/index.php\/wp-json\/wp\/v2\/users\/4"}],"replies":[{"embeddable":true,"href":"https:\/\/www.n-town.de\/glubbblog\/index.php\/wp-json\/wp\/v2\/comments?post=732"}],"version-history":[{"count":3,"href":"https:\/\/www.n-town.de\/glubbblog\/index.php\/wp-json\/wp\/v2\/posts\/732\/revisions"}],"predecessor-version":[{"id":856,"href":"https:\/\/www.n-town.de\/glubbblog\/index.php\/wp-json\/wp\/v2\/posts\/732\/revisions\/856"}],"wp:attachment":[{"href":"https:\/\/www.n-town.de\/glubbblog\/index.php\/wp-json\/wp\/v2\/media?parent=732"}],"wp:term":[{"taxonomy":"category","embeddable":true,"href":"https:\/\/www.n-town.de\/glubbblog\/index.php\/wp-json\/wp\/v2\/categories?post=732"},{"taxonomy":"post_tag","embeddable":true,"href":"https:\/\/www.n-town.de\/glubbblog\/index.php\/wp-json\/wp\/v2\/tags?post=732"}],"curies":[{"name":"wp","href":"https:\/\/api.w.org\/{rel}","templated":true}]}}