{"id":7950,"date":"2016-06-20T16:21:49","date_gmt":"2016-06-20T14:21:49","guid":{"rendered":"http:\/\/www.n-town.de\/glubbblog\/?p=7950"},"modified":"2016-06-20T16:23:55","modified_gmt":"2016-06-20T14:23:55","slug":"weiler-zu-anderlecht-geht-danke-rene-jeder-neuanfang-ist-auch-eine-chance","status":"publish","type":"post","link":"https:\/\/www.n-town.de\/glubbblog\/index.php\/archives\/glubb-news\/7950-weiler-zu-anderlecht-geht-danke-rene-jeder-neuanfang-ist-auch-eine-chance.html","title":{"rendered":"Weiler zu Anderlecht geht: Danke Ren\u00e9, aber jeder Neuanfang ist auch eine Chance!"},"content":{"rendered":"<p>Das war wohl mein\u00a0letztes Weiler-Wortspiel, versprochen. Der Schock sa\u00df tief am vergangenen Donnerstag, als im Internet verk\u00fcndet wurde, das Trainer Ren\u00e9 Weiler den 1.FC N\u00fcrnberg verlassen wird: Der RSC Anderlecht hat ihm ein Angebot unterbreitet, <a href=\"https:\/\/de.wikipedia.org\/wiki\/Der_Pate_(Film)\" target=\"_blank\">das er nicht ablehnen konnte<\/a>. Schlie\u00dflich war Ren\u00e9 f\u00fcr mich der Anker, der &#8220;uns auch mit der A-Jugend&#8221; in Richtung vorderster Pl\u00e4tze bringt:<\/p>\n<blockquote class=\"twitter-tweet\" data-lang=\"de\">\n<p dir=\"ltr\" lang=\"de\">Ich f\u00fchle mich gerade als w\u00e4re der <a href=\"https:\/\/twitter.com\/hashtag\/FCN?src=hash\">#FCN<\/a> heute erneut abgestiegen&#8230; \ud83d\ude41 <a href=\"https:\/\/twitter.com\/hashtag\/Weiler?src=hash\">#Weiler<\/a> <a href=\"https:\/\/twitter.com\/hashtag\/Anderlecht?src=hash\">#Anderlecht<\/a><\/p>\n<p>\u2014 Bomber Manolo (@glubb_blog_de) <a href=\"https:\/\/twitter.com\/glubb_blog_de\/status\/743313490073399296\">16. Juni 2016<\/a><\/p><\/blockquote>\n<p><script src=\"\/\/platform.twitter.com\/widgets.js\" async=\"\" charset=\"utf-8\"><\/script><\/p>\n<p><a href=\"https:\/\/www.n-town.de\/glubbblog\/wp-content\/uploads\/2016\/05\/Frankenderby_2014_01.jpg\"><img loading=\"lazy\" class=\"alignleft size-full wp-image-7924\" src=\"https:\/\/www.n-town.de\/glubbblog\/wp-content\/uploads\/2016\/05\/Frankenderby_2014_01.jpg\" alt=\"Frankenderby_2014_01\" width=\"171\" height=\"178\" \/><\/a>Anschlie\u00dfend pr\u00e4sentierte sich der RSC Anderlecht nicht wie ein Champions League-Teilnehmer sondern eher wie unser Glubb zu <a href=\"https:\/\/www.n-town.de\/glubbblog\/index.php\/archives\/fcn\/5924-wurde-christian-gross-von-plapper-schramm-vertrieben.html\" target=\"_blank\">Bader-Schramm-Zeiten<\/a>: Der neue 2.Wahl-Trainer (Wunschkandidat Martinez hatte abgesagt) wurde als fix verk\u00fcndet, obwohl man mit dem 1.FC N\u00fcrnberg noch in Verhandlungen stand. Bornemann ganz nach\u00a0meinen Geschmack mit Poker-Face (&#8220;<em>Es gibt keine Grundlage, um mit Anderlecht weitersprechen zu m\u00fcssen<\/em>&#8220;), da die vom RSC gebotenen 250.000 Euro eine Frechheit waren (Bornemann: &#8220;<em>Uns soll etwas genommen werden, das einen Wert f\u00fcr uns hat. Das wollen wir gew\u00fcrdigt wissen<\/em>.&#8221;). Letztendlich einigte\u00a0man sich am vergangenen Sonntag lt. Kicker wohl auf eine\u00a0Abl\u00f6se in H\u00f6he\u00a0von\u00a0700.000 Euro plus Zulagen (75.000 Euro bei erfolgreicher CL-Quali und 75.000 Euro bei Gewinn der Meisterschaft).<\/p>\n<p>Nun ist der 1.FC N\u00fcrnberg zu seiner ohnehin schwierigen finanziellen Situation kurz vor dem Trainingsauftakt auch noch Trainerlos. Zwar vertraue ich auf Andreas Bornemann, dass er nicht v\u00f6llig ratlos in der Gegend steht, aber nach der Trainer-Odyssee, die der letzte &#8220;von sich aus&#8221; gegangene Trainer Dieter Hecking ausl\u00f6ste, is mir da schon etwas unwohl. Aber er wird sicherlich keinen Schnellschu\u00df machen (Bornemann: &#8220;<em>Eigentlich erzielt man erst einmal Einigung mit dem abgebenden Verein, bevor man damit an die \u00d6ffentlichkeit geht.<\/em>&#8220;)!<\/p>\n<p><strong>Jedem Anfang wohnt ein Zauber inne!<\/strong><\/p>\n<p>Nat\u00fcrlich h\u00e4tte ich gerne weiterhin Ren\u00e9 Weiler an der Au\u00dfenlinie beim Glubb gesehen, da bin ich wohl nicht der einzige. Auch sah ich Weiler nie als Schuldigen nach der <a href=\"https:\/\/www.n-town.de\/glubbblog\/index.php\/archives\/glubb-live\/7930-relegation-glubb-sge-01-schade-jungs-aber-so-reichts-nicht.html\" target=\"_blank\">verlorenen Relegation<\/a>, denn nat\u00fcrlich konnte man die Eintracht kommen lassen, aber wenn unsere Offensive nicht den Ball halten kann &#8211; h\u00e4tte Weiler Hurra-Fussball gespielt und dann verloren, h\u00e4tte jeder erst recht und auch zu recht gemeckert!<\/p>\n<p>Eher sehe ich seinen gr\u00f6\u00dften Verdienst darin, einen <a href=\"http:\/\/www.nordbayern.de\/sport\/warum-weilers-abschied-nicht-verwundern-darf-1.5282906\" target=\"_blank\">konzeptlos zusammengew\u00fcrfelten Kader zu einer funktionierenden, von gro\u00dfem Teamgeist beseelten Einheit<\/a> geformt zu haben, so wie das auch die NN schreibt. Junge Talente wurden auch gef\u00f6rdert, dazu noch die ruhige, sachliche Art &#8211; ich fands Klasse!<\/p>\n<p>Doch muss\u00a0man auch sagen, dass das Spielsystem nicht sehr ansehnlich war (auch ne Parallele zu Hecking) und dass er mit manchen Spielern wohl nicht konnte. Wer wei\u00df? Vielleicht kommt ja nun ein Trainer, bei dem Sylvestr statt Ladenh\u00fcter wieder ein Knipser wird, wenn er schon eh f\u00fcrstlich verdient?\u00a0Schon klar, so einfach d\u00fcrfte es nicht werden: Sylvestr ist nicht mal bei Absteiger Paderborn erste Wahl gewesen und um Robert Koch reissen sich jetzt auch nicht gerade die Vereine der Liga.<\/p>\n<p>Hoffentlich ist Weilers Abgang nicht auch ein Zeichen f\u00fcr unsere verdienten Spieler auch das Weite zu suchen? Denn Weiler hatte lt. Presse wohl keine\u00a0gro\u00dfe\u00a0Lust auf einen weiteren Neuaufbau &#8211; der wom\u00f6glich, wenn man nicht erster oder zweiter in dieser Liga wird, wohl zu einem weiteren Ausverkauf in der n\u00e4chsten Sommerpause f\u00fchren d\u00fcrfte &#8211; und das w\u00e4re schon fast der Idealfall&#8230;<\/p>\n<p><strong>Verst\u00e4ndnis f\u00fcr Weiler<\/strong><\/p>\n<p>Auch m\u00f6chte ich betonen, dass ich Ren\u00e9 Weiler verstehe, im Gegensatz zu Hecking damals. Denn der RSC Anderlecht ist schon eine gro\u00dfe Nummer im europ\u00e4ischen Fussball, der wom\u00f6glich bald Champions League spielt und gute Chancen auf den Landesmeistertitel in Belgien hat. Ein h\u00f6heres Gehalt und Eintr\u00e4ge in den Lebenslauf, um die sich andere Trainer reissen w\u00fcrden, ich kann ihn da verstehen. Kann sich ja jeder f\u00fcr sich selbst \u00fcberlegen, wenn er f\u00fcr die gleiche Arbeit bei einer anderen Firma viel mehr Gehalt und Gesch\u00e4ftswagen etc. kriegen w\u00fcrde, ob er nicht auch weich werden w\u00fcrde.<\/p>\n<p>Denn es ist\u00a0auch klar, wir Fans legen diese &#8220;Ehre &amp; Stolz&#8221;-Romantik an den Tag und d\u00fcrften\u00a0das von den Herren Spieler, Trainer &amp; Co. wohl kaum verlangen k\u00f6nnen. Denn all diese Jungs haben ja schon damals ihren &#8220;Stammverein&#8221; verlassen um nach N\u00fcrnberg zu kommen, alles danach ist blo\u00df ein weiterer Wechsel. Schon immer beim FCN hat doch keiner gespielt.<\/p>\n<p><strong>Fazit:<\/strong><\/p>\n<p>Danke Ren\u00e9 Weiler! Die vergangene Saison war im letzten Dreiviertel richtig geil und 18 Spiele ohne Niederlage werden wohl immer mit Weilers Name verbunden sein.<\/p>\n<p>Ich w\u00fcnsche Ren\u00e9 viel Erfolg, schon allein deshalb, weil es dann f\u00fcr den Glubb wieder den ber\u00fchmten &#8220;Schnaps obendrauf&#8221; g\u00e4be! \ud83d\ude42<\/p>\n<p>Herrn Bornemann w\u00fcnsche ich viel Gl\u00fcck und ein gutes H\u00e4ndchen bei der Trainerwahl, damit wir bald aus dieser Talsohle rauskommen!<\/p>\n<p>Und den\u00a0Fans w\u00fcnsche ich viel Geduld! <strong>Gebt dem neuen Trainer eine Chance!<\/strong><\/p>\n<p>Die Glubberer haben sich bei der Relegation durch ihr &#8220;<a href=\"http:\/\/www.sport1.fm\/video\/gaensehaut-pur-frankfurt-jubelt-nuernberg-singt__0_pfkqbhat\" target=\"_blank\">you&#8217;ll never walk alone<\/a>&#8221; (<a href=\"http:\/\/www.sport1.fm\/video\/gaensehaut-pur-frankfurt-jubelt-nuernberg-singt__0_pfkqbhat\" target=\"_blank\">unbedingt anh\u00f6ren<\/a>) sehr positiv pr\u00e4sentiert, ich w\u00fcnschte dass das so bleibt! \ud83d\ude42<\/p>\n<p>Gute Zusammenfassung bei CU:\u00a0<a href=\"https:\/\/www.clubfans-united.de\/2016\/06\/19\/586-tage-weiler-was-bleibt\/\" target=\"_blank\">586 Tage Weiler \u2013 Was bleibt?<\/a><\/p>\n","protected":false},"excerpt":{"rendered":"<p>Das war wohl mein\u00a0letztes Weiler-Wortspiel, versprochen. Der Schock sa\u00df tief am vergangenen Donnerstag, als im Internet verk\u00fcndet wurde, das Trainer Ren\u00e9 Weiler den 1.FC N\u00fcrnberg verlassen wird: Der RSC Anderlecht hat ihm ein Angebot unterbreitet, das er nicht ablehnen konnte. Schlie\u00dflich war Ren\u00e9 f\u00fcr mich der Anker, der &#8220;uns auch mit der A-Jugend&#8221; in Richtung [&hellip;]<\/p>\n","protected":false},"author":4,"featured_media":0,"comment_status":"open","ping_status":"open","sticky":false,"template":"","format":"standard","meta":{"spay_email":""},"categories":[6],"tags":[328,294],"jetpack_featured_media_url":"","yoast_head":"<!-- This site is optimized with the Yoast SEO plugin v18.3 - https:\/\/yoast.com\/wordpress\/plugins\/seo\/ -->\n<title>Weiler zu Anderlecht geht: Danke Ren\u00e9, aber jeder Neuanfang ist auch eine Chance! - Glubb-Blog<\/title>\n<meta name=\"robots\" content=\"index, follow, max-snippet:-1, max-image-preview:large, max-video-preview:-1\" \/>\n<link rel=\"canonical\" href=\"https:\/\/www.n-town.de\/glubbblog\/index.php\/archives\/glubb-news\/7950-weiler-zu-anderlecht-geht-danke-rene-jeder-neuanfang-ist-auch-eine-chance.html\" \/>\n<meta property=\"og:locale\" content=\"de_DE\" \/>\n<meta property=\"og:type\" content=\"article\" \/>\n<meta property=\"og:title\" content=\"Weiler zu Anderlecht geht: Danke Ren\u00e9, aber jeder Neuanfang ist auch eine Chance! - Glubb-Blog\" \/>\n<meta property=\"og:description\" content=\"Das war wohl mein\u00a0letztes Weiler-Wortspiel, versprochen. Der Schock sa\u00df tief am vergangenen Donnerstag, als im Internet verk\u00fcndet wurde, das Trainer Ren\u00e9 Weiler den 1.FC N\u00fcrnberg verlassen wird: Der RSC Anderlecht hat ihm ein Angebot unterbreitet, das er nicht ablehnen konnte. Schlie\u00dflich war Ren\u00e9 f\u00fcr mich der Anker, der &#8220;uns auch mit der A-Jugend&#8221; in Richtung [&hellip;]\" \/>\n<meta property=\"og:url\" content=\"https:\/\/www.n-town.de\/glubbblog\/index.php\/archives\/glubb-news\/7950-weiler-zu-anderlecht-geht-danke-rene-jeder-neuanfang-ist-auch-eine-chance.html\" \/>\n<meta property=\"og:site_name\" content=\"Glubb-Blog\" \/>\n<meta property=\"article:publisher\" content=\"https:\/\/www.facebook.com\/glubbblog\" \/>\n<meta property=\"article:published_time\" content=\"2016-06-20T14:21:49+00:00\" \/>\n<meta property=\"article:modified_time\" content=\"2016-06-20T14:23:55+00:00\" \/>\n<meta property=\"og:image\" content=\"https:\/\/www.n-town.de\/glubbblog\/wp-content\/uploads\/2016\/05\/Frankenderby_2014_01.jpg\" \/>\n<meta name=\"twitter:card\" content=\"summary\" \/>\n<meta name=\"twitter:creator\" content=\"@glubb_blog_de\" \/>\n<meta name=\"twitter:site\" content=\"@glubb_blog_de\" \/>\n<meta name=\"twitter:label1\" content=\"Verfasst von\" \/>\n\t<meta name=\"twitter:data1\" content=\"Bomber Manolo\" \/>\n\t<meta name=\"twitter:label2\" content=\"Gesch\u00e4tzte Lesezeit\" \/>\n\t<meta name=\"twitter:data2\" content=\"4\u00a0Minuten\" \/>\n<script type=\"application\/ld+json\" class=\"yoast-schema-graph\">{\"@context\":\"https:\/\/schema.org\",\"@graph\":[{\"@type\":\"WebSite\",\"@id\":\"https:\/\/www.n-town.de\/glubbblog\/#website\",\"url\":\"https:\/\/www.n-town.de\/glubbblog\/\",\"name\":\"Glubb-Blog\",\"description\":\"Clubfans bei FCN-Ausw\u00e4rtsfahrten und Groundhopping\",\"potentialAction\":[{\"@type\":\"SearchAction\",\"target\":{\"@type\":\"EntryPoint\",\"urlTemplate\":\"https:\/\/www.n-town.de\/glubbblog\/?s={search_term_string}\"},\"query-input\":\"required name=search_term_string\"}],\"inLanguage\":\"de\"},{\"@type\":\"ImageObject\",\"@id\":\"https:\/\/www.n-town.de\/glubbblog\/index.php\/archives\/glubb-news\/7950-weiler-zu-anderlecht-geht-danke-rene-jeder-neuanfang-ist-auch-eine-chance.html#primaryimage\",\"inLanguage\":\"de\",\"url\":\"https:\/\/www.n-town.de\/glubbblog\/wp-content\/uploads\/2016\/05\/Frankenderby_2014_01.jpg\",\"contentUrl\":\"https:\/\/www.n-town.de\/glubbblog\/wp-content\/uploads\/2016\/05\/Frankenderby_2014_01.jpg\",\"width\":171,\"height\":178},{\"@type\":\"WebPage\",\"@id\":\"https:\/\/www.n-town.de\/glubbblog\/index.php\/archives\/glubb-news\/7950-weiler-zu-anderlecht-geht-danke-rene-jeder-neuanfang-ist-auch-eine-chance.html#webpage\",\"url\":\"https:\/\/www.n-town.de\/glubbblog\/index.php\/archives\/glubb-news\/7950-weiler-zu-anderlecht-geht-danke-rene-jeder-neuanfang-ist-auch-eine-chance.html\",\"name\":\"Weiler zu Anderlecht geht: Danke Ren\u00e9, aber jeder Neuanfang ist auch eine Chance! - Glubb-Blog\",\"isPartOf\":{\"@id\":\"https:\/\/www.n-town.de\/glubbblog\/#website\"},\"primaryImageOfPage\":{\"@id\":\"https:\/\/www.n-town.de\/glubbblog\/index.php\/archives\/glubb-news\/7950-weiler-zu-anderlecht-geht-danke-rene-jeder-neuanfang-ist-auch-eine-chance.html#primaryimage\"},\"datePublished\":\"2016-06-20T14:21:49+00:00\",\"dateModified\":\"2016-06-20T14:23:55+00:00\",\"author\":{\"@id\":\"https:\/\/www.n-town.de\/glubbblog\/#\/schema\/person\/23822a94b519ca1de591c4492e0e104e\"},\"breadcrumb\":{\"@id\":\"https:\/\/www.n-town.de\/glubbblog\/index.php\/archives\/glubb-news\/7950-weiler-zu-anderlecht-geht-danke-rene-jeder-neuanfang-ist-auch-eine-chance.html#breadcrumb\"},\"inLanguage\":\"de\",\"potentialAction\":[{\"@type\":\"ReadAction\",\"target\":[\"https:\/\/www.n-town.de\/glubbblog\/index.php\/archives\/glubb-news\/7950-weiler-zu-anderlecht-geht-danke-rene-jeder-neuanfang-ist-auch-eine-chance.html\"]}]},{\"@type\":\"BreadcrumbList\",\"@id\":\"https:\/\/www.n-town.de\/glubbblog\/index.php\/archives\/glubb-news\/7950-weiler-zu-anderlecht-geht-danke-rene-jeder-neuanfang-ist-auch-eine-chance.html#breadcrumb\",\"itemListElement\":[{\"@type\":\"ListItem\",\"position\":1,\"name\":\"Home\",\"item\":\"https:\/\/www.n-town.de\/glubbblog\"},{\"@type\":\"ListItem\",\"position\":2,\"name\":\"Weiler zu Anderlecht geht: Danke Ren\u00e9, aber jeder Neuanfang ist auch eine Chance!\"}]},{\"@type\":\"Person\",\"@id\":\"https:\/\/www.n-town.de\/glubbblog\/#\/schema\/person\/23822a94b519ca1de591c4492e0e104e\",\"name\":\"Bomber Manolo\",\"image\":{\"@type\":\"ImageObject\",\"@id\":\"https:\/\/www.n-town.de\/glubbblog\/#personlogo\",\"inLanguage\":\"de\",\"url\":\"https:\/\/secure.gravatar.com\/avatar\/745e89a5226a55ce3ed5fac4a51dced8?s=96&d=mm&r=g\",\"contentUrl\":\"https:\/\/secure.gravatar.com\/avatar\/745e89a5226a55ce3ed5fac4a51dced8?s=96&d=mm&r=g\",\"caption\":\"Bomber Manolo\"},\"sameAs\":[\"https:\/\/www.n-town.de\"],\"url\":\"https:\/\/www.n-town.de\/glubbblog\/index.php\/archives\/author\/andy\"}]}<\/script>\n<!-- \/ Yoast SEO plugin. -->","yoast_head_json":{"title":"Weiler zu Anderlecht geht: Danke Ren\u00e9, aber jeder Neuanfang ist auch eine Chance! - Glubb-Blog","robots":{"index":"index","follow":"follow","max-snippet":"max-snippet:-1","max-image-preview":"max-image-preview:large","max-video-preview":"max-video-preview:-1"},"canonical":"https:\/\/www.n-town.de\/glubbblog\/index.php\/archives\/glubb-news\/7950-weiler-zu-anderlecht-geht-danke-rene-jeder-neuanfang-ist-auch-eine-chance.html","og_locale":"de_DE","og_type":"article","og_title":"Weiler zu Anderlecht geht: Danke Ren\u00e9, aber jeder Neuanfang ist auch eine Chance! - Glubb-Blog","og_description":"Das war wohl mein\u00a0letztes Weiler-Wortspiel, versprochen. Der Schock sa\u00df tief am vergangenen Donnerstag, als im Internet verk\u00fcndet wurde, das Trainer Ren\u00e9 Weiler den 1.FC N\u00fcrnberg verlassen wird: Der RSC Anderlecht hat ihm ein Angebot unterbreitet, das er nicht ablehnen konnte. Schlie\u00dflich war Ren\u00e9 f\u00fcr mich der Anker, der &#8220;uns auch mit der A-Jugend&#8221; in Richtung [&hellip;]","og_url":"https:\/\/www.n-town.de\/glubbblog\/index.php\/archives\/glubb-news\/7950-weiler-zu-anderlecht-geht-danke-rene-jeder-neuanfang-ist-auch-eine-chance.html","og_site_name":"Glubb-Blog","article_publisher":"https:\/\/www.facebook.com\/glubbblog","article_published_time":"2016-06-20T14:21:49+00:00","article_modified_time":"2016-06-20T14:23:55+00:00","og_image":[{"url":"https:\/\/www.n-town.de\/glubbblog\/wp-content\/uploads\/2016\/05\/Frankenderby_2014_01.jpg"}],"twitter_card":"summary","twitter_creator":"@glubb_blog_de","twitter_site":"@glubb_blog_de","twitter_misc":{"Verfasst von":"Bomber Manolo","Gesch\u00e4tzte Lesezeit":"4\u00a0Minuten"},"schema":{"@context":"https:\/\/schema.org","@graph":[{"@type":"WebSite","@id":"https:\/\/www.n-town.de\/glubbblog\/#website","url":"https:\/\/www.n-town.de\/glubbblog\/","name":"Glubb-Blog","description":"Clubfans bei FCN-Ausw\u00e4rtsfahrten und Groundhopping","potentialAction":[{"@type":"SearchAction","target":{"@type":"EntryPoint","urlTemplate":"https:\/\/www.n-town.de\/glubbblog\/?s={search_term_string}"},"query-input":"required name=search_term_string"}],"inLanguage":"de"},{"@type":"ImageObject","@id":"https:\/\/www.n-town.de\/glubbblog\/index.php\/archives\/glubb-news\/7950-weiler-zu-anderlecht-geht-danke-rene-jeder-neuanfang-ist-auch-eine-chance.html#primaryimage","inLanguage":"de","url":"https:\/\/www.n-town.de\/glubbblog\/wp-content\/uploads\/2016\/05\/Frankenderby_2014_01.jpg","contentUrl":"https:\/\/www.n-town.de\/glubbblog\/wp-content\/uploads\/2016\/05\/Frankenderby_2014_01.jpg","width":171,"height":178},{"@type":"WebPage","@id":"https:\/\/www.n-town.de\/glubbblog\/index.php\/archives\/glubb-news\/7950-weiler-zu-anderlecht-geht-danke-rene-jeder-neuanfang-ist-auch-eine-chance.html#webpage","url":"https:\/\/www.n-town.de\/glubbblog\/index.php\/archives\/glubb-news\/7950-weiler-zu-anderlecht-geht-danke-rene-jeder-neuanfang-ist-auch-eine-chance.html","name":"Weiler zu Anderlecht geht: Danke Ren\u00e9, aber jeder Neuanfang ist auch eine Chance! - Glubb-Blog","isPartOf":{"@id":"https:\/\/www.n-town.de\/glubbblog\/#website"},"primaryImageOfPage":{"@id":"https:\/\/www.n-town.de\/glubbblog\/index.php\/archives\/glubb-news\/7950-weiler-zu-anderlecht-geht-danke-rene-jeder-neuanfang-ist-auch-eine-chance.html#primaryimage"},"datePublished":"2016-06-20T14:21:49+00:00","dateModified":"2016-06-20T14:23:55+00:00","author":{"@id":"https:\/\/www.n-town.de\/glubbblog\/#\/schema\/person\/23822a94b519ca1de591c4492e0e104e"},"breadcrumb":{"@id":"https:\/\/www.n-town.de\/glubbblog\/index.php\/archives\/glubb-news\/7950-weiler-zu-anderlecht-geht-danke-rene-jeder-neuanfang-ist-auch-eine-chance.html#breadcrumb"},"inLanguage":"de","potentialAction":[{"@type":"ReadAction","target":["https:\/\/www.n-town.de\/glubbblog\/index.php\/archives\/glubb-news\/7950-weiler-zu-anderlecht-geht-danke-rene-jeder-neuanfang-ist-auch-eine-chance.html"]}]},{"@type":"BreadcrumbList","@id":"https:\/\/www.n-town.de\/glubbblog\/index.php\/archives\/glubb-news\/7950-weiler-zu-anderlecht-geht-danke-rene-jeder-neuanfang-ist-auch-eine-chance.html#breadcrumb","itemListElement":[{"@type":"ListItem","position":1,"name":"Home","item":"https:\/\/www.n-town.de\/glubbblog"},{"@type":"ListItem","position":2,"name":"Weiler zu Anderlecht geht: Danke Ren\u00e9, aber jeder Neuanfang ist auch eine Chance!"}]},{"@type":"Person","@id":"https:\/\/www.n-town.de\/glubbblog\/#\/schema\/person\/23822a94b519ca1de591c4492e0e104e","name":"Bomber Manolo","image":{"@type":"ImageObject","@id":"https:\/\/www.n-town.de\/glubbblog\/#personlogo","inLanguage":"de","url":"https:\/\/secure.gravatar.com\/avatar\/745e89a5226a55ce3ed5fac4a51dced8?s=96&d=mm&r=g","contentUrl":"https:\/\/secure.gravatar.com\/avatar\/745e89a5226a55ce3ed5fac4a51dced8?s=96&d=mm&r=g","caption":"Bomber Manolo"},"sameAs":["https:\/\/www.n-town.de"],"url":"https:\/\/www.n-town.de\/glubbblog\/index.php\/archives\/author\/andy"}]}},"_links":{"self":[{"href":"https:\/\/www.n-town.de\/glubbblog\/index.php\/wp-json\/wp\/v2\/posts\/7950"}],"collection":[{"href":"https:\/\/www.n-town.de\/glubbblog\/index.php\/wp-json\/wp\/v2\/posts"}],"about":[{"href":"https:\/\/www.n-town.de\/glubbblog\/index.php\/wp-json\/wp\/v2\/types\/post"}],"author":[{"embeddable":true,"href":"https:\/\/www.n-town.de\/glubbblog\/index.php\/wp-json\/wp\/v2\/users\/4"}],"replies":[{"embeddable":true,"href":"https:\/\/www.n-town.de\/glubbblog\/index.php\/wp-json\/wp\/v2\/comments?post=7950"}],"version-history":[{"count":6,"href":"https:\/\/www.n-town.de\/glubbblog\/index.php\/wp-json\/wp\/v2\/posts\/7950\/revisions"}],"predecessor-version":[{"id":7956,"href":"https:\/\/www.n-town.de\/glubbblog\/index.php\/wp-json\/wp\/v2\/posts\/7950\/revisions\/7956"}],"wp:attachment":[{"href":"https:\/\/www.n-town.de\/glubbblog\/index.php\/wp-json\/wp\/v2\/media?parent=7950"}],"wp:term":[{"taxonomy":"category","embeddable":true,"href":"https:\/\/www.n-town.de\/glubbblog\/index.php\/wp-json\/wp\/v2\/categories?post=7950"},{"taxonomy":"post_tag","embeddable":true,"href":"https:\/\/www.n-town.de\/glubbblog\/index.php\/wp-json\/wp\/v2\/tags?post=7950"}],"curies":[{"name":"wp","href":"https:\/\/api.w.org\/{rel}","templated":true}]}}