{"id":7983,"date":"2016-08-05T18:26:23","date_gmt":"2016-08-05T16:26:23","guid":{"rendered":"http:\/\/www.n-town.de\/glubbblog\/?p=7983"},"modified":"2016-08-05T18:26:23","modified_gmt":"2016-08-05T16:26:23","slug":"es-geht-wieder-los-was-kann-man-vom-glubb-erwarten","status":"publish","type":"post","link":"https:\/\/www.n-town.de\/glubbblog\/index.php\/archives\/glubb-news\/7983-es-geht-wieder-los-was-kann-man-vom-glubb-erwarten.html","title":{"rendered":"Es geht wieder los: Was kann man vom Glubb erwarten?"},"content":{"rendered":"<p><a href=\"https:\/\/www.n-town.de\/glubbblog\/wp-content\/uploads\/2016\/08\/Alois_Schwartz.jpg\"><img loading=\"lazy\" class=\"alignleft size-medium wp-image-7985\" src=\"https:\/\/www.n-town.de\/glubbblog\/wp-content\/uploads\/2016\/08\/Alois_Schwartz-266x300.jpg\" alt=\"Alois_Schwartz\" width=\"266\" height=\"300\" srcset=\"https:\/\/www.n-town.de\/glubbblog\/wp-content\/uploads\/2016\/08\/Alois_Schwartz-266x300.jpg 266w, https:\/\/www.n-town.de\/glubbblog\/wp-content\/uploads\/2016\/08\/Alois_Schwartz.jpg 444w\" sizes=\"(max-width: 266px) 100vw, 266px\" \/><\/a>Es geht wieder los beim FCN: Morgen startet auch der Glubb bei Dynamo Dresden in die nun 3. Zweitligasaison in Folge. Hatte man im Mai dieses Jahres noch an der <a href=\"https:\/\/www.n-town.de\/glubbblog\/index.php\/archives\/fcn\/7883-relegation-erhaelt-eine-geile-saison-noch-die-kroenung.html\" target=\"_blank\">T\u00fcrschwelle zur 1. Liga<\/a> gestanden, doch leider gegen die <a href=\"https:\/\/www.n-town.de\/glubbblog\/index.php\/archives\/glubb-live\/7930-relegation-glubb-sge-01-schade-jungs-aber-so-reichts-nicht.html\" target=\"_blank\">Frankfurter Eintracht zwar nicht nach Ergebnis, aber nach Spielweise deutlich den K\u00fcrzeren gezogen<\/a>, so gab es danach gro\u00dfe Umbr\u00fcche: Erst lief Trainer <a href=\"https:\/\/www.n-town.de\/glubbblog\/index.php\/archives\/glubb-news\/7950-weiler-zu-anderlecht-geht-danke-rene-jeder-neuanfang-ist-auch-eine-chance.html\" target=\"_blank\">Ren\u00e9 Weiler zum RSC Anderlecht<\/a>, weil dort die Champions League lockte, welche die Belgier nun leider verpasst haben &#8211; leider, weil dem FCN dadurch Nachzahlungen entgehen. Dann wurde wenig sp\u00e4ter der <a href=\"https:\/\/www.n-town.de\/glubbblog\/index.php\/archives\/glubb-news\/7957-willkommen-beim-ruhmreichen-alois-schwartz-wird-neuer-glubb-trainer.html\" target=\"_blank\">Wunschkandidat Alois Schwartz von SV Sandhausen verpflichtet<\/a>. In der kurzen Zeit, die Feuertaufe hat Andreas Bornemann mit Bravour bestanden. Schlie\u00dflich gab es dann auch noch einen <a href=\"https:\/\/www.n-town.de\/glubbblog\/index.php\/archives\/glubb-news\/7976-neuer-hauptsponsor-der-nuernberger-glubb-auf-einem-guten-weg.html\" target=\"_blank\">neuen Trikotsposor: Die N\u00fcrnberger Versicherung<\/a>! Ein Schwergewicht der Region, wenn man so will: Meeskes Feuertaufe.<\/p>\n<p><strong>Abg\u00e4nge<\/strong><\/p>\n<p><a href=\"https:\/\/www.n-town.de\/glubbblog\/wp-content\/uploads\/2016\/08\/Niklas_F\u00fcllkrug.jpg\"><img loading=\"lazy\" class=\"alignright size-medium wp-image-7986\" src=\"https:\/\/www.n-town.de\/glubbblog\/wp-content\/uploads\/2016\/08\/Niklas_F\u00fcllkrug-289x300.jpg\" alt=\"Niklas_F\u00fcllkrug\" width=\"289\" height=\"300\" srcset=\"https:\/\/www.n-town.de\/glubbblog\/wp-content\/uploads\/2016\/08\/Niklas_F\u00fcllkrug-289x300.jpg 289w, https:\/\/www.n-town.de\/glubbblog\/wp-content\/uploads\/2016\/08\/Niklas_F\u00fcllkrug.jpg 482w\" sizes=\"(max-width: 289px) 100vw, 289px\" \/><\/a>Was aber zum Gl\u00fcck ausblieb, ist der &#8220;gro\u00dfe Umbruch&#8221; in der Mannschaft, denn die konnte gr\u00f6\u00dftenteils zusammengehalten werden. So ist Niklas F\u00fcllkrug der einzige Abgang bisher (zu Hannover, obwohl er unbedingt 1. Liga spielen wollte&#8230;?), der so richtig schmerzt. Danny Blum, der bei uns kaum \u00fcber den Status des &#8220;entwicklungsf\u00e4higen Einwechselspielers&#8221; hinaus kam, schl\u00fcpfte bei der Eintracht aus Frankfurt unter. Sebastian Kerk ist erstmal auch weg, aber da er nur ausgeliehen war, wusste man dass es nur vor\u00fcbergehend sein w\u00fcrde &#8211; und wer wei\u00df, vielleicht kann man ihn ja doch noch holen. Jan Polak, Zol\u00adt\u00e1n Stie\u00adber, Ro\u00adbert Koch, J\u00fcr\u00adgen M\u00f6ss\u00admer und To\u00adbias Pa\u00adcho\u00adnik spielten eh kaum bis nie.<\/p>\n<p><strong>Zug\u00e4nge<\/strong><\/p>\n<p>Schon vor der Saison war klar, dass Standardspezialist To\u00adbias Kempe\u00a0den Erstligisten\u00a0Darm\u00adstadt verlassen und zum Ruhmreichen wechseln w\u00fcrde. Ihm folgten der erfahrene Mit\u00adtel\u00adfeldspieler Enis Alushi (vom FC St. Pauli) und der junge Offensiv-Wirbler Ed\u00adgar Salli (vom AS Mo\u00adnaco). Zudem kehrten die verliehenen Willi Ev\u00adseev (Kiel) und Ja\u00adkub Syl\u00advestr (Paderborn) zur\u00fcck und k\u00f6nnen somit auch als Neuzug\u00e4nge gez\u00e4hlt werden.<\/p>\n<p>Ich pers\u00f6nlich freue mich besonders, dass Hanno Behrens in N\u00fcrnberg geblieben ist, sowie auch die gesamte Hintermannschaft um Margreitter, Bulthuis, Brecko und Sepsi. Ebenso sehe\u00a0ich das Bleiben vom Guido Burgstaller als sehr wichtig an, auch wenn er gepoltert hat, dass er weg will: Guido ist keiner der sich h\u00e4ngen l\u00e4sst wie Kiyotake dereinst.<\/p>\n<p><strong>Was kann man erwarten?<\/strong><\/p>\n<p>Nun, da wird es nahezu bei jedem Team schwierig das vor der Saison zu beantworten, gerade die 2. Liga ist oftmals eine reine Wundert\u00fcte. Und diese Saison werden wie immer die &#8220;gro\u00dfen&#8221; Absteiger bestimmen, die zum Teil sehr viel Geld ausgegeben habe. Apropos: Der TSV 1860 muss wohl eine Goldader oder dergleichen gefunden haben, denn die &#8220;Kellerkinder&#8221; von einst haben sich u.a. mit\u00a0Ivica Olic, Stefan Aigner und Ribamar verst\u00e4rkt. Also w\u00e4re deren Anwesenheit in h\u00f6heren Tabellenregionen sicherlich keine v\u00f6llige \u00dcberraschung.<\/p>\n<p>Bei unserem Glubb dagegen sehe ich die Gefahr, dass man &#8220;abst\u00fcrzt&#8221; wie viele der vorher ebenfalls gescheiterten Relegations-Teams (KSC, Bochum, F\u00fcrth,&#8230;) und man die starke Vorsaison nicht wiederholen kann. Ich w\u00fcnsche mir sehr, dass unsere Neuzug\u00e4nge voll &#8220;einschlagen&#8221; und Sylvestr vielleicht mit 25 Toren alle Kritiker L\u00fcgen straft, aber es ist mir doch etwas mulmig. Geben wir den Jungs Zeit.<\/p>\n<p><strong>Fachpresse<\/strong><\/p>\n<p>Die Fachpresse l\u00e4sst sich da eher zu Spekulationen hinreissen. So sieht der <a href=\"http:\/\/www.spiegel.de\/sport\/fussball\/2-bundesliga-wer-steigt-auf-wer-ab-wer-ueberrascht-die-saisonvorschau-a-1105667.html\" target=\"_blank\">Spiegel<\/a>\u00a0&#8220;<em>Platz drei ist auch in der kommenden Saison<\/em>&#8221; als &#8220;<em>machbar<\/em>&#8221; an und empfindet ein Abwandern von &#8220;<em>Top-St\u00fcrmer Guido Burgstaller<\/em>&#8221; als gr\u00f6\u00dfte Gefahr!<\/p>\n<p>Die <a href=\"http:\/\/m.bild.de\/sport\/fussball\/2-bundesliga\/alles-spricht-fuer-hannover-47066144.bildMobile.html\" target=\"_blank\">BILD<\/a> hat den FCN immerhin im Favoritenkreis und meint &#8220;<em>F\u00fcr den direkten Aufstieg muss ganz viel passen. Der Relegationsplatz ist f\u00fcr N\u00fcrnberg wie letzte Saison aber drin.<\/em>&#8221;<\/p>\n<p><a href=\"http:\/\/www.liga-zwei.de\/1-fc-nuernberg-der-liga-zwei-teamcheck\/\" target=\"_blank\">Liga-zwei.de<\/a> schreibt dem Glubb ins Jahrbuch: &#8220;<em>Aktuell sch\u00e4tzen wir den Club ein wenig schw\u00e4cher ein als in der Spielzeit 2015\/16.<\/em>&#8221; man k\u00f6nne das zwar auffangen, aber &#8220;<em>wenn kein weiterer Mittelst\u00fcrmer gefunden wird, dann hat der 1. FC N\u00fcrnberg ein Problem.<\/em>&#8221;<\/p>\n<p>Ob es sich bei\u00a0<a href=\"https:\/\/1ppm.de\/2016\/08\/da-capo\/\" target=\"_blank\">1ppm.de<\/a> auch um Fachpresse handelt, kann ich nicht sagen, aber immerhin gibt man aus: &#8220;<em>Der Club wird wie\u00adder im oberen Drit\u00adtel mit\u00adspie\u00adlen, sollte nichts Au\u00ad\u00dfer\u00adge\u00adw\u00f6hn\u00adli\u00adches pas\u00adsie\u00adren.<\/em>&#8221; &#8230;und an das Au\u00dfergew\u00f6hnliche glaubt man nicht.<\/p>\n<p><strong>Fazit<\/strong><\/p>\n<p>Wie so oft brauchen wir Geduld. Die Verantwortlichen im Verein leisten tolle Arbeit in einer extrem schwierigen Situation. Wir haben viele junge Spieler, die bestimmt nicht auf Anhieb Topleistungen bringen werden. Machen wir das beste draus, wer wei\u00df, vielleicht werden ja mal die schw\u00e4cheren von den Schiedsrichtern beg\u00fcnstigt? \ud83d\ude09<\/p>\n<p><strong>Wir werden es sehen: Alles f\u00fcr rot-schwarz!<\/strong><\/p>\n<p>&nbsp;<\/p>\n","protected":false},"excerpt":{"rendered":"<p>Es geht wieder los beim FCN: Morgen startet auch der Glubb bei Dynamo Dresden in die nun 3. Zweitligasaison in Folge. Hatte man im Mai dieses Jahres noch an der T\u00fcrschwelle zur 1. Liga gestanden, doch leider gegen die Frankfurter Eintracht zwar nicht nach Ergebnis, aber nach Spielweise deutlich den K\u00fcrzeren gezogen, so gab es [&hellip;]<\/p>\n","protected":false},"author":4,"featured_media":0,"comment_status":"open","ping_status":"open","sticky":false,"template":"","format":"standard","meta":{"spay_email":""},"categories":[6],"tags":[107],"jetpack_featured_media_url":"","yoast_head":"<!-- This site is optimized with the Yoast SEO plugin v18.3 - https:\/\/yoast.com\/wordpress\/plugins\/seo\/ -->\n<title>Es geht wieder los: Was kann man vom Glubb erwarten? - Glubb-Blog<\/title>\n<meta name=\"robots\" content=\"index, follow, max-snippet:-1, max-image-preview:large, max-video-preview:-1\" \/>\n<link rel=\"canonical\" href=\"https:\/\/www.n-town.de\/glubbblog\/index.php\/archives\/glubb-news\/7983-es-geht-wieder-los-was-kann-man-vom-glubb-erwarten.html\" \/>\n<meta property=\"og:locale\" content=\"de_DE\" \/>\n<meta property=\"og:type\" content=\"article\" \/>\n<meta property=\"og:title\" content=\"Es geht wieder los: Was kann man vom Glubb erwarten? - Glubb-Blog\" \/>\n<meta property=\"og:description\" content=\"Es geht wieder los beim FCN: Morgen startet auch der Glubb bei Dynamo Dresden in die nun 3. Zweitligasaison in Folge. Hatte man im Mai dieses Jahres noch an der T\u00fcrschwelle zur 1. Liga gestanden, doch leider gegen die Frankfurter Eintracht zwar nicht nach Ergebnis, aber nach Spielweise deutlich den K\u00fcrzeren gezogen, so gab es [&hellip;]\" \/>\n<meta property=\"og:url\" content=\"https:\/\/www.n-town.de\/glubbblog\/index.php\/archives\/glubb-news\/7983-es-geht-wieder-los-was-kann-man-vom-glubb-erwarten.html\" \/>\n<meta property=\"og:site_name\" content=\"Glubb-Blog\" \/>\n<meta property=\"article:publisher\" content=\"https:\/\/www.facebook.com\/glubbblog\" \/>\n<meta property=\"article:published_time\" content=\"2016-08-05T16:26:23+00:00\" \/>\n<meta property=\"og:image\" content=\"https:\/\/www.n-town.de\/glubbblog\/wp-content\/uploads\/2016\/08\/Alois_Schwartz-266x300.jpg\" \/>\n<meta name=\"twitter:card\" content=\"summary\" \/>\n<meta name=\"twitter:creator\" content=\"@glubb_blog_de\" \/>\n<meta name=\"twitter:site\" content=\"@glubb_blog_de\" \/>\n<meta name=\"twitter:label1\" content=\"Verfasst von\" \/>\n\t<meta name=\"twitter:data1\" content=\"Bomber Manolo\" \/>\n\t<meta name=\"twitter:label2\" content=\"Gesch\u00e4tzte Lesezeit\" \/>\n\t<meta name=\"twitter:data2\" content=\"4\u00a0Minuten\" \/>\n<script type=\"application\/ld+json\" class=\"yoast-schema-graph\">{\"@context\":\"https:\/\/schema.org\",\"@graph\":[{\"@type\":\"WebSite\",\"@id\":\"https:\/\/www.n-town.de\/glubbblog\/#website\",\"url\":\"https:\/\/www.n-town.de\/glubbblog\/\",\"name\":\"Glubb-Blog\",\"description\":\"Clubfans bei FCN-Ausw\u00e4rtsfahrten und Groundhopping\",\"potentialAction\":[{\"@type\":\"SearchAction\",\"target\":{\"@type\":\"EntryPoint\",\"urlTemplate\":\"https:\/\/www.n-town.de\/glubbblog\/?s={search_term_string}\"},\"query-input\":\"required name=search_term_string\"}],\"inLanguage\":\"de\"},{\"@type\":\"ImageObject\",\"@id\":\"https:\/\/www.n-town.de\/glubbblog\/index.php\/archives\/glubb-news\/7983-es-geht-wieder-los-was-kann-man-vom-glubb-erwarten.html#primaryimage\",\"inLanguage\":\"de\",\"url\":\"https:\/\/www.n-town.de\/glubbblog\/wp-content\/uploads\/2016\/08\/Alois_Schwartz.jpg\",\"contentUrl\":\"https:\/\/www.n-town.de\/glubbblog\/wp-content\/uploads\/2016\/08\/Alois_Schwartz.jpg\",\"width\":444,\"height\":500},{\"@type\":\"WebPage\",\"@id\":\"https:\/\/www.n-town.de\/glubbblog\/index.php\/archives\/glubb-news\/7983-es-geht-wieder-los-was-kann-man-vom-glubb-erwarten.html#webpage\",\"url\":\"https:\/\/www.n-town.de\/glubbblog\/index.php\/archives\/glubb-news\/7983-es-geht-wieder-los-was-kann-man-vom-glubb-erwarten.html\",\"name\":\"Es geht wieder los: Was kann man vom Glubb erwarten? - Glubb-Blog\",\"isPartOf\":{\"@id\":\"https:\/\/www.n-town.de\/glubbblog\/#website\"},\"primaryImageOfPage\":{\"@id\":\"https:\/\/www.n-town.de\/glubbblog\/index.php\/archives\/glubb-news\/7983-es-geht-wieder-los-was-kann-man-vom-glubb-erwarten.html#primaryimage\"},\"datePublished\":\"2016-08-05T16:26:23+00:00\",\"dateModified\":\"2016-08-05T16:26:23+00:00\",\"author\":{\"@id\":\"https:\/\/www.n-town.de\/glubbblog\/#\/schema\/person\/23822a94b519ca1de591c4492e0e104e\"},\"breadcrumb\":{\"@id\":\"https:\/\/www.n-town.de\/glubbblog\/index.php\/archives\/glubb-news\/7983-es-geht-wieder-los-was-kann-man-vom-glubb-erwarten.html#breadcrumb\"},\"inLanguage\":\"de\",\"potentialAction\":[{\"@type\":\"ReadAction\",\"target\":[\"https:\/\/www.n-town.de\/glubbblog\/index.php\/archives\/glubb-news\/7983-es-geht-wieder-los-was-kann-man-vom-glubb-erwarten.html\"]}]},{\"@type\":\"BreadcrumbList\",\"@id\":\"https:\/\/www.n-town.de\/glubbblog\/index.php\/archives\/glubb-news\/7983-es-geht-wieder-los-was-kann-man-vom-glubb-erwarten.html#breadcrumb\",\"itemListElement\":[{\"@type\":\"ListItem\",\"position\":1,\"name\":\"Home\",\"item\":\"https:\/\/www.n-town.de\/glubbblog\"},{\"@type\":\"ListItem\",\"position\":2,\"name\":\"Es geht wieder los: Was kann man vom Glubb erwarten?\"}]},{\"@type\":\"Person\",\"@id\":\"https:\/\/www.n-town.de\/glubbblog\/#\/schema\/person\/23822a94b519ca1de591c4492e0e104e\",\"name\":\"Bomber Manolo\",\"image\":{\"@type\":\"ImageObject\",\"@id\":\"https:\/\/www.n-town.de\/glubbblog\/#personlogo\",\"inLanguage\":\"de\",\"url\":\"https:\/\/secure.gravatar.com\/avatar\/745e89a5226a55ce3ed5fac4a51dced8?s=96&d=mm&r=g\",\"contentUrl\":\"https:\/\/secure.gravatar.com\/avatar\/745e89a5226a55ce3ed5fac4a51dced8?s=96&d=mm&r=g\",\"caption\":\"Bomber Manolo\"},\"sameAs\":[\"https:\/\/www.n-town.de\"],\"url\":\"https:\/\/www.n-town.de\/glubbblog\/index.php\/archives\/author\/andy\"}]}<\/script>\n<!-- \/ Yoast SEO plugin. -->","yoast_head_json":{"title":"Es geht wieder los: Was kann man vom Glubb erwarten? - Glubb-Blog","robots":{"index":"index","follow":"follow","max-snippet":"max-snippet:-1","max-image-preview":"max-image-preview:large","max-video-preview":"max-video-preview:-1"},"canonical":"https:\/\/www.n-town.de\/glubbblog\/index.php\/archives\/glubb-news\/7983-es-geht-wieder-los-was-kann-man-vom-glubb-erwarten.html","og_locale":"de_DE","og_type":"article","og_title":"Es geht wieder los: Was kann man vom Glubb erwarten? - Glubb-Blog","og_description":"Es geht wieder los beim FCN: Morgen startet auch der Glubb bei Dynamo Dresden in die nun 3. Zweitligasaison in Folge. Hatte man im Mai dieses Jahres noch an der T\u00fcrschwelle zur 1. Liga gestanden, doch leider gegen die Frankfurter Eintracht zwar nicht nach Ergebnis, aber nach Spielweise deutlich den K\u00fcrzeren gezogen, so gab es [&hellip;]","og_url":"https:\/\/www.n-town.de\/glubbblog\/index.php\/archives\/glubb-news\/7983-es-geht-wieder-los-was-kann-man-vom-glubb-erwarten.html","og_site_name":"Glubb-Blog","article_publisher":"https:\/\/www.facebook.com\/glubbblog","article_published_time":"2016-08-05T16:26:23+00:00","og_image":[{"url":"https:\/\/www.n-town.de\/glubbblog\/wp-content\/uploads\/2016\/08\/Alois_Schwartz-266x300.jpg"}],"twitter_card":"summary","twitter_creator":"@glubb_blog_de","twitter_site":"@glubb_blog_de","twitter_misc":{"Verfasst von":"Bomber Manolo","Gesch\u00e4tzte Lesezeit":"4\u00a0Minuten"},"schema":{"@context":"https:\/\/schema.org","@graph":[{"@type":"WebSite","@id":"https:\/\/www.n-town.de\/glubbblog\/#website","url":"https:\/\/www.n-town.de\/glubbblog\/","name":"Glubb-Blog","description":"Clubfans bei FCN-Ausw\u00e4rtsfahrten und Groundhopping","potentialAction":[{"@type":"SearchAction","target":{"@type":"EntryPoint","urlTemplate":"https:\/\/www.n-town.de\/glubbblog\/?s={search_term_string}"},"query-input":"required name=search_term_string"}],"inLanguage":"de"},{"@type":"ImageObject","@id":"https:\/\/www.n-town.de\/glubbblog\/index.php\/archives\/glubb-news\/7983-es-geht-wieder-los-was-kann-man-vom-glubb-erwarten.html#primaryimage","inLanguage":"de","url":"https:\/\/www.n-town.de\/glubbblog\/wp-content\/uploads\/2016\/08\/Alois_Schwartz.jpg","contentUrl":"https:\/\/www.n-town.de\/glubbblog\/wp-content\/uploads\/2016\/08\/Alois_Schwartz.jpg","width":444,"height":500},{"@type":"WebPage","@id":"https:\/\/www.n-town.de\/glubbblog\/index.php\/archives\/glubb-news\/7983-es-geht-wieder-los-was-kann-man-vom-glubb-erwarten.html#webpage","url":"https:\/\/www.n-town.de\/glubbblog\/index.php\/archives\/glubb-news\/7983-es-geht-wieder-los-was-kann-man-vom-glubb-erwarten.html","name":"Es geht wieder los: Was kann man vom Glubb erwarten? - Glubb-Blog","isPartOf":{"@id":"https:\/\/www.n-town.de\/glubbblog\/#website"},"primaryImageOfPage":{"@id":"https:\/\/www.n-town.de\/glubbblog\/index.php\/archives\/glubb-news\/7983-es-geht-wieder-los-was-kann-man-vom-glubb-erwarten.html#primaryimage"},"datePublished":"2016-08-05T16:26:23+00:00","dateModified":"2016-08-05T16:26:23+00:00","author":{"@id":"https:\/\/www.n-town.de\/glubbblog\/#\/schema\/person\/23822a94b519ca1de591c4492e0e104e"},"breadcrumb":{"@id":"https:\/\/www.n-town.de\/glubbblog\/index.php\/archives\/glubb-news\/7983-es-geht-wieder-los-was-kann-man-vom-glubb-erwarten.html#breadcrumb"},"inLanguage":"de","potentialAction":[{"@type":"ReadAction","target":["https:\/\/www.n-town.de\/glubbblog\/index.php\/archives\/glubb-news\/7983-es-geht-wieder-los-was-kann-man-vom-glubb-erwarten.html"]}]},{"@type":"BreadcrumbList","@id":"https:\/\/www.n-town.de\/glubbblog\/index.php\/archives\/glubb-news\/7983-es-geht-wieder-los-was-kann-man-vom-glubb-erwarten.html#breadcrumb","itemListElement":[{"@type":"ListItem","position":1,"name":"Home","item":"https:\/\/www.n-town.de\/glubbblog"},{"@type":"ListItem","position":2,"name":"Es geht wieder los: Was kann man vom Glubb erwarten?"}]},{"@type":"Person","@id":"https:\/\/www.n-town.de\/glubbblog\/#\/schema\/person\/23822a94b519ca1de591c4492e0e104e","name":"Bomber Manolo","image":{"@type":"ImageObject","@id":"https:\/\/www.n-town.de\/glubbblog\/#personlogo","inLanguage":"de","url":"https:\/\/secure.gravatar.com\/avatar\/745e89a5226a55ce3ed5fac4a51dced8?s=96&d=mm&r=g","contentUrl":"https:\/\/secure.gravatar.com\/avatar\/745e89a5226a55ce3ed5fac4a51dced8?s=96&d=mm&r=g","caption":"Bomber Manolo"},"sameAs":["https:\/\/www.n-town.de"],"url":"https:\/\/www.n-town.de\/glubbblog\/index.php\/archives\/author\/andy"}]}},"_links":{"self":[{"href":"https:\/\/www.n-town.de\/glubbblog\/index.php\/wp-json\/wp\/v2\/posts\/7983"}],"collection":[{"href":"https:\/\/www.n-town.de\/glubbblog\/index.php\/wp-json\/wp\/v2\/posts"}],"about":[{"href":"https:\/\/www.n-town.de\/glubbblog\/index.php\/wp-json\/wp\/v2\/types\/post"}],"author":[{"embeddable":true,"href":"https:\/\/www.n-town.de\/glubbblog\/index.php\/wp-json\/wp\/v2\/users\/4"}],"replies":[{"embeddable":true,"href":"https:\/\/www.n-town.de\/glubbblog\/index.php\/wp-json\/wp\/v2\/comments?post=7983"}],"version-history":[{"count":4,"href":"https:\/\/www.n-town.de\/glubbblog\/index.php\/wp-json\/wp\/v2\/posts\/7983\/revisions"}],"predecessor-version":[{"id":7989,"href":"https:\/\/www.n-town.de\/glubbblog\/index.php\/wp-json\/wp\/v2\/posts\/7983\/revisions\/7989"}],"wp:attachment":[{"href":"https:\/\/www.n-town.de\/glubbblog\/index.php\/wp-json\/wp\/v2\/media?parent=7983"}],"wp:term":[{"taxonomy":"category","embeddable":true,"href":"https:\/\/www.n-town.de\/glubbblog\/index.php\/wp-json\/wp\/v2\/categories?post=7983"},{"taxonomy":"post_tag","embeddable":true,"href":"https:\/\/www.n-town.de\/glubbblog\/index.php\/wp-json\/wp\/v2\/tags?post=7983"}],"curies":[{"name":"wp","href":"https:\/\/api.w.org\/{rel}","templated":true}]}}