{"id":9176,"date":"2019-02-12T17:54:59","date_gmt":"2019-02-12T16:54:59","guid":{"rendered":"https:\/\/www.n-town.de\/glubbblog\/?p=9176"},"modified":"2021-05-02T15:56:37","modified_gmt":"2021-05-02T13:56:37","slug":"bornemann-und-koellner-sind-geschichte-beim-fcn-dankeschoen-doch-jetzt-wird-alles-besser","status":"publish","type":"post","link":"https:\/\/www.n-town.de\/glubbblog\/index.php\/archives\/glubb-news\/9176-bornemann-und-koellner-sind-geschichte-beim-fcn-dankeschoen-doch-jetzt-wird-alles-besser.html","title":{"rendered":"Bornemann und K\u00f6llner sind Geschichte beim FCN! Dankesch\u00f6n, doch jetzt wird alles besser!"},"content":{"rendered":"<p><a href=\"https:\/\/www.n-town.de\/glubbblog\/wp-content\/uploads\/2019\/02\/60ba26ed-d612-433e-94b9-a73c4fc78a65.jpg\"><img loading=\"lazy\" class=\"alignleft size-medium wp-image-9138\" src=\"https:\/\/www.n-town.de\/glubbblog\/wp-content\/uploads\/2019\/02\/60ba26ed-d612-433e-94b9-a73c4fc78a65-250x300.jpg\" alt=\"\" width=\"250\" height=\"300\" \/><\/a><\/p>\n<p>Die Schockstarre weicht langsam dem Interesse, was da noch kommt. Aber ja, etz hat sich jeder dazu ge\u00e4u\u00dfert, etz muss der Manolo auch mal was dazu sagen: Nach dem blutleeren <a href=\"https:\/\/www.n-town.de\/glubbblog\/index.php\/archives\/dfb-pokal\/9166-dfb-pokal-hsv-fcn-10-null-torschuesse-null-verstaendnis-fuer-diesen-auftritt.html\" target=\"_blank\" rel=\"noopener\">Ausscheiden aus dem Pokal in Hamburg<\/a> und der Niederlage im <a href=\"https:\/\/www.n-town.de\/glubbblog\/index.php\/archives\/glubb-live\/9169-hannover-fcn-20-el-kackico-verkackt.html\" target=\"_blank\" rel=\"noopener\">Abstiegsendspiel &#8220;El Kackico&#8221; in Hannover<\/a> traf sich bereits am vergangenen Sonntag der Aufsichtsrat des 1.FC N\u00fcrnberg um die Lage zu beraten. Ganz klar, es ging um den Posten des Cheftrainers Michael K\u00f6llner, der auch von seinen Unterst\u00fctzern zuletzt stark angezweifelt wurde, zumindest seine Entscheidungen &#8211; ich sag nur <a href=\"https:\/\/www.n-town.de\/glubbblog\/index.php\/archives\/glubb-live\/9169-hannover-fcn-20-el-kackico-verkackt.html\" target=\"_blank\" rel=\"noopener\">Ishak in der 88. Minute<\/a>. Doch der Glubb w\u00e4re nicht der Glubb, wenn das einfach so und ger\u00e4uschlos vonstattengeht. Denn nun ist man nicht nur den Trainer los, sondern auch den\u00a0Sportdirektor der ihn verpflichtet hat.<\/p>\n<p>Denn jener Andreas Bornemann, den <a href=\"https:\/\/www.n-town.de\/glubbblog\/index.php\/archives\/glubb-news\/9139-oefter-mal-nix-neues-deadlineday-schafft-klarheit.html\" target=\"_blank\" rel=\"noopener\">ich vor kurzem hier noch verteidigt<\/a> hab, stand derart hinter seiner (Trainer-) Verpflichtung und \u00dcberzeugung, dass er seinen Trainer nicht feuern wollte (Respekt, gabs das \u00fcberhaupt schon mal?). Der Aufsichtsrat drohte dann wohl wiederum mit dessen Rauswurf und &#8211; oh Schreck &#8211; auch das kochte ihn nicht weich. So musste der AR erst Bornemann feuern um 12 Stunden sp\u00e4ter dann den Trainer zu feuern. &#8220;FCN at its best&#8221;.<\/p>\n<p><strong>Schade eigentlich<\/strong><\/p>\n<p>Denn dass sich jetzt wieder alle das Maul \u00fcber unseren Glubb und diese chaotischen Vorg\u00e4nge zerrei\u00dfen, zeigt aber auch wie lange wir derartige Dinge nicht mehr hatten! Das war nat\u00fcrlich auch Bornemanns Verdienst, der teilweise Neuverpflichtungen verk\u00fcnden konnte, ohne dass alle Spatzen und die BILD die Namen schon von den D\u00e4chern pfiffen. Dazu kam seine \u00fcberaus ehrliche Art, dass er in Interviews einfach mit offenen Karten spielte. F\u00fcr sein\u00a0&#8220;<a href=\"http:\/\/www.nordbayern.de\/sport\/keine-kohle-bornemann-erklart-nurnbergs-nicht-transfers-1.8562527\" target=\"_blank\" rel=\"noopener\">Drei Millionen ist das neue Abl\u00f6sefrei<\/a>&#8221; feiern wir ihn noch heute! Als Kirsche oben drauf kommt noch dass er diesen schweren Weg mit uns f\u00fcr uns gegangen ist und einen gro\u00dfen Anteil an der finanzielle Konsolidierung hat. <em><strong>F\u00fcr all das, Danke Andreas Bornemann!<\/strong><\/em><\/p>\n<p><img loading=\"lazy\" class=\"size-medium wp-image-9180 alignright\" src=\"https:\/\/www.n-town.de\/glubbblog\/wp-content\/uploads\/2019\/02\/img_8863.jpg\" width=\"241\" height=\"300\" \/><\/p>\n<p>Bei Michael K\u00f6llner ist es wechselhafter gewesen. Ich kann mich noch erinnern als er als neuer Trainer gleich mal tierisch auf die Kacke haute, 6 Punkte forderte und dann zuhause gegen <a href=\"https:\/\/www.n-town.de\/glubbblog\/index.php\/archives\/glubb-live\/8339-fcn-duesseldorf-23-glubb-versaut-rapha-abschied-vor-pokalsiegern.html\" target=\"_blank\" rel=\"noopener\">D\u00fcsseldorf<\/a> und in <a href=\"https:\/\/www.n-town.de\/glubbblog\/index.php\/archives\/glubb-live\/8346-kaiserslautern-fcn-10-peinlicher-abschluss-einer-saison-peinlichen-saison.html\" target=\"_blank\" rel=\"noopener\">Kaiserslautern<\/a> auf die Nase flog. Aber in der neuen Saison dann lie\u00df er meist den gro\u00dfspurigen Worten Taten folgen und stieg schlie\u00dflich im Sommer 2018 in die Bundesliga auf.\u00a0Auch wenn ich die letzten Entscheidungen nicht mehr verstand, wo wird mir immer der K\u00f6llner im Ged\u00e4chtnis bleiben, der stets die Fans respektiert hat und explizit zum Danke in die Kurve kam. <em><strong>F\u00fcr all das, Danke Michael K\u00f6llner!<\/strong><\/em><\/p>\n<p style=\"text-align: center;\">Ein letztes Mal noch: <a href=\"https:\/\/www.n-town.de\/glubbblog\/index.php\/archives\/glubb-live\/8998-augsburg-fcn-22-verdienter-punkt-fuer-fuchsmuehl.html\" target=\"_blank\" rel=\"noopener\"><strong>K\u00f6llner, Du Zigeuner!<\/strong><\/a> \ud83d\ude09<\/p>\n<p>Nun steht also wieder Mal ein Neuanfang an. Der Aufsichtsrat wird sich nun in der Zeit um einen neuen\u00a0Sportdirektor bem\u00fchen, denn der soll ja schlie\u00dflich dann einen Trainer verpflichten. Denn, so Thomas Grethlein, &#8220;Es kann nicht die Aufgabe des Aufsichtsrats sein \u00fcber den Trainer zu befinden&#8221;. Was schon etwas lustig ist, denn genau das haben sie ja in der vergangenen Woche gemacht.<\/p>\n<p>Hoffen wir, dass es ein\u00a0Sportdirektor wird, der ebenso ruhig und sachlich ist, aber vielleicht \u00fcber mehr Kontakte verf\u00fcgt, um vielleicht mal doch wieder eine echte Perle zu entdecken.<\/p>\n<div id=\"attachment_9186\" style=\"width: 301px\" class=\"wp-caption alignleft\"><img aria-describedby=\"caption-attachment-9186\" loading=\"lazy\" class=\"wp-image-9186 size-medium\" src=\"https:\/\/www.n-town.de\/glubbblog\/wp-content\/uploads\/2019\/02\/img_8569-291x300.jpg\" alt=\"\" width=\"291\" height=\"300\" \/><p id=\"caption-attachment-9186\" class=\"wp-caption-text\">Marek Mintal, vor einem Karusell<\/p><\/div>\n<p>Womit wir bei Marek Mintal sind! Hier haben die Vereinsverantwortlichen des FCN f\u00fcr meinen Geschmack eine gute Wahl getroffen. Co-Trainer Boris Schommers wird ab sofort als Interimstrainer fungieren und die Truppe trainieren. Er kennt die Mannschaft, kann sofort weitertrainieren und ist nicht gerade unerfahren. Ihm zur Seite gestellt wird als neuer Co-Trainer der einzige Bundesliga-Torsch\u00fctzenk\u00f6nig des 1.Fussball Club N\u00fcrnberg \u00fcberhaupt, das Phantom, Marek Mintal, der ohnehin seinen Trainerschein macht und so wertvolle Erfahrungen in der Bundesliga sammeln kann.<\/p>\n<p>Das geniale an diesem Team ist, dass beide ohne Druck arbeiten k\u00f6nnen. Sind sie erfolgreich, wunderbar, wenn nicht, der Karren war ja eh schon im Dreck. Das hei\u00dft Mintal wird nicht als Trainer &#8220;verbrannt&#8221; und kann eigentlich nur gewinnen &#8211; das Trainerkarussel wird ihn also nicht erwischen. \ud83d\ude09<\/p>\n<p>Au\u00dferdem w\u00fcrde man beim Fan-P\u00f6bel den Marek nie derart angehen, wie zuletzt K\u00f6llner angegangen wurde. Marek ist schlie\u00dflich eine Ikone. Idealerweise verpflichtet man als Sportdirektor auch einen verdienten Ex-Spieler den alle lieben: Andi K\u00f6pke w\u00e4re da nat\u00fcrlich ideal!<\/p>\n<p><strong>Jetzt wird alles besser!<\/strong><\/p>\n<p>Also ich hab ja in der letzten Woche von einem reinigenden Gewitter getr\u00e4umt, aber nicht von einem Hurrikan, nach dem dann gleich Haus und Hof komplett weg sind. Aber vielleicht ist das auch eine Chance? Denn sooo viele Leute waren ja derart schlecht auf K\u00f6llner zu sprechen und berichteten immer wieder von Mi\u00dfst\u00e4nden im Nachwuchsleistungszentrum, an denen alleine K\u00f6llner schuld war &#8211; und auch dass er dort die Trainer vertrieben hatte. So gesehen hoffe ich nat\u00fcrlich dass das die Wahrheit war und wir im NLZ wieder besser werden &#8211; in der Bundesliga sowieso und der neue Sportdirektor holt uns auch die richtigen Granaten. Ich freu mich drauf.<\/p>\n<p><strong>Eins noch&#8230;<\/strong><\/p>\n<p>Einige in den sozialen Medien feiern sich jetzt als Helden oder Super-Fachleute, weil sie es gewusst haben und K\u00f6llners Rauswurf schon lange forderten. Dabei geh\u00f6ren sie aber nur zu der Gruppe die st\u00e4ndig hetzt und die es so schwer machen in N\u00fcrnberg ruhig etwas aufzubauen. Nichts gegen Kritik, nichts gegen fundiertes Hinterfragen, doch einige haben echt \u00fcbertrieben. Und gerade wiederholt sich die Geschichte: \u201e<em>Es gab im Glubb und um den Glubb herum immer wieder gute Ideen, aber nie die Geduld und Weitsicht daran festzuhalten<\/em>\u201c (<a href=\"http:\/\/www.nordbayern.de\/sport\/mit-kollner-und-bornemann-wackelt-auch-der-ganze-club-1.8590646\" target=\"_blank\" rel=\"noopener\">Hans B\u00f6ller, NN<\/a>).<\/p>\n<p>Au\u00dferdem ist diese Dauer-N\u00f6rgelei beim Glubb viel zu einfach. Denn den Rausschmiss eines FCN-Trainers vorherzusagen, ist ungef\u00e4hr genauso wie bei Sonnenschein vorherzusagen, dass es bald wieder regnen wird. Und nach drei Tagen &#8220;\u00c4tsch, ich habs Euch ja gesagt!&#8221;, zu billig! \ud83d\ude42<\/p>\n<p>Jetzt hoffen wir auf einen Einstand nach Ma\u00df f\u00fcr Schommers und Mintal gleich am Montag gegen Dortmund! Und sollte es nicht laufen, kann sich Marek immernoch selbst einwechseln!<\/p>\n","protected":false},"excerpt":{"rendered":"<p>Die Schockstarre weicht langsam dem Interesse, was da noch kommt. Aber ja, etz hat sich jeder dazu ge\u00e4u\u00dfert, etz muss der Manolo auch mal was dazu sagen: Nach dem blutleeren Ausscheiden aus dem Pokal in Hamburg und der Niederlage im Abstiegsendspiel &#8220;El Kackico&#8221; in Hannover traf sich bereits am vergangenen Sonntag der Aufsichtsrat des 1.FC [&hellip;]<\/p>\n","protected":false},"author":4,"featured_media":0,"comment_status":"open","ping_status":"open","sticky":false,"template":"","format":"standard","meta":{"spay_email":""},"categories":[6],"tags":[339,368,49,356,379,367,187],"jetpack_featured_media_url":"","yoast_head":"<!-- This site is optimized with the Yoast SEO plugin v18.3 - https:\/\/yoast.com\/wordpress\/plugins\/seo\/ -->\n<title>Bornemann und K\u00f6llner sind Geschichte beim FCN! Dankesch\u00f6n, doch jetzt wird alles besser! - Glubb-Blog<\/title>\n<meta name=\"robots\" content=\"index, follow, max-snippet:-1, max-image-preview:large, max-video-preview:-1\" \/>\n<link rel=\"canonical\" href=\"https:\/\/www.n-town.de\/glubbblog\/index.php\/archives\/glubb-news\/9176-bornemann-und-koellner-sind-geschichte-beim-fcn-dankeschoen-doch-jetzt-wird-alles-besser.html\" \/>\n<meta property=\"og:locale\" content=\"de_DE\" \/>\n<meta property=\"og:type\" content=\"article\" \/>\n<meta property=\"og:title\" content=\"Bornemann und K\u00f6llner sind Geschichte beim FCN! Dankesch\u00f6n, doch jetzt wird alles besser! - Glubb-Blog\" \/>\n<meta property=\"og:description\" content=\"Die Schockstarre weicht langsam dem Interesse, was da noch kommt. Aber ja, etz hat sich jeder dazu ge\u00e4u\u00dfert, etz muss der Manolo auch mal was dazu sagen: Nach dem blutleeren Ausscheiden aus dem Pokal in Hamburg und der Niederlage im Abstiegsendspiel &#8220;El Kackico&#8221; in Hannover traf sich bereits am vergangenen Sonntag der Aufsichtsrat des 1.FC [&hellip;]\" \/>\n<meta property=\"og:url\" content=\"https:\/\/www.n-town.de\/glubbblog\/index.php\/archives\/glubb-news\/9176-bornemann-und-koellner-sind-geschichte-beim-fcn-dankeschoen-doch-jetzt-wird-alles-besser.html\" \/>\n<meta property=\"og:site_name\" content=\"Glubb-Blog\" \/>\n<meta property=\"article:publisher\" content=\"https:\/\/www.facebook.com\/glubbblog\" \/>\n<meta property=\"article:published_time\" content=\"2019-02-12T16:54:59+00:00\" \/>\n<meta property=\"article:modified_time\" content=\"2021-05-02T13:56:37+00:00\" \/>\n<meta property=\"og:image\" content=\"https:\/\/www.n-town.de\/glubbblog\/wp-content\/uploads\/2019\/02\/60ba26ed-d612-433e-94b9-a73c4fc78a65-250x300.jpg\" \/>\n<meta name=\"twitter:card\" content=\"summary\" \/>\n<meta name=\"twitter:creator\" content=\"@glubb_blog_de\" \/>\n<meta name=\"twitter:site\" content=\"@glubb_blog_de\" \/>\n<meta name=\"twitter:label1\" content=\"Verfasst von\" \/>\n\t<meta name=\"twitter:data1\" content=\"Bomber Manolo\" \/>\n\t<meta name=\"twitter:label2\" content=\"Gesch\u00e4tzte Lesezeit\" \/>\n\t<meta name=\"twitter:data2\" content=\"5\u00a0Minuten\" \/>\n<script type=\"application\/ld+json\" class=\"yoast-schema-graph\">{\"@context\":\"https:\/\/schema.org\",\"@graph\":[{\"@type\":\"WebSite\",\"@id\":\"https:\/\/www.n-town.de\/glubbblog\/#website\",\"url\":\"https:\/\/www.n-town.de\/glubbblog\/\",\"name\":\"Glubb-Blog\",\"description\":\"Clubfans bei FCN-Ausw\u00e4rtsfahrten und Groundhopping\",\"potentialAction\":[{\"@type\":\"SearchAction\",\"target\":{\"@type\":\"EntryPoint\",\"urlTemplate\":\"https:\/\/www.n-town.de\/glubbblog\/?s={search_term_string}\"},\"query-input\":\"required name=search_term_string\"}],\"inLanguage\":\"de\"},{\"@type\":\"ImageObject\",\"@id\":\"https:\/\/www.n-town.de\/glubbblog\/index.php\/archives\/glubb-news\/9176-bornemann-und-koellner-sind-geschichte-beim-fcn-dankeschoen-doch-jetzt-wird-alles-besser.html#primaryimage\",\"inLanguage\":\"de\",\"url\":\"https:\/\/www.n-town.de\/glubbblog\/wp-content\/uploads\/2019\/02\/60ba26ed-d612-433e-94b9-a73c4fc78a65.jpg\",\"contentUrl\":\"https:\/\/www.n-town.de\/glubbblog\/wp-content\/uploads\/2019\/02\/60ba26ed-d612-433e-94b9-a73c4fc78a65.jpg\",\"width\":250,\"height\":300},{\"@type\":\"WebPage\",\"@id\":\"https:\/\/www.n-town.de\/glubbblog\/index.php\/archives\/glubb-news\/9176-bornemann-und-koellner-sind-geschichte-beim-fcn-dankeschoen-doch-jetzt-wird-alles-besser.html#webpage\",\"url\":\"https:\/\/www.n-town.de\/glubbblog\/index.php\/archives\/glubb-news\/9176-bornemann-und-koellner-sind-geschichte-beim-fcn-dankeschoen-doch-jetzt-wird-alles-besser.html\",\"name\":\"Bornemann und K\u00f6llner sind Geschichte beim FCN! Dankesch\u00f6n, doch jetzt wird alles besser! - Glubb-Blog\",\"isPartOf\":{\"@id\":\"https:\/\/www.n-town.de\/glubbblog\/#website\"},\"primaryImageOfPage\":{\"@id\":\"https:\/\/www.n-town.de\/glubbblog\/index.php\/archives\/glubb-news\/9176-bornemann-und-koellner-sind-geschichte-beim-fcn-dankeschoen-doch-jetzt-wird-alles-besser.html#primaryimage\"},\"datePublished\":\"2019-02-12T16:54:59+00:00\",\"dateModified\":\"2021-05-02T13:56:37+00:00\",\"author\":{\"@id\":\"https:\/\/www.n-town.de\/glubbblog\/#\/schema\/person\/23822a94b519ca1de591c4492e0e104e\"},\"breadcrumb\":{\"@id\":\"https:\/\/www.n-town.de\/glubbblog\/index.php\/archives\/glubb-news\/9176-bornemann-und-koellner-sind-geschichte-beim-fcn-dankeschoen-doch-jetzt-wird-alles-besser.html#breadcrumb\"},\"inLanguage\":\"de\",\"potentialAction\":[{\"@type\":\"ReadAction\",\"target\":[\"https:\/\/www.n-town.de\/glubbblog\/index.php\/archives\/glubb-news\/9176-bornemann-und-koellner-sind-geschichte-beim-fcn-dankeschoen-doch-jetzt-wird-alles-besser.html\"]}]},{\"@type\":\"BreadcrumbList\",\"@id\":\"https:\/\/www.n-town.de\/glubbblog\/index.php\/archives\/glubb-news\/9176-bornemann-und-koellner-sind-geschichte-beim-fcn-dankeschoen-doch-jetzt-wird-alles-besser.html#breadcrumb\",\"itemListElement\":[{\"@type\":\"ListItem\",\"position\":1,\"name\":\"Home\",\"item\":\"https:\/\/www.n-town.de\/glubbblog\"},{\"@type\":\"ListItem\",\"position\":2,\"name\":\"Bornemann und K\u00f6llner sind Geschichte beim FCN! Dankesch\u00f6n, doch jetzt wird alles besser!\"}]},{\"@type\":\"Person\",\"@id\":\"https:\/\/www.n-town.de\/glubbblog\/#\/schema\/person\/23822a94b519ca1de591c4492e0e104e\",\"name\":\"Bomber Manolo\",\"image\":{\"@type\":\"ImageObject\",\"@id\":\"https:\/\/www.n-town.de\/glubbblog\/#personlogo\",\"inLanguage\":\"de\",\"url\":\"https:\/\/secure.gravatar.com\/avatar\/745e89a5226a55ce3ed5fac4a51dced8?s=96&d=mm&r=g\",\"contentUrl\":\"https:\/\/secure.gravatar.com\/avatar\/745e89a5226a55ce3ed5fac4a51dced8?s=96&d=mm&r=g\",\"caption\":\"Bomber Manolo\"},\"sameAs\":[\"https:\/\/www.n-town.de\"],\"url\":\"https:\/\/www.n-town.de\/glubbblog\/index.php\/archives\/author\/andy\"}]}<\/script>\n<!-- \/ Yoast SEO plugin. -->","yoast_head_json":{"title":"Bornemann und K\u00f6llner sind Geschichte beim FCN! Dankesch\u00f6n, doch jetzt wird alles besser! - Glubb-Blog","robots":{"index":"index","follow":"follow","max-snippet":"max-snippet:-1","max-image-preview":"max-image-preview:large","max-video-preview":"max-video-preview:-1"},"canonical":"https:\/\/www.n-town.de\/glubbblog\/index.php\/archives\/glubb-news\/9176-bornemann-und-koellner-sind-geschichte-beim-fcn-dankeschoen-doch-jetzt-wird-alles-besser.html","og_locale":"de_DE","og_type":"article","og_title":"Bornemann und K\u00f6llner sind Geschichte beim FCN! Dankesch\u00f6n, doch jetzt wird alles besser! - Glubb-Blog","og_description":"Die Schockstarre weicht langsam dem Interesse, was da noch kommt. Aber ja, etz hat sich jeder dazu ge\u00e4u\u00dfert, etz muss der Manolo auch mal was dazu sagen: Nach dem blutleeren Ausscheiden aus dem Pokal in Hamburg und der Niederlage im Abstiegsendspiel &#8220;El Kackico&#8221; in Hannover traf sich bereits am vergangenen Sonntag der Aufsichtsrat des 1.FC [&hellip;]","og_url":"https:\/\/www.n-town.de\/glubbblog\/index.php\/archives\/glubb-news\/9176-bornemann-und-koellner-sind-geschichte-beim-fcn-dankeschoen-doch-jetzt-wird-alles-besser.html","og_site_name":"Glubb-Blog","article_publisher":"https:\/\/www.facebook.com\/glubbblog","article_published_time":"2019-02-12T16:54:59+00:00","article_modified_time":"2021-05-02T13:56:37+00:00","og_image":[{"url":"https:\/\/www.n-town.de\/glubbblog\/wp-content\/uploads\/2019\/02\/60ba26ed-d612-433e-94b9-a73c4fc78a65-250x300.jpg"}],"twitter_card":"summary","twitter_creator":"@glubb_blog_de","twitter_site":"@glubb_blog_de","twitter_misc":{"Verfasst von":"Bomber Manolo","Gesch\u00e4tzte Lesezeit":"5\u00a0Minuten"},"schema":{"@context":"https:\/\/schema.org","@graph":[{"@type":"WebSite","@id":"https:\/\/www.n-town.de\/glubbblog\/#website","url":"https:\/\/www.n-town.de\/glubbblog\/","name":"Glubb-Blog","description":"Clubfans bei FCN-Ausw\u00e4rtsfahrten und Groundhopping","potentialAction":[{"@type":"SearchAction","target":{"@type":"EntryPoint","urlTemplate":"https:\/\/www.n-town.de\/glubbblog\/?s={search_term_string}"},"query-input":"required name=search_term_string"}],"inLanguage":"de"},{"@type":"ImageObject","@id":"https:\/\/www.n-town.de\/glubbblog\/index.php\/archives\/glubb-news\/9176-bornemann-und-koellner-sind-geschichte-beim-fcn-dankeschoen-doch-jetzt-wird-alles-besser.html#primaryimage","inLanguage":"de","url":"https:\/\/www.n-town.de\/glubbblog\/wp-content\/uploads\/2019\/02\/60ba26ed-d612-433e-94b9-a73c4fc78a65.jpg","contentUrl":"https:\/\/www.n-town.de\/glubbblog\/wp-content\/uploads\/2019\/02\/60ba26ed-d612-433e-94b9-a73c4fc78a65.jpg","width":250,"height":300},{"@type":"WebPage","@id":"https:\/\/www.n-town.de\/glubbblog\/index.php\/archives\/glubb-news\/9176-bornemann-und-koellner-sind-geschichte-beim-fcn-dankeschoen-doch-jetzt-wird-alles-besser.html#webpage","url":"https:\/\/www.n-town.de\/glubbblog\/index.php\/archives\/glubb-news\/9176-bornemann-und-koellner-sind-geschichte-beim-fcn-dankeschoen-doch-jetzt-wird-alles-besser.html","name":"Bornemann und K\u00f6llner sind Geschichte beim FCN! Dankesch\u00f6n, doch jetzt wird alles besser! - Glubb-Blog","isPartOf":{"@id":"https:\/\/www.n-town.de\/glubbblog\/#website"},"primaryImageOfPage":{"@id":"https:\/\/www.n-town.de\/glubbblog\/index.php\/archives\/glubb-news\/9176-bornemann-und-koellner-sind-geschichte-beim-fcn-dankeschoen-doch-jetzt-wird-alles-besser.html#primaryimage"},"datePublished":"2019-02-12T16:54:59+00:00","dateModified":"2021-05-02T13:56:37+00:00","author":{"@id":"https:\/\/www.n-town.de\/glubbblog\/#\/schema\/person\/23822a94b519ca1de591c4492e0e104e"},"breadcrumb":{"@id":"https:\/\/www.n-town.de\/glubbblog\/index.php\/archives\/glubb-news\/9176-bornemann-und-koellner-sind-geschichte-beim-fcn-dankeschoen-doch-jetzt-wird-alles-besser.html#breadcrumb"},"inLanguage":"de","potentialAction":[{"@type":"ReadAction","target":["https:\/\/www.n-town.de\/glubbblog\/index.php\/archives\/glubb-news\/9176-bornemann-und-koellner-sind-geschichte-beim-fcn-dankeschoen-doch-jetzt-wird-alles-besser.html"]}]},{"@type":"BreadcrumbList","@id":"https:\/\/www.n-town.de\/glubbblog\/index.php\/archives\/glubb-news\/9176-bornemann-und-koellner-sind-geschichte-beim-fcn-dankeschoen-doch-jetzt-wird-alles-besser.html#breadcrumb","itemListElement":[{"@type":"ListItem","position":1,"name":"Home","item":"https:\/\/www.n-town.de\/glubbblog"},{"@type":"ListItem","position":2,"name":"Bornemann und K\u00f6llner sind Geschichte beim FCN! Dankesch\u00f6n, doch jetzt wird alles besser!"}]},{"@type":"Person","@id":"https:\/\/www.n-town.de\/glubbblog\/#\/schema\/person\/23822a94b519ca1de591c4492e0e104e","name":"Bomber Manolo","image":{"@type":"ImageObject","@id":"https:\/\/www.n-town.de\/glubbblog\/#personlogo","inLanguage":"de","url":"https:\/\/secure.gravatar.com\/avatar\/745e89a5226a55ce3ed5fac4a51dced8?s=96&d=mm&r=g","contentUrl":"https:\/\/secure.gravatar.com\/avatar\/745e89a5226a55ce3ed5fac4a51dced8?s=96&d=mm&r=g","caption":"Bomber Manolo"},"sameAs":["https:\/\/www.n-town.de"],"url":"https:\/\/www.n-town.de\/glubbblog\/index.php\/archives\/author\/andy"}]}},"_links":{"self":[{"href":"https:\/\/www.n-town.de\/glubbblog\/index.php\/wp-json\/wp\/v2\/posts\/9176"}],"collection":[{"href":"https:\/\/www.n-town.de\/glubbblog\/index.php\/wp-json\/wp\/v2\/posts"}],"about":[{"href":"https:\/\/www.n-town.de\/glubbblog\/index.php\/wp-json\/wp\/v2\/types\/post"}],"author":[{"embeddable":true,"href":"https:\/\/www.n-town.de\/glubbblog\/index.php\/wp-json\/wp\/v2\/users\/4"}],"replies":[{"embeddable":true,"href":"https:\/\/www.n-town.de\/glubbblog\/index.php\/wp-json\/wp\/v2\/comments?post=9176"}],"version-history":[{"count":20,"href":"https:\/\/www.n-town.de\/glubbblog\/index.php\/wp-json\/wp\/v2\/posts\/9176\/revisions"}],"predecessor-version":[{"id":9199,"href":"https:\/\/www.n-town.de\/glubbblog\/index.php\/wp-json\/wp\/v2\/posts\/9176\/revisions\/9199"}],"wp:attachment":[{"href":"https:\/\/www.n-town.de\/glubbblog\/index.php\/wp-json\/wp\/v2\/media?parent=9176"}],"wp:term":[{"taxonomy":"category","embeddable":true,"href":"https:\/\/www.n-town.de\/glubbblog\/index.php\/wp-json\/wp\/v2\/categories?post=9176"},{"taxonomy":"post_tag","embeddable":true,"href":"https:\/\/www.n-town.de\/glubbblog\/index.php\/wp-json\/wp\/v2\/tags?post=9176"}],"curies":[{"name":"wp","href":"https:\/\/api.w.org\/{rel}","templated":true}]}}