{"id":9481,"date":"2019-08-25T16:40:33","date_gmt":"2019-08-25T14:40:33","guid":{"rendered":"https:\/\/www.n-town.de\/glubbblog\/index.php\/archives\/glubb-live\/9481-fcn-osnabrueck-10-geis-und-behrens-retten-den-glubb-und-vorerst-auch-canadi.html"},"modified":"2019-08-25T16:40:33","modified_gmt":"2019-08-25T14:40:33","slug":"fcn-osnabrueck-10-geis-und-behrens-retten-den-glubb-und-vorerst-auch-canadi","status":"publish","type":"post","link":"https:\/\/www.n-town.de\/glubbblog\/index.php\/archives\/glubb-live\/9481-fcn-osnabrueck-10-geis-und-behrens-retten-den-glubb-und-vorerst-auch-canadi.html","title":{"rendered":"FCN &#8211; Osnabr\u00fcck 1:0! Geis und Behrens retten den Glubb &#8211; und vorerst auch Canadi!"},"content":{"rendered":"<p><img loading=\"lazy\" src=\"https:\/\/www.n-town.de\/glubbblog\/wp-content\/uploads\/2019\/08\/75c38cfe-fef3-4c72-a238-4d961fe3e1ba.jpg\" class=\"alignleft size-medium wp-image-9479\" width=\"300\" height=\"169\" alt=\"FCN gegen Osnabr\u00fcck \">Ein ganz mauer Kick am Sonntag-Nachmittag gegen die Pendler zwischen 2. und 3. Liga, den VFL Osnabr\u00fcck vor 27.000 Zuschauern im Max-Morlock-Stadion. Das is diese zweite Liga, vor denen uns alle graut. Aber f\u00fcr den 1.FC N\u00fcrnberg war das alles heute eher zweitrangig, am wichtigsten war dass gewonnen wurde. Positiver Nebeneffekt: Neuzugang Johannes Geis konnte sein erstes Tor erzielen und auch der zuletzt geschasste Hanno Behrens hatte Anteil am Aufschwung in der Partie aufgrund dessen das entscheidende Tor fiel. Somit verzieht sich das Gewitter, das um Canadi aufzog, erstmal &#8211; aber es ist noch zu sehen.<\/p>\n<p>Hanno zum Spielbeginn draussen &#8211; w\u00fcsste nicht wann ich das zuletzt erlebt hab. Neuzugang Michael Frey durfte sofort von Anfang an ran und machte ordentlich Dampf, f\u00fchrte viele Zweik\u00e4mpfe. Aber z\u00e4hlbares sprang nicht raus. Eher ging der VFL in F\u00fchrung, doch das Schiedsrichtergespann nebst \u00dcberpr\u00fcfung durch den VAR verweigerten die Rechtm\u00e4\u00dfigkeit des Treffers. Aufreger gabs dann auch noch: Bei Medeiros&#8217; Schuss verletzte sich der VFL-Schlussmann und zuvor setzte Hack eine sch\u00f6ne Bogenlampe von der Mittellinie aus aufs Tor &#8211; das w\u00e4re mal ein Ding gewesen. Mit 0:0 gings in die Pause.<\/p>\n<p><img loading=\"lazy\" src=\"https:\/\/www.n-town.de\/glubbblog\/wp-content\/uploads\/2019\/08\/a1e13280-f01b-41a3-b1db-4becedf7b0ff.jpg\" class=\"alignleft size-medium wp-image-9480\" width=\"300\" height=\"225\" alt=\"Pyro von Osnabr\u00fcck in N\u00fcrnberg \">Nach der Pause nun N\u00fcrnberger im Spiel und belebte gleich die linke Seite &#8211; zeigte auch seine Technik bei einem sehenswerten Beinschuss. In der 70. dann die umjubelte Einwechselung von Hanno Behrens und nun hatte der Glubb wirklich deutlich mehr vom Spiel. In der 80. Minute dann die Befreiung: Dovedan legt den Ball auf Geis ab, der mit links ins rechte Eck wuchtet! JAAA! Endlich! 1:0!!<\/p>\n<p>Die Truppe schaukelte das Ding locker heim und feierte mit den Fans. So schlimm is die 2. Liga ja doch nicht! \ud83d\ude09<\/p>\n<p><strong>Fazit:<\/strong><\/p>\n<p>Ich hoffe auf Ruhe und darauf dass sich die Truppe nun endlich findet. Denke wir haben echt gute Leute im Kader, das muss doch klappen dass wir \u00fcberzeugende Spiele abliefern.<\/p>\n<p>F\u00fcr Hanno freut es mich sehr, dass er den Sieg gebracht hat. Und Geis hat nun seine Duftmarke gesetzt und hat nun weniger Druck.<\/p>\n<p>Statistik: Tore 1:0, Torsch\u00fcsse 16:7, Ballbesitz 52%:48%, Zweikampfquote 45%:55%, Laufleistung 118:117km, Ecken 14:1. Wir waren deutlich besser als Osnabr\u00fcck, auch wenn die Zweikampfquote deutlich besser werden muss. Ja und 14 Eckb\u00e4lle ohne dass war rausspringt, nat\u00fcrlich muss auch das besser werden.<\/p>\n<p>N\u00e4chste Woche nun ein Erfolg gegen Heidenheim und man kann in Ruhe die L\u00e4nderspielpause nutzen!<\/p>\n<p>Alles f\u00fcr rot-schwarz<\/p>\n","protected":false},"excerpt":{"rendered":"<p>Ein ganz mauer Kick am Sonntag-Nachmittag gegen die Pendler zwischen 2. und 3. Liga, den VFL Osnabr\u00fcck vor 27.000 Zuschauern im Max-Morlock-Stadion. Das is diese zweite Liga, vor denen uns alle graut. Aber f\u00fcr den 1.FC N\u00fcrnberg war das alles heute eher zweitrangig, am wichtigsten war dass gewonnen wurde. Positiver Nebeneffekt: Neuzugang Johannes Geis konnte [&hellip;]<\/p>\n","protected":false},"author":4,"featured_media":0,"comment_status":"open","ping_status":"open","sticky":false,"template":"","format":"standard","meta":{"spay_email":""},"categories":[5],"tags":[83],"jetpack_featured_media_url":"","yoast_head":"<!-- This site is optimized with the Yoast SEO plugin v18.3 - https:\/\/yoast.com\/wordpress\/plugins\/seo\/ -->\n<title>FCN - Osnabr\u00fcck 1:0! Geis und Behrens retten den Glubb - und vorerst auch Canadi! - Glubb-Blog<\/title>\n<meta name=\"robots\" content=\"index, follow, max-snippet:-1, max-image-preview:large, max-video-preview:-1\" \/>\n<link rel=\"canonical\" href=\"https:\/\/www.n-town.de\/glubbblog\/index.php\/archives\/glubb-live\/9481-fcn-osnabrueck-10-geis-und-behrens-retten-den-glubb-und-vorerst-auch-canadi.html\" \/>\n<meta property=\"og:locale\" content=\"de_DE\" \/>\n<meta property=\"og:type\" content=\"article\" \/>\n<meta property=\"og:title\" content=\"FCN - Osnabr\u00fcck 1:0! Geis und Behrens retten den Glubb - und vorerst auch Canadi! - Glubb-Blog\" \/>\n<meta property=\"og:description\" content=\"Ein ganz mauer Kick am Sonntag-Nachmittag gegen die Pendler zwischen 2. und 3. Liga, den VFL Osnabr\u00fcck vor 27.000 Zuschauern im Max-Morlock-Stadion. Das is diese zweite Liga, vor denen uns alle graut. Aber f\u00fcr den 1.FC N\u00fcrnberg war das alles heute eher zweitrangig, am wichtigsten war dass gewonnen wurde. Positiver Nebeneffekt: Neuzugang Johannes Geis konnte [&hellip;]\" \/>\n<meta property=\"og:url\" content=\"https:\/\/www.n-town.de\/glubbblog\/index.php\/archives\/glubb-live\/9481-fcn-osnabrueck-10-geis-und-behrens-retten-den-glubb-und-vorerst-auch-canadi.html\" \/>\n<meta property=\"og:site_name\" content=\"Glubb-Blog\" \/>\n<meta property=\"article:publisher\" content=\"https:\/\/www.facebook.com\/glubbblog\" \/>\n<meta property=\"article:published_time\" content=\"2019-08-25T14:40:33+00:00\" \/>\n<meta property=\"og:image\" content=\"https:\/\/www.n-town.de\/glubbblog\/wp-content\/uploads\/2019\/08\/75c38cfe-fef3-4c72-a238-4d961fe3e1ba.jpg\" \/>\n<meta name=\"twitter:card\" content=\"summary\" \/>\n<meta name=\"twitter:creator\" content=\"@glubb_blog_de\" \/>\n<meta name=\"twitter:site\" content=\"@glubb_blog_de\" \/>\n<meta name=\"twitter:label1\" content=\"Verfasst von\" \/>\n\t<meta name=\"twitter:data1\" content=\"Bomber Manolo\" \/>\n\t<meta name=\"twitter:label2\" content=\"Gesch\u00e4tzte Lesezeit\" \/>\n\t<meta name=\"twitter:data2\" content=\"2\u00a0Minuten\" \/>\n<script type=\"application\/ld+json\" class=\"yoast-schema-graph\">{\"@context\":\"https:\/\/schema.org\",\"@graph\":[{\"@type\":\"WebSite\",\"@id\":\"https:\/\/www.n-town.de\/glubbblog\/#website\",\"url\":\"https:\/\/www.n-town.de\/glubbblog\/\",\"name\":\"Glubb-Blog\",\"description\":\"Clubfans bei FCN-Ausw\u00e4rtsfahrten und Groundhopping\",\"potentialAction\":[{\"@type\":\"SearchAction\",\"target\":{\"@type\":\"EntryPoint\",\"urlTemplate\":\"https:\/\/www.n-town.de\/glubbblog\/?s={search_term_string}\"},\"query-input\":\"required name=search_term_string\"}],\"inLanguage\":\"de\"},{\"@type\":\"ImageObject\",\"@id\":\"https:\/\/www.n-town.de\/glubbblog\/index.php\/archives\/glubb-live\/9481-fcn-osnabrueck-10-geis-und-behrens-retten-den-glubb-und-vorerst-auch-canadi.html#primaryimage\",\"inLanguage\":\"de\",\"url\":\"https:\/\/www.n-town.de\/glubbblog\/wp-content\/uploads\/2019\/08\/75c38cfe-fef3-4c72-a238-4d961fe3e1ba.jpg\",\"contentUrl\":\"https:\/\/www.n-town.de\/glubbblog\/wp-content\/uploads\/2019\/08\/75c38cfe-fef3-4c72-a238-4d961fe3e1ba.jpg\",\"width\":300,\"height\":169},{\"@type\":\"WebPage\",\"@id\":\"https:\/\/www.n-town.de\/glubbblog\/index.php\/archives\/glubb-live\/9481-fcn-osnabrueck-10-geis-und-behrens-retten-den-glubb-und-vorerst-auch-canadi.html#webpage\",\"url\":\"https:\/\/www.n-town.de\/glubbblog\/index.php\/archives\/glubb-live\/9481-fcn-osnabrueck-10-geis-und-behrens-retten-den-glubb-und-vorerst-auch-canadi.html\",\"name\":\"FCN - Osnabr\u00fcck 1:0! Geis und Behrens retten den Glubb - und vorerst auch Canadi! - Glubb-Blog\",\"isPartOf\":{\"@id\":\"https:\/\/www.n-town.de\/glubbblog\/#website\"},\"primaryImageOfPage\":{\"@id\":\"https:\/\/www.n-town.de\/glubbblog\/index.php\/archives\/glubb-live\/9481-fcn-osnabrueck-10-geis-und-behrens-retten-den-glubb-und-vorerst-auch-canadi.html#primaryimage\"},\"datePublished\":\"2019-08-25T14:40:33+00:00\",\"dateModified\":\"2019-08-25T14:40:33+00:00\",\"author\":{\"@id\":\"https:\/\/www.n-town.de\/glubbblog\/#\/schema\/person\/23822a94b519ca1de591c4492e0e104e\"},\"breadcrumb\":{\"@id\":\"https:\/\/www.n-town.de\/glubbblog\/index.php\/archives\/glubb-live\/9481-fcn-osnabrueck-10-geis-und-behrens-retten-den-glubb-und-vorerst-auch-canadi.html#breadcrumb\"},\"inLanguage\":\"de\",\"potentialAction\":[{\"@type\":\"ReadAction\",\"target\":[\"https:\/\/www.n-town.de\/glubbblog\/index.php\/archives\/glubb-live\/9481-fcn-osnabrueck-10-geis-und-behrens-retten-den-glubb-und-vorerst-auch-canadi.html\"]}]},{\"@type\":\"BreadcrumbList\",\"@id\":\"https:\/\/www.n-town.de\/glubbblog\/index.php\/archives\/glubb-live\/9481-fcn-osnabrueck-10-geis-und-behrens-retten-den-glubb-und-vorerst-auch-canadi.html#breadcrumb\",\"itemListElement\":[{\"@type\":\"ListItem\",\"position\":1,\"name\":\"Home\",\"item\":\"https:\/\/www.n-town.de\/glubbblog\"},{\"@type\":\"ListItem\",\"position\":2,\"name\":\"FCN &#8211; Osnabr\u00fcck 1:0! Geis und Behrens retten den Glubb &#8211; und vorerst auch Canadi!\"}]},{\"@type\":\"Person\",\"@id\":\"https:\/\/www.n-town.de\/glubbblog\/#\/schema\/person\/23822a94b519ca1de591c4492e0e104e\",\"name\":\"Bomber Manolo\",\"image\":{\"@type\":\"ImageObject\",\"@id\":\"https:\/\/www.n-town.de\/glubbblog\/#personlogo\",\"inLanguage\":\"de\",\"url\":\"https:\/\/secure.gravatar.com\/avatar\/745e89a5226a55ce3ed5fac4a51dced8?s=96&d=mm&r=g\",\"contentUrl\":\"https:\/\/secure.gravatar.com\/avatar\/745e89a5226a55ce3ed5fac4a51dced8?s=96&d=mm&r=g\",\"caption\":\"Bomber Manolo\"},\"sameAs\":[\"https:\/\/www.n-town.de\"],\"url\":\"https:\/\/www.n-town.de\/glubbblog\/index.php\/archives\/author\/andy\"}]}<\/script>\n<!-- \/ Yoast SEO plugin. -->","yoast_head_json":{"title":"FCN - Osnabr\u00fcck 1:0! Geis und Behrens retten den Glubb - und vorerst auch Canadi! - Glubb-Blog","robots":{"index":"index","follow":"follow","max-snippet":"max-snippet:-1","max-image-preview":"max-image-preview:large","max-video-preview":"max-video-preview:-1"},"canonical":"https:\/\/www.n-town.de\/glubbblog\/index.php\/archives\/glubb-live\/9481-fcn-osnabrueck-10-geis-und-behrens-retten-den-glubb-und-vorerst-auch-canadi.html","og_locale":"de_DE","og_type":"article","og_title":"FCN - Osnabr\u00fcck 1:0! Geis und Behrens retten den Glubb - und vorerst auch Canadi! - Glubb-Blog","og_description":"Ein ganz mauer Kick am Sonntag-Nachmittag gegen die Pendler zwischen 2. und 3. Liga, den VFL Osnabr\u00fcck vor 27.000 Zuschauern im Max-Morlock-Stadion. Das is diese zweite Liga, vor denen uns alle graut. Aber f\u00fcr den 1.FC N\u00fcrnberg war das alles heute eher zweitrangig, am wichtigsten war dass gewonnen wurde. Positiver Nebeneffekt: Neuzugang Johannes Geis konnte [&hellip;]","og_url":"https:\/\/www.n-town.de\/glubbblog\/index.php\/archives\/glubb-live\/9481-fcn-osnabrueck-10-geis-und-behrens-retten-den-glubb-und-vorerst-auch-canadi.html","og_site_name":"Glubb-Blog","article_publisher":"https:\/\/www.facebook.com\/glubbblog","article_published_time":"2019-08-25T14:40:33+00:00","og_image":[{"url":"https:\/\/www.n-town.de\/glubbblog\/wp-content\/uploads\/2019\/08\/75c38cfe-fef3-4c72-a238-4d961fe3e1ba.jpg"}],"twitter_card":"summary","twitter_creator":"@glubb_blog_de","twitter_site":"@glubb_blog_de","twitter_misc":{"Verfasst von":"Bomber Manolo","Gesch\u00e4tzte Lesezeit":"2\u00a0Minuten"},"schema":{"@context":"https:\/\/schema.org","@graph":[{"@type":"WebSite","@id":"https:\/\/www.n-town.de\/glubbblog\/#website","url":"https:\/\/www.n-town.de\/glubbblog\/","name":"Glubb-Blog","description":"Clubfans bei FCN-Ausw\u00e4rtsfahrten und Groundhopping","potentialAction":[{"@type":"SearchAction","target":{"@type":"EntryPoint","urlTemplate":"https:\/\/www.n-town.de\/glubbblog\/?s={search_term_string}"},"query-input":"required name=search_term_string"}],"inLanguage":"de"},{"@type":"ImageObject","@id":"https:\/\/www.n-town.de\/glubbblog\/index.php\/archives\/glubb-live\/9481-fcn-osnabrueck-10-geis-und-behrens-retten-den-glubb-und-vorerst-auch-canadi.html#primaryimage","inLanguage":"de","url":"https:\/\/www.n-town.de\/glubbblog\/wp-content\/uploads\/2019\/08\/75c38cfe-fef3-4c72-a238-4d961fe3e1ba.jpg","contentUrl":"https:\/\/www.n-town.de\/glubbblog\/wp-content\/uploads\/2019\/08\/75c38cfe-fef3-4c72-a238-4d961fe3e1ba.jpg","width":300,"height":169},{"@type":"WebPage","@id":"https:\/\/www.n-town.de\/glubbblog\/index.php\/archives\/glubb-live\/9481-fcn-osnabrueck-10-geis-und-behrens-retten-den-glubb-und-vorerst-auch-canadi.html#webpage","url":"https:\/\/www.n-town.de\/glubbblog\/index.php\/archives\/glubb-live\/9481-fcn-osnabrueck-10-geis-und-behrens-retten-den-glubb-und-vorerst-auch-canadi.html","name":"FCN - Osnabr\u00fcck 1:0! Geis und Behrens retten den Glubb - und vorerst auch Canadi! - Glubb-Blog","isPartOf":{"@id":"https:\/\/www.n-town.de\/glubbblog\/#website"},"primaryImageOfPage":{"@id":"https:\/\/www.n-town.de\/glubbblog\/index.php\/archives\/glubb-live\/9481-fcn-osnabrueck-10-geis-und-behrens-retten-den-glubb-und-vorerst-auch-canadi.html#primaryimage"},"datePublished":"2019-08-25T14:40:33+00:00","dateModified":"2019-08-25T14:40:33+00:00","author":{"@id":"https:\/\/www.n-town.de\/glubbblog\/#\/schema\/person\/23822a94b519ca1de591c4492e0e104e"},"breadcrumb":{"@id":"https:\/\/www.n-town.de\/glubbblog\/index.php\/archives\/glubb-live\/9481-fcn-osnabrueck-10-geis-und-behrens-retten-den-glubb-und-vorerst-auch-canadi.html#breadcrumb"},"inLanguage":"de","potentialAction":[{"@type":"ReadAction","target":["https:\/\/www.n-town.de\/glubbblog\/index.php\/archives\/glubb-live\/9481-fcn-osnabrueck-10-geis-und-behrens-retten-den-glubb-und-vorerst-auch-canadi.html"]}]},{"@type":"BreadcrumbList","@id":"https:\/\/www.n-town.de\/glubbblog\/index.php\/archives\/glubb-live\/9481-fcn-osnabrueck-10-geis-und-behrens-retten-den-glubb-und-vorerst-auch-canadi.html#breadcrumb","itemListElement":[{"@type":"ListItem","position":1,"name":"Home","item":"https:\/\/www.n-town.de\/glubbblog"},{"@type":"ListItem","position":2,"name":"FCN &#8211; Osnabr\u00fcck 1:0! Geis und Behrens retten den Glubb &#8211; und vorerst auch Canadi!"}]},{"@type":"Person","@id":"https:\/\/www.n-town.de\/glubbblog\/#\/schema\/person\/23822a94b519ca1de591c4492e0e104e","name":"Bomber Manolo","image":{"@type":"ImageObject","@id":"https:\/\/www.n-town.de\/glubbblog\/#personlogo","inLanguage":"de","url":"https:\/\/secure.gravatar.com\/avatar\/745e89a5226a55ce3ed5fac4a51dced8?s=96&d=mm&r=g","contentUrl":"https:\/\/secure.gravatar.com\/avatar\/745e89a5226a55ce3ed5fac4a51dced8?s=96&d=mm&r=g","caption":"Bomber Manolo"},"sameAs":["https:\/\/www.n-town.de"],"url":"https:\/\/www.n-town.de\/glubbblog\/index.php\/archives\/author\/andy"}]}},"_links":{"self":[{"href":"https:\/\/www.n-town.de\/glubbblog\/index.php\/wp-json\/wp\/v2\/posts\/9481"}],"collection":[{"href":"https:\/\/www.n-town.de\/glubbblog\/index.php\/wp-json\/wp\/v2\/posts"}],"about":[{"href":"https:\/\/www.n-town.de\/glubbblog\/index.php\/wp-json\/wp\/v2\/types\/post"}],"author":[{"embeddable":true,"href":"https:\/\/www.n-town.de\/glubbblog\/index.php\/wp-json\/wp\/v2\/users\/4"}],"replies":[{"embeddable":true,"href":"https:\/\/www.n-town.de\/glubbblog\/index.php\/wp-json\/wp\/v2\/comments?post=9481"}],"version-history":[{"count":0,"href":"https:\/\/www.n-town.de\/glubbblog\/index.php\/wp-json\/wp\/v2\/posts\/9481\/revisions"}],"wp:attachment":[{"href":"https:\/\/www.n-town.de\/glubbblog\/index.php\/wp-json\/wp\/v2\/media?parent=9481"}],"wp:term":[{"taxonomy":"category","embeddable":true,"href":"https:\/\/www.n-town.de\/glubbblog\/index.php\/wp-json\/wp\/v2\/categories?post=9481"},{"taxonomy":"post_tag","embeddable":true,"href":"https:\/\/www.n-town.de\/glubbblog\/index.php\/wp-json\/wp\/v2\/tags?post=9481"}],"curies":[{"name":"wp","href":"https:\/\/api.w.org\/{rel}","templated":true}]}}